{"id":27360,"date":"2025-05-20T11:13:03","date_gmt":"2025-05-20T14:13:03","guid":{"rendered":"https:\/\/imais.online\/portal\/?p=27360"},"modified":"2025-05-20T11:13:08","modified_gmt":"2025-05-20T14:13:08","slug":"mais-de-53-milhoes-de-eleitores-terao-titulo-cancelado-informa-tse","status":"publish","type":"post","link":"https:\/\/imais.online\/portal\/mais-de-53-milhoes-de-eleitores-terao-titulo-cancelado-informa-tse\/","title":{"rendered":"Mais de 5,3 milh\u00f5es de eleitores ter\u00e3o t\u00edtulo cancelado, informa TSE"},"content":{"rendered":"<div class=\"imais-before-content-placement\" id=\"imais-2938623772\"><script async src=\"\/\/pagead2.googlesyndication.com\/pagead\/js\/adsbygoogle.js?client=ca-pub-8787528412751566\" crossorigin=\"anonymous\"><\/script><ins class=\"adsbygoogle\" style=\"display:block;\" data-ad-client=\"ca-pub-8787528412751566\" \ndata-ad-slot=\"\" \ndata-ad-format=\"auto\"><\/ins>\n<script> \n(adsbygoogle = window.adsbygoogle || []).push({}); \n<\/script>\n<\/div>\n<p class=\"has-text-align-center\">Prazo para regularizar a situa\u00e7\u00e3o do t\u00edtulo se encerrou nesta segunda<\/p>\n\n\n\n<p><strong>O Tribunal Superior Eleitoral (TSE) informou nesta ter\u00e7a-feira (20) que deve cancelar mais de 5,3 milh\u00f5es de t\u00edtulos eleitorais de pessoas que faltaram \u00e0s tr\u00eas \u00faltimas elei\u00e7\u00f5es sem apresentar justificativa ou pagar as multas necess\u00e1rias.<\/strong><img decoding=\"async\" src=\"https:\/\/agenciabrasil.ebc.com.br\/ebc.png?id=1643243&amp;o=node\"><img decoding=\"async\" src=\"https:\/\/agenciabrasil.ebc.com.br\/ebc.gif?id=1643243&amp;o=node\"><\/p>\n\n\n\n<p>O prazo para regularizar a situa\u00e7\u00e3o do t\u00edtulo se encerrou na segunda (19).&nbsp;<strong>Esses eleitores, contudo, ainda t\u00eam uma \u00faltima chance de regularizar sua inscri\u00e7\u00e3o eleitoral<\/strong>. Para isso, \u00e9 necess\u00e1rio comparecer a um cart\u00f3rio eleitoral ou acessar o autoatendimento na internet e fazer um requerimento at\u00e9 29 de maio.<\/p>\n\n\n\n<p>Caber\u00e1 ao ju\u00edzo eleitoral decidir se afasta ou n\u00e3o o cancelamento, baseado na documenta\u00e7\u00e3o anexada ao processo.<\/p>\n\n\n\n<p><strong>O TSE informa ainda que o cancelamento n\u00e3o ser\u00e1 comunicado individualmente. O eleitor pode verificar se teve o t\u00edtulo cancelado consultando sua situa\u00e7\u00e3o eleitoral no site do TSE<\/strong>.<\/p>\n\n\n\n<blockquote class=\"wp-block-quote is-layout-flow wp-block-quote-is-layout-flow\">\n<p>\u201cQuem n\u00e3o tiver quitado seus d\u00e9bitos dever\u00e1 faz\u00ea-lo, mas a quita\u00e7\u00e3o n\u00e3o impedir\u00e1 o cancelamento\u201d, alerta a Justi\u00e7a Eleitoral. \u201cSer\u00e1 necess\u00e1rio, al\u00e9m de pagar os d\u00e9bitos, requerer a regulariza\u00e7\u00e3o do t\u00edtulo\u201d.<\/p>\n<\/blockquote>\n\n\n\n<p><strong>A partir de 30 de maio, quem n\u00e3o tiver tomado nenhuma provid\u00eancia ter\u00e1 o t\u00edtulo cancelado, ficando impedido de votar ou ser votado.<\/strong><\/p>\n","protected":false},"excerpt":{"rendered":"<p>Prazo para regularizar a situa\u00e7\u00e3o do t\u00edtulo se encerrou nesta segunda O Tribunal Superior Eleitoral (TSE) informou nesta ter\u00e7a-feira (20) que deve cancelar mais de 5,3 milh\u00f5es de t\u00edtulos eleitorais de pessoas que faltaram \u00e0s tr\u00eas \u00faltimas elei\u00e7\u00f5es sem apresentar justificativa ou pagar as multas necess\u00e1rias. O prazo para regularizar a situa\u00e7\u00e3o do t\u00edtulo se [&hellip;]<\/p>\n","protected":false},"author":7,"featured_media":27361,"comment_status":"closed","ping_status":"open","sticky":false,"template":"","format":"standard","meta":{"rop_custom_images_group":[],"rop_custom_messages_group":[],"rop_publish_now":"initial","rop_publish_now_accounts":[],"rop_publish_now_history":[],"rop_publish_now_status":"pending","footnotes":""},"categories":[189,233],"tags":[73],"class_list":["post-27360","post","type-post","status-publish","format-standard","has-post-thumbnail","hentry","category-brasil","category-eleicoes","tag-featured"],"amp_enabled":true,"_links":{"self":[{"href":"https:\/\/imais.online\/portal\/wp-json\/wp\/v2\/posts\/27360","targetHints":{"allow":["GET"]}}],"collection":[{"href":"https:\/\/imais.online\/portal\/wp-json\/wp\/v2\/posts"}],"about":[{"href":"https:\/\/imais.online\/portal\/wp-json\/wp\/v2\/types\/post"}],"author":[{"embeddable":true,"href":"https:\/\/imais.online\/portal\/wp-json\/wp\/v2\/users\/7"}],"replies":[{"embeddable":true,"href":"https:\/\/imais.online\/portal\/wp-json\/wp\/v2\/comments?post=27360"}],"version-history":[{"count":1,"href":"https:\/\/imais.online\/portal\/wp-json\/wp\/v2\/posts\/27360\/revisions"}],"predecessor-version":[{"id":27362,"href":"https:\/\/imais.online\/portal\/wp-json\/wp\/v2\/posts\/27360\/revisions\/27362"}],"wp:featuredmedia":[{"embeddable":true,"href":"https:\/\/imais.online\/portal\/wp-json\/wp\/v2\/media\/27361"}],"wp:attachment":[{"href":"https:\/\/imais.online\/portal\/wp-json\/wp\/v2\/media?parent=27360"}],"wp:term":[{"taxonomy":"category","embeddable":true,"href":"https:\/\/imais.online\/portal\/wp-json\/wp\/v2\/categories?post=27360"},{"taxonomy":"post_tag","embeddable":true,"href":"https:\/\/imais.online\/portal\/wp-json\/wp\/v2\/tags?post=27360"}],"curies":[{"name":"wp","href":"https:\/\/api.w.org\/{rel}","templated":true}]}}