{"id":27363,"date":"2025-05-20T11:17:02","date_gmt":"2025-05-20T14:17:02","guid":{"rendered":"https:\/\/imais.online\/portal\/?p=27363"},"modified":"2025-05-20T11:17:03","modified_gmt":"2025-05-20T14:17:03","slug":"governo-de-sp-anuncia-repasse-inedito-para-acoes-de-assistencia-social","status":"publish","type":"post","link":"https:\/\/imais.online\/portal\/governo-de-sp-anuncia-repasse-inedito-para-acoes-de-assistencia-social\/","title":{"rendered":"Governo de SP anuncia repasse in\u00e9dito para a\u00e7\u00f5es de assist\u00eancia social"},"content":{"rendered":"<div class=\"imais-before-content-placement\" id=\"imais-2877791266\"><script async src=\"\/\/pagead2.googlesyndication.com\/pagead\/js\/adsbygoogle.js?client=ca-pub-8787528412751566\" crossorigin=\"anonymous\"><\/script><ins class=\"adsbygoogle\" style=\"display:block;\" data-ad-client=\"ca-pub-8787528412751566\" \ndata-ad-slot=\"\" \ndata-ad-format=\"auto\"><\/ins>\n<script> \n(adsbygoogle = window.adsbygoogle || []).push({}); \n<\/script>\n<\/div>\n<p class=\"has-text-align-center\">Recurso representa aumento de 62,5% no cofinanciamento aos munic\u00edpios para pol\u00edticas voltadas \u00e0s pessoas em situa\u00e7\u00e3o de vulnerabilidade<\/p>\n\n\n\n<p>O Governo de S\u00e3o Paulo anuncia nesta ter\u00e7a-feira (20) um repasse extra de R$ 150 milh\u00f5es aos 645 munic\u00edpios do estado para fortalecimento das pol\u00edticas p\u00fablicas de assist\u00eancia social. O valor representa um aumento de 62,5% dos investimentos j\u00e1 realizados pelo Estado para o cofinanciamento de programas de prote\u00e7\u00e3o social dos munic\u00edpios. O montante \u00e9 recorde e supera as previs\u00f5es estabelecidas no Plano Estadual de Assist\u00eancia Social.<\/p>\n\n\n\n<p>\u201cO nosso compromisso \u00e9 cuidar de quem mais precisa e garantir assist\u00eancia para as pessoas em situa\u00e7\u00e3o de vulnerabilidade. Este repasse \u00e9 uma parte importante de um conjunto de iniciativas que estamos desenvolvendo para superar a pobreza em nosso estado e oferecer condi\u00e7\u00f5es para emancipa\u00e7\u00e3o das pessoas\u201d, destaca o governador Tarc\u00edsio de Freitas.<\/p>\n\n\n\n<p>A gest\u00e3o estadual repassa atualmente R$ 240 milh\u00f5es para que os munic\u00edpios ampliem, modernizem e qualifiquem suas estruturas de atendimento socioassistencial. A iniciativa busca n\u00e3o apenas melhorar a oferta de servi\u00e7os, mas tamb\u00e9m fortalecer a gest\u00e3o t\u00e9cnica, administrativa e financeira dos munic\u00edpios no \u00e2mbito do Sistema \u00danico da Assist\u00eancia Social (SUAS). Com o aporte extra, as prefeituras ter\u00e3o um repasse anual de R$ 390 milh\u00f5es para estas a\u00e7\u00f5es.<\/p>\n\n\n\n<p>\u201cEsse aumento \u00e9 bastante significativo e reflete o comprometimento do Governo de SP em apoiar diretamente as prefeituras, que s\u00e3o parceiras fundamentais na oferta de servi\u00e7os e programas de prote\u00e7\u00e3o social \u00e0 popula\u00e7\u00e3o em situa\u00e7\u00e3o de vulnerabilidade\u201d, afirma a secret\u00e1ria de Desenvolvimento Social, Andrezza Rosal\u00e9m.<\/p>\n\n\n\n<p>O cofinanciamento \u00e9 um mecanismo essencial para a manuten\u00e7\u00e3o de servi\u00e7os como os Centros de Refer\u00eancia de Assist\u00eancia Social (CRAS), Centros de Refer\u00eancia Especializados (CREAS), Servi\u00e7o de Prote\u00e7\u00e3o e Atendimento Integral \u00e0 Fam\u00edlia (PAIF), Servi\u00e7o de Prote\u00e7\u00e3o Social B\u00e1sica no domic\u00edlio para pessoas com defici\u00eancia e idosas, abrigos e programas de acolhimento, entre outros.<\/p>\n","protected":false},"excerpt":{"rendered":"<p>Recurso representa aumento de 62,5% no cofinanciamento aos munic\u00edpios para pol\u00edticas voltadas \u00e0s pessoas em situa\u00e7\u00e3o de vulnerabilidade O Governo de S\u00e3o Paulo anuncia nesta ter\u00e7a-feira (20) um repasse extra de R$ 150 milh\u00f5es aos 645 munic\u00edpios do estado para fortalecimento das pol\u00edticas p\u00fablicas de assist\u00eancia social. O valor representa um aumento de 62,5% dos [&hellip;]<\/p>\n","protected":false},"author":7,"featured_media":27364,"comment_status":"closed","ping_status":"open","sticky":false,"template":"","format":"standard","meta":{"rop_custom_images_group":[],"rop_custom_messages_group":[],"rop_publish_now":"initial","rop_publish_now_accounts":[],"rop_publish_now_history":[],"rop_publish_now_status":"pending","footnotes":""},"categories":[195],"tags":[],"class_list":["post-27363","post","type-post","status-publish","format-standard","has-post-thumbnail","hentry","category-sao-paulo"],"amp_enabled":true,"_links":{"self":[{"href":"https:\/\/imais.online\/portal\/wp-json\/wp\/v2\/posts\/27363","targetHints":{"allow":["GET"]}}],"collection":[{"href":"https:\/\/imais.online\/portal\/wp-json\/wp\/v2\/posts"}],"about":[{"href":"https:\/\/imais.online\/portal\/wp-json\/wp\/v2\/types\/post"}],"author":[{"embeddable":true,"href":"https:\/\/imais.online\/portal\/wp-json\/wp\/v2\/users\/7"}],"replies":[{"embeddable":true,"href":"https:\/\/imais.online\/portal\/wp-json\/wp\/v2\/comments?post=27363"}],"version-history":[{"count":1,"href":"https:\/\/imais.online\/portal\/wp-json\/wp\/v2\/posts\/27363\/revisions"}],"predecessor-version":[{"id":27365,"href":"https:\/\/imais.online\/portal\/wp-json\/wp\/v2\/posts\/27363\/revisions\/27365"}],"wp:featuredmedia":[{"embeddable":true,"href":"https:\/\/imais.online\/portal\/wp-json\/wp\/v2\/media\/27364"}],"wp:attachment":[{"href":"https:\/\/imais.online\/portal\/wp-json\/wp\/v2\/media?parent=27363"}],"wp:term":[{"taxonomy":"category","embeddable":true,"href":"https:\/\/imais.online\/portal\/wp-json\/wp\/v2\/categories?post=27363"},{"taxonomy":"post_tag","embeddable":true,"href":"https:\/\/imais.online\/portal\/wp-json\/wp\/v2\/tags?post=27363"}],"curies":[{"name":"wp","href":"https:\/\/api.w.org\/{rel}","templated":true}]}}