{"id":27388,"date":"2025-05-22T09:36:06","date_gmt":"2025-05-22T12:36:06","guid":{"rendered":"https:\/\/imais.online\/portal\/?p=27388"},"modified":"2025-05-22T09:36:07","modified_gmt":"2025-05-22T12:36:07","slug":"plaza-shopping-itu-e-natureza-conecta-promovem-experiencias-sensoriais-com-caes-terapeutas-e-oficinas-infantis","status":"publish","type":"post","link":"https:\/\/imais.online\/portal\/plaza-shopping-itu-e-natureza-conecta-promovem-experiencias-sensoriais-com-caes-terapeutas-e-oficinas-infantis\/","title":{"rendered":"Plaza Shopping Itu e Natureza Conecta promovem experi\u00eancias sensoriais com c\u00e3es terapeutas e oficinas infantis"},"content":{"rendered":"<div class=\"imais-before-content-placement\" id=\"imais-1093453540\"><script async src=\"\/\/pagead2.googlesyndication.com\/pagead\/js\/adsbygoogle.js?client=ca-pub-8787528412751566\" crossorigin=\"anonymous\"><\/script><ins class=\"adsbygoogle\" style=\"display:block;\" data-ad-client=\"ca-pub-8787528412751566\" \ndata-ad-slot=\"\" \ndata-ad-format=\"auto\"><\/ins>\n<script> \n(adsbygoogle = window.adsbygoogle || []).push({}); \n<\/script>\n<\/div>\n<p class=\"has-text-align-center\"><em>Atra\u00e7\u00e3o acontecer\u00e1 de quinta-feira a domingo, at\u00e9 dia 8 de junho.<\/em><\/p>\n\n\n\n<p>Em uma iniciativa in\u00e9dita com a Natureza Conecta, o&nbsp;<strong>Plaza Shopping Itu<\/strong>&nbsp;recebe um espa\u00e7o que \u00e9 uma verdadeira extens\u00e3o da fazenda da organiza\u00e7\u00e3o social -refer\u00eancia no tratamento terap\u00eautico com animais para crian\u00e7as e adolescentes em situa\u00e7\u00e3o de vulnerabilidade.<\/p>\n\n\n\n<p>At\u00e9 o dia 8 de junho, de quinta a domingo, os visitantes do empreendimento poder\u00e3o vivenciar na pr\u00e1tica o contato com os animais em uma \u00e1rea exclusiva na Pra\u00e7a de Eventos, onde tamb\u00e9m haver\u00e1 pain\u00e9is visuais de fotos, v\u00eddeos do cotidiano com os pets e depoimentos de transforma\u00e7\u00e3o vividos por quem j\u00e1 participou das atividades. \u00c9 uma oportunidade para ver, sentir e compreender como a presen\u00e7a e o v\u00ednculo com os animais, especialmente os c\u00e3es, podem ser catalisadores potentes de escuta, afeto e reintegra\u00e7\u00e3o social.<\/p>\n\n\n\n<p>Durante a programa\u00e7\u00e3o, o p\u00fablico poder\u00e1 participar de oficinas pedag\u00f3gicas e atividades interativas com os c\u00e3es terapeutas que integram o projeto. As experi\u00eancias foram cuidadosamente planejadas para aproximar o p\u00fablico da metodologia utilizada semanalmente pela equipe da organiza\u00e7\u00e3o.<\/p>\n\n\n\n<p>\u201cBuscamos sempre apresentar iniciativas que unam o entretenimento com o engajamento social, assim, de forma divertida e interativa, toda a fam\u00edlia poder\u00e1 conhecer mais sobre o Natureza Conecta no ambiente em que j\u00e1 frequenta, o shopping\u201d, registra Edgar Silveira, gerente de marketing do&nbsp;<strong>Plaza Shopping Itu<\/strong>.<\/p>\n\n\n\n<p>O objetivo \u00e9 proporcionar uma viv\u00eancia imersiva do impacto que os animais podem ter na sa\u00fade emocional e no desenvolvimento humano. \u201cQueremos que cada pessoa que passar pelo espa\u00e7o sinta o que acontece quando algu\u00e9m invis\u00edvel aos olhos do mundo encontra um olhar verdadeiro de um animal. Levar isso ao shopping \u00e9 mais do que divulgar nosso trabalho, \u00e9 um convite para tocar e ser tocado por algo essencialmente humano\u201d, afirma Daniela Gurgel, m\u00e9dica veterin\u00e1ria e idealizadora da Natureza Conecta.<\/p>\n\n\n\n<p><strong>Natureza Conecta no Plaza Shopping Itu<\/strong><\/p>\n\n\n\n<p>Atra\u00e7\u00e3o aberta ao p\u00fablico e gratuita<\/p>\n\n\n\n<p>Quando: de quinta-feira a domingo, at\u00e9 dia 8 de junho<\/p>\n\n\n\n<p>Hor\u00e1rio: quintas e sextas das 16h \u00e0s 20h, s\u00e1bados e domingos das 14h \u00e0s 18h<br>Local: Pra\u00e7a de Eventos<\/p>\n\n\n\n<p>Site:&nbsp;<a href=\"http:\/\/www.plazashoppingitu.com.br\/\">www.plazashoppingitu.com.br<\/a><\/p>\n\n\n\n<p>Redes sociais: @plazashoppingitu<\/p>\n\n\n\n<p>Endere\u00e7o: Avenida Doutor Ermelindo Maffei, 1.199, no Jardim Para\u00edso, em Itu, S\u00e3o Paulo<\/p>\n\n\n\n<p><strong>Sobre a Natureza Conecta<\/strong><\/p>\n\n\n\n<p>A Natureza Conecta \u00e9 uma organiza\u00e7\u00e3o social que combate a exclus\u00e3o e promove sa\u00fade mental e inclus\u00e3o por meio da terapia assistida por animais. Atendendo crian\u00e7as e adolescentes em situa\u00e7\u00e3o de extrema vulnerabilidade, incluindo jovens em cumprimento de medidas socioeducativas, a organiza\u00e7\u00e3o une educa\u00e7\u00e3o, cuidado emocional e v\u00ednculo humano-animal para transformar hist\u00f3rias de vida. Mais informa\u00e7\u00f5es pelo site&nbsp;<a href=\"http:\/\/www.naturezaconecta.org\/\">www.naturezaconecta.org<\/a>&nbsp;e rede social @_naturezaconecta.<\/p>\n","protected":false},"excerpt":{"rendered":"<p>Atra\u00e7\u00e3o acontecer\u00e1 de quinta-feira a domingo, at\u00e9 dia 8 de junho. Em uma iniciativa in\u00e9dita com a Natureza Conecta, o&nbsp;Plaza Shopping Itu&nbsp;recebe um espa\u00e7o que \u00e9 uma verdadeira extens\u00e3o da fazenda da organiza\u00e7\u00e3o social -refer\u00eancia no tratamento terap\u00eautico com animais para crian\u00e7as e adolescentes em situa\u00e7\u00e3o de vulnerabilidade. At\u00e9 o dia 8 de junho, de [&hellip;]<\/p>\n","protected":false},"author":7,"featured_media":27390,"comment_status":"closed","ping_status":"open","sticky":false,"template":"","format":"standard","meta":{"rop_custom_images_group":[],"rop_custom_messages_group":[],"rop_publish_now":"initial","rop_publish_now_accounts":[],"rop_publish_now_history":[],"rop_publish_now_status":"pending","footnotes":""},"categories":[271],"tags":[],"class_list":["post-27388","post","type-post","status-publish","format-standard","has-post-thumbnail","hentry","category-itu"],"amp_enabled":true,"_links":{"self":[{"href":"https:\/\/imais.online\/portal\/wp-json\/wp\/v2\/posts\/27388","targetHints":{"allow":["GET"]}}],"collection":[{"href":"https:\/\/imais.online\/portal\/wp-json\/wp\/v2\/posts"}],"about":[{"href":"https:\/\/imais.online\/portal\/wp-json\/wp\/v2\/types\/post"}],"author":[{"embeddable":true,"href":"https:\/\/imais.online\/portal\/wp-json\/wp\/v2\/users\/7"}],"replies":[{"embeddable":true,"href":"https:\/\/imais.online\/portal\/wp-json\/wp\/v2\/comments?post=27388"}],"version-history":[{"count":1,"href":"https:\/\/imais.online\/portal\/wp-json\/wp\/v2\/posts\/27388\/revisions"}],"predecessor-version":[{"id":27391,"href":"https:\/\/imais.online\/portal\/wp-json\/wp\/v2\/posts\/27388\/revisions\/27391"}],"wp:featuredmedia":[{"embeddable":true,"href":"https:\/\/imais.online\/portal\/wp-json\/wp\/v2\/media\/27390"}],"wp:attachment":[{"href":"https:\/\/imais.online\/portal\/wp-json\/wp\/v2\/media?parent=27388"}],"wp:term":[{"taxonomy":"category","embeddable":true,"href":"https:\/\/imais.online\/portal\/wp-json\/wp\/v2\/categories?post=27388"},{"taxonomy":"post_tag","embeddable":true,"href":"https:\/\/imais.online\/portal\/wp-json\/wp\/v2\/tags?post=27388"}],"curies":[{"name":"wp","href":"https:\/\/api.w.org\/{rel}","templated":true}]}}