{"id":2743,"date":"2021-11-01T10:18:29","date_gmt":"2021-11-01T13:18:29","guid":{"rendered":"https:\/\/imais.online\/portal\/?p=2743"},"modified":"2021-11-01T10:18:30","modified_gmt":"2021-11-01T13:18:30","slug":"mutirao-nacional-de-renegociacao-de-dividas-comeca-hoje","status":"publish","type":"post","link":"https:\/\/imais.online\/portal\/mutirao-nacional-de-renegociacao-de-dividas-comeca-hoje\/","title":{"rendered":"Mutir\u00e3o nacional de renegocia\u00e7\u00e3o de d\u00edvidas come\u00e7a hoje"},"content":{"rendered":"<div class=\"imais-before-content-placement\" id=\"imais-3076664414\"><script async src=\"\/\/pagead2.googlesyndication.com\/pagead\/js\/adsbygoogle.js?client=ca-pub-8787528412751566\" crossorigin=\"anonymous\"><\/script><ins class=\"adsbygoogle\" style=\"display:block;\" data-ad-client=\"ca-pub-8787528412751566\" \ndata-ad-slot=\"\" \ndata-ad-format=\"auto\"><\/ins>\n<script> \n(adsbygoogle = window.adsbygoogle || []).push({}); \n<\/script>\n<\/div>\n<h3 class=\"has-text-align-center wp-block-heading\">Iniciativa \u00e9 de \u00f3rg\u00e3os federais e da Febraban<\/h3>\n\n\n\n<p>De&nbsp;hoje&nbsp;(1\u00ba) at\u00e9&nbsp;30 de novembro, pessoas f\u00edsicas com d\u00edvidas em atraso poder\u00e3o renegociar os d\u00e9bitos no Mutir\u00e3o Nacional de Negocia\u00e7\u00e3o de D\u00edvidas e Orienta\u00e7\u00e3o Financeira. Promovida pela Federa\u00e7\u00e3o Brasileira dos Bancos (Febraban), pelo Banco Central, pela Secretaria Nacional do Consumidor do Minist\u00e9rio da Justi\u00e7a e pelo Senado, a iniciativa tamb\u00e9m promover\u00e1 cursos de educa\u00e7\u00e3o financeira.<img decoding=\"async\" src=\"https:\/\/agenciabrasil.ebc.com.br\/ebc.png?id=1426218&amp;o=node\"><img decoding=\"async\" src=\"https:\/\/agenciabrasil.ebc.com.br\/ebc.gif?id=1426218&amp;o=node\"><\/p>\n\n\n\n<p>Os interessados devem fazer o registro no&nbsp;<em>site<\/em>&nbsp;consumidor.gov.br, criado&nbsp;pela Senacon e com a ades\u00e3o de mais de 160 institui\u00e7\u00f5es financeiras. Ap\u00f3s concluir o registro, o devedor deve escolher a institui\u00e7\u00e3o com a qual deseja negociar, relatar o problema e fazer o pedido. O banco ou a financeira tem at\u00e9 10 dias para analisar a requisi\u00e7\u00e3o e apresentar uma proposta.<\/p>\n\n\n\n<p>A novidade desta edi\u00e7\u00e3o est\u00e1 no desenvolvimento de um&nbsp;<em>sit<\/em>e espec\u00edfico para o devedor preparar a negocia\u00e7\u00e3o. No endere\u00e7o&nbsp;<a href=\"https:\/\/mutirao.febraban.org.br\/\" target=\"_blank\" rel=\"noreferrer noopener\">mutirao.febraban.org.br<\/a>, \u00e9 poss\u00edvel pegar orienta\u00e7\u00f5es antes de inserir a proposta na plataforma da Senacon. Entre as informa\u00e7\u00f5es que podem ser obtidas na p\u00e1gina est\u00e3o a lista das d\u00edvidas, quando vale a pena participar do mutir\u00e3o e a parcela do or\u00e7amento que pode ser destinada ao pagamento das d\u00edvidas.<\/p>\n\n\n\n<p>A p\u00e1gina da Febraban tamb\u00e9m tem um link para o Registrato, sistema do Banco Central que divulga um extrato das informa\u00e7\u00f5es de uma pessoa com institui\u00e7\u00f5es financeiras, inclusive a<a href=\"https:\/\/agenciabrasil.ebc.com.br\/geral\/noticia\/2021-02\/agencia-brasil-explica-como-saber-se-cpf-foi-usado-por-terceiros\" target=\"_blank\" rel=\"noreferrer noopener\">&nbsp;lista de d\u00edvidas<\/a>&nbsp;em seu nome. O&nbsp;<em>site<\/em>&nbsp;tamb\u00e9m fornece o \u00cdndice de Sa\u00fade Financeira (ISF) de cada devedor.<\/p>\n\n\n\n<h2 class=\"wp-block-heading\">Educa\u00e7\u00e3o financeira<\/h2>\n\n\n\n<p>Segundo a Febraban, o foco na educa\u00e7\u00e3o financeira representa um dos principais diferenciais do mutir\u00e3o deste ano. O objetivo \u00e9 preparar os consumidores para a negocia\u00e7\u00e3o em si, evitando que o usu\u00e1rio chegue em desvantagem na hora de lidar com as institui\u00e7\u00f5es financeiras e reduzindo o risco de reincid\u00eancia dos devedores.<\/p>\n\n\n\n<p>Poder\u00e3o fazer parte do mutir\u00e3o d\u00edvidas sem bens dados em garantia, que estejam em atraso e em nome de uma pessoa natural e tenham sido contra\u00eddas de bancos ou financeiras. Segundo o Banco Central, o acordo de coopera\u00e7\u00e3o t\u00e9cnica entre o \u00f3rg\u00e3o e a Febraban para desenvolver a\u00e7\u00f5es coordenadas de educa\u00e7\u00e3o financeira integra a Agenda BC#, lista com as prioridades e as estrat\u00e9gias da autoridade monet\u00e1ria.<\/p>\n\n\n\n<p>Por Wellton M\u00e1ximo<\/p>\n","protected":false},"excerpt":{"rendered":"<p>Iniciativa \u00e9 de \u00f3rg\u00e3os federais e da Febraban De&nbsp;hoje&nbsp;(1\u00ba) at\u00e9&nbsp;30 de novembro, pessoas f\u00edsicas com d\u00edvidas em atraso poder\u00e3o renegociar os d\u00e9bitos no Mutir\u00e3o Nacional de Negocia\u00e7\u00e3o de D\u00edvidas e Orienta\u00e7\u00e3o Financeira. Promovida pela Federa\u00e7\u00e3o Brasileira dos Bancos (Febraban), pelo Banco Central, pela Secretaria Nacional do Consumidor do Minist\u00e9rio da Justi\u00e7a e pelo Senado, a [&hellip;]<\/p>\n","protected":false},"author":8,"featured_media":2744,"comment_status":"closed","ping_status":"open","sticky":false,"template":"","format":"standard","meta":{"rop_custom_images_group":[],"rop_custom_messages_group":[],"rop_publish_now":"initial","rop_publish_now_accounts":[],"rop_publish_now_history":[],"rop_publish_now_status":"pending","footnotes":""},"categories":[192],"tags":[],"class_list":["post-2743","post","type-post","status-publish","format-standard","has-post-thumbnail","hentry","category-economia"],"amp_enabled":true,"_links":{"self":[{"href":"https:\/\/imais.online\/portal\/wp-json\/wp\/v2\/posts\/2743","targetHints":{"allow":["GET"]}}],"collection":[{"href":"https:\/\/imais.online\/portal\/wp-json\/wp\/v2\/posts"}],"about":[{"href":"https:\/\/imais.online\/portal\/wp-json\/wp\/v2\/types\/post"}],"author":[{"embeddable":true,"href":"https:\/\/imais.online\/portal\/wp-json\/wp\/v2\/users\/8"}],"replies":[{"embeddable":true,"href":"https:\/\/imais.online\/portal\/wp-json\/wp\/v2\/comments?post=2743"}],"version-history":[{"count":1,"href":"https:\/\/imais.online\/portal\/wp-json\/wp\/v2\/posts\/2743\/revisions"}],"predecessor-version":[{"id":2745,"href":"https:\/\/imais.online\/portal\/wp-json\/wp\/v2\/posts\/2743\/revisions\/2745"}],"wp:featuredmedia":[{"embeddable":true,"href":"https:\/\/imais.online\/portal\/wp-json\/wp\/v2\/media\/2744"}],"wp:attachment":[{"href":"https:\/\/imais.online\/portal\/wp-json\/wp\/v2\/media?parent=2743"}],"wp:term":[{"taxonomy":"category","embeddable":true,"href":"https:\/\/imais.online\/portal\/wp-json\/wp\/v2\/categories?post=2743"},{"taxonomy":"post_tag","embeddable":true,"href":"https:\/\/imais.online\/portal\/wp-json\/wp\/v2\/tags?post=2743"}],"curies":[{"name":"wp","href":"https:\/\/api.w.org\/{rel}","templated":true}]}}