{"id":27431,"date":"2025-05-26T16:37:14","date_gmt":"2025-05-26T19:37:14","guid":{"rendered":"https:\/\/imais.online\/portal\/?p=27431"},"modified":"2025-05-26T16:37:16","modified_gmt":"2025-05-26T19:37:16","slug":"vestibular-das-fatecs-inscricoes-estao-abertas-ate-6-de-junho","status":"publish","type":"post","link":"https:\/\/imais.online\/portal\/vestibular-das-fatecs-inscricoes-estao-abertas-ate-6-de-junho\/","title":{"rendered":"Vestibular das Fatecs: inscri\u00e7\u00f5es est\u00e3o abertas at\u00e9 6 de junho"},"content":{"rendered":"<div class=\"imais-before-content-placement\" id=\"imais-1150089672\"><script async src=\"\/\/pagead2.googlesyndication.com\/pagead\/js\/adsbygoogle.js?client=ca-pub-8787528412751566\" crossorigin=\"anonymous\"><\/script><ins class=\"adsbygoogle\" style=\"display:block;\" data-ad-client=\"ca-pub-8787528412751566\" \ndata-ad-slot=\"\" \ndata-ad-format=\"auto\"><\/ins>\n<script> \n(adsbygoogle = window.adsbygoogle || []).push({}); \n<\/script>\n<\/div>\n<p class=\"has-text-align-center\">Candidatos devem se inscrever pelo site; faculdades de tecnologia oferecem mais de 90 op\u00e7\u00f5es em cursos superiores gratuitos em SP<\/p>\n\n\n\n<p>O&nbsp;<a href=\"https:\/\/www.cps.sp.gov.br\/\" target=\"_blank\" rel=\"noreferrer noopener\">Centro Paula Souza (CPS)<\/a>&nbsp;est\u00e1 com inscri\u00e7\u00f5es abertas para o Vestibular das Faculdades de Tecnologia do Estado de S\u00e3o Paulo (Fatecs) do segundo semestre de 2025. O valor da taxa de inscri\u00e7\u00e3o \u00e9 de R$ 50. A prova ser\u00e1 aplicada no dia 29 de junho. O processo seletivo oferece 12.550 vagas para cursos superiores de tecnologia presenciais e a dist\u00e2ncia, gratuitos, distribu\u00eddas pelas 82 unidades do estado de S\u00e3o Paulo. As inscri\u00e7\u00f5es devem ser feitas pelo site:&nbsp;<a href=\"http:\/\/vestibular.fatec.sp.gov.br\/\" target=\"_blank\" rel=\"noreferrer noopener\">vestibular.fatec.sp.gov.br<\/a>.<\/p>\n\n\n\n<p>Para concorrer a uma das vagas do Vestibular das Fatecs, o candidato precisa ter conclu\u00eddo ou estar cursando o Ensino M\u00e9dio ou equivalente, desde que no ato da matr\u00edcula, comprove a conclus\u00e3o do curso.<\/p>\n\n\n\n<p>Somadas \u00e0s 12.550 vagas do Vestibular, as Fatecs oferecem outras 7.470 aos candidatos do Prov\u00e3o Paulista, totalizando 20.020 vagas para o segundo semestre de 2025. As informa\u00e7\u00f5es sobre cursos, vagas, per\u00edodos e unidades participantes est\u00e3o dispon\u00edveis no site do processo seletivo.<\/p>\n\n\n\n<p>A novidade para o segundo semestre \u00e9 o in\u00edcio das atividades da Fatec de Ol\u00edmpia. O munic\u00edpio passar\u00e1 a contar com os cursos de Desenvolvimento de Software Multiplataforma e Gest\u00e3o de Turismo, ambos com 40 vagas, no per\u00edodo noturno.<\/p>\n\n\n\n<h2 class=\"wp-block-heading\">Inscri\u00e7\u00f5es<\/h2>\n\n\n\n<p>A inscri\u00e7\u00e3o para o Vestibular das Fatecs deve ser feita exclusivamente pela internet, at\u00e9 as 15 horas do dia 6 de junho. O interessado deve preencher a ficha, o question\u00e1rio socioecon\u00f4mico e pagar a taxa, conforme orienta\u00e7\u00f5es dispon\u00edveis no Manual do Candidato e na Portaria do Vestibular.<\/p>\n\n\n\n<p>No momento da inscri\u00e7\u00e3o, \u00e9 poss\u00edvel escolher um curso em primeira op\u00e7\u00e3o. Caso haja interesse, o candidato pode optar por outro, em qualquer Fatec e per\u00edodo. O interessado pode realizar mais de uma inscri\u00e7\u00e3o, desde que pague a taxa correspondente para cada uma.<\/p>\n\n\n\n<p>O Centro Paula Souza oferece isen\u00e7\u00e3o total e redu\u00e7\u00e3o de 50% no valor da taxa de inscri\u00e7\u00e3o. O pedido deve ser feito entre os dias 7 e 22 de abril, tamb\u00e9m pelo site do processo seletivo. O interessado dever\u00e1 indicar se pretende obter isen\u00e7\u00e3o, redu\u00e7\u00e3o da taxa ou os dois benef\u00edcios. \u00c9 importante ficar atento \u00e0s informa\u00e7\u00f5es solicitadas e anexar os documentos comprobat\u00f3rios.<\/p>\n\n\n\n<p>As Fatecs disponibilizam computador e acesso \u00e0 internet a quem quiser fazer a inscri\u00e7\u00e3o. Cabe ao interessado entrar em contato com a unidade para saber data e hor\u00e1rio de atendimento.<\/p>\n\n\n\n<h2 class=\"wp-block-heading\">Inclus\u00e3o<\/h2>\n\n\n\n<p>O Sistema de Pontua\u00e7\u00e3o Acrescida do CPS concede acr\u00e9scimo de pontos \u00e0 nota final do exame, sendo 3% a afrodescendentes e 10% a quem tenha cursado o Ensino M\u00e9dio integralmente na rede p\u00fablica. Quem estiver nas duas situa\u00e7\u00f5es, recebe 13% de b\u00f4nus.<\/p>\n\n\n\n<p>O candidato deve verificar na portaria se tem direito \u00e0 pontua\u00e7\u00e3o acrescida porque a matr\u00edcula n\u00e3o poder\u00e1 ser efetuada e a vaga ser\u00e1 perdida se as informa\u00e7\u00f5es n\u00e3o atenderem \u00e0s condi\u00e7\u00f5es estabelecidas em sua totalidade.<\/p>\n\n\n\n<p>O candidato com defici\u00eancia ou que necessite de condi\u00e7\u00f5es especiais para fazer a prova deve incluir essa informa\u00e7\u00e3o na ficha de inscri\u00e7\u00e3o eletr\u00f4nica, al\u00e9m de encaminhar o laudo m\u00e9dico, emitido por especialista, descrevendo o tipo e o grau da necessidade, por meio de link espec\u00edfico na \u2018\u00c1rea do Candidato\u2019, impreterivelmente, at\u00e9 as 15 horas do dia 6 de junho. \u00c9 poss\u00edvel solicitar atendimento diferenciado, como prova em braille ou ampliada, int\u00e9rprete de libras ou local adaptado para fazer o exame. Tamb\u00e9m podem pedir condi\u00e7\u00f5es especiais candidatos de unidades prisionais e candidatas em fase de amamenta\u00e7\u00e3o.<\/p>\n\n\n\n<p>O candidato transg\u00eanero que deseja ser tratado pelo nome social deve prestar essa informa\u00e7\u00e3o no ato da inscri\u00e7\u00e3o, no campo espec\u00edfico. N\u00e3o ser\u00e1 poss\u00edvel solicitar a inclus\u00e3o posteriormente. Tamb\u00e9m \u00e9 preciso enviar, durante o preenchimento da ficha, via upload, imagem do RG (frente e verso) e uma foto 3\u00d74 recente. \u00c9 de inteira responsabilidade do interessado o correto preenchimento da ficha de inscri\u00e7\u00e3o, o envio de documentos e o cumprimento dos prazos estipulados.<\/p>\n\n\n\n<p><strong>LEIA TAMB\u00c9M:&nbsp;<a href=\"https:\/\/www.agenciasp.sp.gov.br\/consultoria-gratuita-para-irpf-2025\/\">Imposto de Renda 2025: consultoria gratuita continua nas Etecs e Fatecs de SP<\/a><\/strong><\/p>\n\n\n\n<h2 class=\"wp-block-heading\">Confira as principais datas do calend\u00e1rio do Vestibular das Fatecs para o segundo semestre de 2025:<\/h2>\n\n\n\n<ul class=\"wp-block-list\">\n<li><strong>7 de abril a 6 de junho, at\u00e9 as 15h:<\/strong>&nbsp;per\u00edodo de inscri\u00e7\u00f5es para o Vestibular<\/li>\n\n\n\n<li><strong>25 de junho, a partir das 17h:&nbsp;<\/strong>divulga\u00e7\u00e3o dos locais de prova<\/li>\n\n\n\n<li><strong>29 de junho, \u00e0s 13h:<\/strong>&nbsp;prova do Vestibular das Fatecs<\/li>\n\n\n\n<li><strong>14 de julho, a partir das 15h:&nbsp;<\/strong>publica\u00e7\u00e3o da classifica\u00e7\u00e3o geral e primeira chamada para matr\u00edcula<\/li>\n\n\n\n<li><strong>15 a 17 de julho:&nbsp;<\/strong>matr\u00edcula da primeira chamada<\/li>\n\n\n\n<li>2<strong>2 de julho, a partir das 15h:&nbsp;<\/strong>segunda chamada<\/li>\n\n\n\n<li><strong>23 e 24 de julho:&nbsp;<\/strong>matr\u00edcula da segunda chamada<\/li>\n<\/ul>\n\n\n\n<p>Outras informa\u00e7\u00f5es pelos telefones: (11) 3471-4103 (Capital e Grande S\u00e3o Paulo), 0800-596-9696 (demais localidades) ou pelo site:&nbsp;<a href=\"http:\/\/vestibular.fatec.sp.gov.br\/\" target=\"_blank\" rel=\"noreferrer noopener\">vestibular.fatec.sp.gov.br<\/a>.<\/p>\n","protected":false},"excerpt":{"rendered":"<p>Candidatos devem se inscrever pelo site; faculdades de tecnologia oferecem mais de 90 op\u00e7\u00f5es em cursos superiores gratuitos em SP O&nbsp;Centro Paula Souza (CPS)&nbsp;est\u00e1 com inscri\u00e7\u00f5es abertas para o Vestibular das Faculdades de Tecnologia do Estado de S\u00e3o Paulo (Fatecs) do segundo semestre de 2025. O valor da taxa de inscri\u00e7\u00e3o \u00e9 de R$ 50. [&hellip;]<\/p>\n","protected":false},"author":7,"featured_media":27432,"comment_status":"closed","ping_status":"open","sticky":false,"template":"","format":"standard","meta":{"rop_custom_images_group":[],"rop_custom_messages_group":[],"rop_publish_now":"initial","rop_publish_now_accounts":[],"rop_publish_now_history":[],"rop_publish_now_status":"pending","footnotes":""},"categories":[195],"tags":[73],"class_list":["post-27431","post","type-post","status-publish","format-standard","has-post-thumbnail","hentry","category-sao-paulo","tag-featured"],"amp_enabled":true,"_links":{"self":[{"href":"https:\/\/imais.online\/portal\/wp-json\/wp\/v2\/posts\/27431","targetHints":{"allow":["GET"]}}],"collection":[{"href":"https:\/\/imais.online\/portal\/wp-json\/wp\/v2\/posts"}],"about":[{"href":"https:\/\/imais.online\/portal\/wp-json\/wp\/v2\/types\/post"}],"author":[{"embeddable":true,"href":"https:\/\/imais.online\/portal\/wp-json\/wp\/v2\/users\/7"}],"replies":[{"embeddable":true,"href":"https:\/\/imais.online\/portal\/wp-json\/wp\/v2\/comments?post=27431"}],"version-history":[{"count":1,"href":"https:\/\/imais.online\/portal\/wp-json\/wp\/v2\/posts\/27431\/revisions"}],"predecessor-version":[{"id":27433,"href":"https:\/\/imais.online\/portal\/wp-json\/wp\/v2\/posts\/27431\/revisions\/27433"}],"wp:featuredmedia":[{"embeddable":true,"href":"https:\/\/imais.online\/portal\/wp-json\/wp\/v2\/media\/27432"}],"wp:attachment":[{"href":"https:\/\/imais.online\/portal\/wp-json\/wp\/v2\/media?parent=27431"}],"wp:term":[{"taxonomy":"category","embeddable":true,"href":"https:\/\/imais.online\/portal\/wp-json\/wp\/v2\/categories?post=27431"},{"taxonomy":"post_tag","embeddable":true,"href":"https:\/\/imais.online\/portal\/wp-json\/wp\/v2\/tags?post=27431"}],"curies":[{"name":"wp","href":"https:\/\/api.w.org\/{rel}","templated":true}]}}