{"id":27445,"date":"2025-05-27T14:43:46","date_gmt":"2025-05-27T17:43:46","guid":{"rendered":"https:\/\/imais.online\/portal\/?p=27445"},"modified":"2025-05-27T14:43:48","modified_gmt":"2025-05-27T17:43:48","slug":"salario-de-servidores-da-area-social-em-sp-pode-saltar-para-r-21-mil-com-nova-carreira","status":"publish","type":"post","link":"https:\/\/imais.online\/portal\/salario-de-servidores-da-area-social-em-sp-pode-saltar-para-r-21-mil-com-nova-carreira\/","title":{"rendered":"Sal\u00e1rio de servidores da \u00e1rea social em SP pode saltar para R$ 21 mil com nova carreira"},"content":{"rendered":"<div class=\"imais-before-content-placement\" id=\"imais-3130696355\"><script async src=\"\/\/pagead2.googlesyndication.com\/pagead\/js\/adsbygoogle.js?client=ca-pub-8787528412751566\" crossorigin=\"anonymous\"><\/script><ins class=\"adsbygoogle\" style=\"display:block;\" data-ad-client=\"ca-pub-8787528412751566\" \ndata-ad-slot=\"\" \ndata-ad-format=\"auto\"><\/ins>\n<script> \n(adsbygoogle = window.adsbygoogle || []).push({}); \n<\/script>\n<\/div>\n<p class=\"has-text-align-center\">PL enviado \u00e0 Alesp cria a carreira de Especialista Social; proposta atende a pleito hist\u00f3rico de valoriza\u00e7\u00e3o, j\u00e1 que sal\u00e1rios iniciais come\u00e7avam em R$ 2.520,86<\/p>\n\n\n\n<p>O Projeto de Lei Complementar que institui a nova carreira de Especialista Social do Governo de S\u00e3o Paulo prop\u00f5e aumentar em at\u00e9 oito vezes o sal\u00e1rio dos profissionais. O PL enviado nesta semana \u00e0 Alesp unifica os cargos de Agente de Desenvolvimento Social e Especialista em Desenvolvimento Social, criados em 1998.<\/p>\n\n\n\n<p>A medida visa modernizar, qualificar e valorizar o quadro t\u00e9cnico da Secretaria de Desenvolvimento Social (SEDS). Atualmente, o Agente de Desenvolvimento Social recebe um sal\u00e1rio inicial de R$ 2.520,86. J\u00e1 o Especialista em Desenvolvimento Social, tem o sal\u00e1rio-base de R$ 3.370,91.<\/p>\n\n\n\n<p>Com a proposta, a nova carreira ser\u00e1 estruturada em seis n\u00edveis e tr\u00eas categorias, com crit\u00e9rios claros para progress\u00e3o funcional e promo\u00e7\u00e3o. Na proposta encaminhada aos deputados, todos os profissionais ser\u00e3o reenquadrados na Categoria A do N\u00edvel I: a remunera\u00e7\u00e3o inicial \u00e9 de R$ 8.469,40.<\/p>\n\n\n\n<p>Al\u00e9m da eleva\u00e7\u00e3o inicial, a proposta institui uma carreira com seis n\u00edveis e tr\u00eas categorias cada, permitindo progress\u00f5es anuais e promo\u00e7\u00f5es bienais. No topo da nova estrutura, a remunera\u00e7\u00e3o chega a R$ 21.216,48, o que significa um crescimento de mais de R$ 18 mil em rela\u00e7\u00e3o aos sal\u00e1rios atuais dos agentes.<\/p>\n\n\n\n<p>O Projeto de Lei Complementar atende a um pleito hist\u00f3rico da categoria. O an\u00fancio foi realizado na ter\u00e7a-feira (20), durante a apresenta\u00e7\u00e3o do SuperA\u00e7\u00e3o SP, programa inovador e estruturante voltado \u00e0 supera\u00e7\u00e3o da pobreza por meio do atendimento personalizado \u00e0s fam\u00edlias em situa\u00e7\u00e3o de vulnerabilidade social. O objetivo \u00e9 criar condi\u00e7\u00f5es para que essas fam\u00edlias tenham apoio e acesso a oportunidades para alcan\u00e7ar emancipa\u00e7\u00e3o e autonomia.<\/p>\n\n\n\n<p>Entre os principais pontos da proposta est\u00e3o:<\/p>\n\n\n\n<ul class=\"wp-block-list\">\n<li>Exig\u00eancia de n\u00edvel superior e experi\u00eancia m\u00ednima de dois anos na \u00e1rea de atua\u00e7\u00e3o para ingresso na carreira, via concurso p\u00fablico;<\/li>\n\n\n\n<li>Avalia\u00e7\u00e3o de desempenho anual e promo\u00e7\u00e3o a cada dois anos com base em desenvolvimento profissional;<br>O projeto valoriza os servidores que atuam diretamente com esse p\u00fablico, reconhecendo a import\u00e2ncia de seu trabalho t\u00e9cnico e especializado na execu\u00e7\u00e3o de pol\u00edticas sociais complexas e integradas.<br>A reformula\u00e7\u00e3o tamb\u00e9m contribui para fortalecer o Sistema \u00danico de Assist\u00eancia Social (SUAS), e a capacidade da SEDS de coordenar e monitorar pol\u00edticas p\u00fablicas nos 645 munic\u00edpios paulistas, al\u00e9m de ampliar sua atua\u00e7\u00e3o nas \u00e1reas de assist\u00eancia social, seguran\u00e7a alimentar e pol\u00edtica sobre drogas.<\/li>\n<\/ul>\n\n\n\n<h2 class=\"wp-block-heading\">SuperA\u00e7\u00e3o SP<\/h2>\n\n\n\n<p>O SuperA\u00e7\u00e3o SP \u00e9 um programa in\u00e9dito, integrado e intersetorial com o objetivo de dar condi\u00e7\u00f5es para que fam\u00edlias vulner\u00e1veis tenham apoio e acesso \u00e0s oportunidades para a efetiva supera\u00e7\u00e3o da pobreza no estado de S\u00e3o Paulo. Trata-se de uma jornada completa e estruturada, que leva \u00e0 emancipa\u00e7\u00e3o e \u00e0 autonomia dessa popula\u00e7\u00e3o.<\/p>\n\n\n\n<p>Com aporte inicial de R$ 500 milh\u00f5es para operacionaliza\u00e7\u00e3o, o SuperA\u00e7\u00e3o SP integra a\u00e7\u00f5es de prote\u00e7\u00e3o social, capacita\u00e7\u00e3o profissional e inclus\u00e3o no mundo do trabalho, em parceria com os munic\u00edpios.<\/p>\n\n\n\n<p>As fam\u00edlias s\u00e3o selecionadas pelo Cad\u00danico e acompanhadas por agentes sociais por at\u00e9 dois anos, com planos personalizados, aux\u00edlios financeiros, bonifica\u00e7\u00f5es por metas e acesso a pol\u00edticas p\u00fablicas de assist\u00eancia social, educa\u00e7\u00e3o, sa\u00fade, habita\u00e7\u00e3o e gera\u00e7\u00e3o de renda.<\/p>\n\n\n\n<p>O programa avaliou mais de 60 experi\u00eancias internacionais bem-sucedidas e foi constru\u00eddo com apoio de especialistas globais ao longo de um ano. Ser\u00e1 estruturado em ondas, atendendo, nessa primeira etapa, 105 mil fam\u00edlias em situa\u00e7\u00e3o de vulnerabilidade social. Os benef\u00edcios variam conforme a etapa e podem chegar a R$ 10,4 mil por fam\u00edlia ao longo do percurso.<\/p>\n","protected":false},"excerpt":{"rendered":"<p>PL enviado \u00e0 Alesp cria a carreira de Especialista Social; proposta atende a pleito hist\u00f3rico de valoriza\u00e7\u00e3o, j\u00e1 que sal\u00e1rios iniciais come\u00e7avam em R$ 2.520,86 O Projeto de Lei Complementar que institui a nova carreira de Especialista Social do Governo de S\u00e3o Paulo prop\u00f5e aumentar em at\u00e9 oito vezes o sal\u00e1rio dos profissionais. O PL [&hellip;]<\/p>\n","protected":false},"author":7,"featured_media":27446,"comment_status":"closed","ping_status":"open","sticky":false,"template":"","format":"standard","meta":{"rop_custom_images_group":[],"rop_custom_messages_group":[],"rop_publish_now":"initial","rop_publish_now_accounts":[],"rop_publish_now_history":[],"rop_publish_now_status":"pending","footnotes":""},"categories":[195],"tags":[73],"class_list":["post-27445","post","type-post","status-publish","format-standard","has-post-thumbnail","hentry","category-sao-paulo","tag-featured"],"amp_enabled":true,"_links":{"self":[{"href":"https:\/\/imais.online\/portal\/wp-json\/wp\/v2\/posts\/27445","targetHints":{"allow":["GET"]}}],"collection":[{"href":"https:\/\/imais.online\/portal\/wp-json\/wp\/v2\/posts"}],"about":[{"href":"https:\/\/imais.online\/portal\/wp-json\/wp\/v2\/types\/post"}],"author":[{"embeddable":true,"href":"https:\/\/imais.online\/portal\/wp-json\/wp\/v2\/users\/7"}],"replies":[{"embeddable":true,"href":"https:\/\/imais.online\/portal\/wp-json\/wp\/v2\/comments?post=27445"}],"version-history":[{"count":1,"href":"https:\/\/imais.online\/portal\/wp-json\/wp\/v2\/posts\/27445\/revisions"}],"predecessor-version":[{"id":27447,"href":"https:\/\/imais.online\/portal\/wp-json\/wp\/v2\/posts\/27445\/revisions\/27447"}],"wp:featuredmedia":[{"embeddable":true,"href":"https:\/\/imais.online\/portal\/wp-json\/wp\/v2\/media\/27446"}],"wp:attachment":[{"href":"https:\/\/imais.online\/portal\/wp-json\/wp\/v2\/media?parent=27445"}],"wp:term":[{"taxonomy":"category","embeddable":true,"href":"https:\/\/imais.online\/portal\/wp-json\/wp\/v2\/categories?post=27445"},{"taxonomy":"post_tag","embeddable":true,"href":"https:\/\/imais.online\/portal\/wp-json\/wp\/v2\/tags?post=27445"}],"curies":[{"name":"wp","href":"https:\/\/api.w.org\/{rel}","templated":true}]}}