{"id":27478,"date":"2025-05-29T10:05:13","date_gmt":"2025-05-29T13:05:13","guid":{"rendered":"https:\/\/imais.online\/portal\/?p=27478"},"modified":"2025-05-29T10:05:15","modified_gmt":"2025-05-29T13:05:15","slug":"empreendedoras-contam-com-credito-do-banco-do-povo-para-expandir-negocios-do-setor-de-casamentos","status":"publish","type":"post","link":"https:\/\/imais.online\/portal\/empreendedoras-contam-com-credito-do-banco-do-povo-para-expandir-negocios-do-setor-de-casamentos\/","title":{"rendered":"Empreendedoras contam com cr\u00e9dito do Banco do Povo para expandir neg\u00f3cios do setor de casamentos"},"content":{"rendered":"<div class=\"imais-before-content-placement\" id=\"imais-953373378\"><script async src=\"\/\/pagead2.googlesyndication.com\/pagead\/js\/adsbygoogle.js?client=ca-pub-8787528412751566\" crossorigin=\"anonymous\"><\/script><ins class=\"adsbygoogle\" style=\"display:block;\" data-ad-client=\"ca-pub-8787528412751566\" \ndata-ad-slot=\"\" \ndata-ad-format=\"auto\"><\/ins>\n<script> \n(adsbygoogle = window.adsbygoogle || []).push({}); \n<\/script>\n<\/div>\n<p class=\"has-text-align-center\">Banco do Povo Paulista (BPP) j\u00e1 desembolsou mais de R$ 7,1 milh\u00f5es entre 2023 e abril de 2025 para empreendedores do ramo<\/p>\n\n\n\n<p>Maio \u00e9 conhecido como o m\u00eas das noivas, tradi\u00e7\u00e3o iniciada na Europa e que se perpetua no Brasil at\u00e9 os dias de hoje como um per\u00edodo de realiza\u00e7\u00e3o de festas de casamento. Mas para organizar uma cerim\u00f4nia, \u00e9 necess\u00e1rio uma s\u00e9rie de servi\u00e7os, como buffet, decora\u00e7\u00e3o, fotografia, filmagem e loca\u00e7\u00e3o de roupas. Com o objetivo de apoiar os pequenos neg\u00f3cios que tornam esses eventos poss\u00edveis, o Banco do Povo Paulista (BPP), programa da Secretaria de Desenvolvimento Econ\u00f4mico do Estado de S\u00e3o Paulo (SDE), j\u00e1 desembolsou mais de R$ 7,1 milh\u00f5es entre 2023 e abril de 2025 para empreendedores do setor.<\/p>\n\n\n\n<p>O volume de casamentos no estado de S\u00e3o Paulo correspondeu a 26% do total nacional em 2024, com alta de 1,52% em rela\u00e7\u00e3o a 2023, de acordo com levantamento do Casar.com em parceria com a Assessoria VIP. Para 2025, a proje\u00e7\u00e3o \u00e9 que a participa\u00e7\u00e3o do estado suba para 26,4%, com aumento estimado em 3,43%.<\/p>\n\n\n\n<h2 class=\"wp-block-heading\">Dona de sal\u00e3o investe em estrutura e fatura com atendimentos de noivas<\/h2>\n\n\n\n<p>Por tr\u00e1s dos n\u00fameros, est\u00e3o hist\u00f3rias de empreendedoras como S\u00e2mela Brambila, respons\u00e1vel por um sal\u00e3o de beleza especializado em noivas, e Geane Sousa, fot\u00f3grafa de casamentos. Ambas receberam apoio do BPP e ajudam a transformar o \u201csim\u201d de milhares de casais em momentos \u00fanicos.<\/p>\n\n\n\n<p>S\u00e2mela Brambila, de 26 anos, tem um sal\u00e3o de beleza em Taquaritinga, interior de S\u00e3o Paulo, e usou o empr\u00e9stimo inicial do BPP para aprimorar o servi\u00e7o. \u201cNa \u00e9poca, tinha apenas um sonho, mas n\u00e3o o capital para investir de uma s\u00f3 vez. Conheci o Banco do Povo e dei o pontap\u00e9 inicial. Investi na sala da cabeleireira, comprei lavat\u00f3rio e cadeira. Os juros n\u00e3o s\u00e3o altos e consegui montar tudo rapidamente\u201d, conta.<\/p>\n\n\n\n<figure class=\"wp-block-image size-large\"><img loading=\"lazy\" decoding=\"async\" width=\"1024\" height=\"468\" src=\"https:\/\/imais.online\/portal\/wp-content\/uploads\/2025\/05\/WhatsApp-Image-2025-05-28-at-11.28.57-1.jpeg-1024x468.webp\" alt=\"\" class=\"wp-image-27479\" srcset=\"https:\/\/imais.online\/portal\/wp-content\/uploads\/2025\/05\/WhatsApp-Image-2025-05-28-at-11.28.57-1.jpeg-1024x468.webp 1024w, https:\/\/imais.online\/portal\/wp-content\/uploads\/2025\/05\/WhatsApp-Image-2025-05-28-at-11.28.57-1.jpeg-300x137.webp 300w, https:\/\/imais.online\/portal\/wp-content\/uploads\/2025\/05\/WhatsApp-Image-2025-05-28-at-11.28.57-1.jpeg-768x351.webp 768w, https:\/\/imais.online\/portal\/wp-content\/uploads\/2025\/05\/WhatsApp-Image-2025-05-28-at-11.28.57-1.jpeg.webp 1280w\" sizes=\"auto, (max-width: 1024px) 100vw, 1024px\" \/><\/figure>\n\n\n\n<p>O novo espa\u00e7o e os equipamentos adquiridos permitiram tamb\u00e9m aprimorar o atendimento a um p\u00fablico que cresce cada vez mais: as noivas. \u201cEsse investimento fez toda a diferen\u00e7a para atender com conforto e exclusividade as noivas. O espa\u00e7o agora conta com su\u00edte privativa para o dia da noiva, salas separadas de cabelo e maquiagem, al\u00e9m de uma \u00e1rea de espera para acompanhantes. A estrutura foi decisiva para o crescimento do neg\u00f3cio\u201d, destaca S\u00e2mela.<\/p>\n\n\n\n<p>A demanda por atendimentos de noivas \u00e9 constante e s\u00f3 cresce. \u201cO m\u00eas das noivas traz um salto no faturamento. S\u00f3 neste maio, atendemos quatro noivas com suas acompanhantes, o que gerou quase 70 procedimentos entre cabelo e maquiagem\u201d, fala a jovem.<\/p>\n\n\n\n<p>\u201cSer dona do pr\u00f3prio neg\u00f3cio \u00e9 tamb\u00e9m ser dona do pr\u00f3prio caminho. Crescer exige coragem, resili\u00eancia e assumir responsabilidades. N\u00e3o \u00e9 um caminho f\u00e1cil, mas \u00e9 uma forma de crescimento pessoal, que transforma n\u00e3o s\u00f3 o que fazemos, mas quem nos tornamos no processo\u201d, acredita a empreendedora.<\/p>\n\n\n\n<h2 class=\"wp-block-heading\">Fot\u00f3grafa aposta em experi\u00eancia intimista para fidelizar clientes<\/h2>\n\n\n\n<p>A fot\u00f3grafa e empreendedora Geane Souza, de 28 anos, atua em ensaios fotogr\u00e1ficos de pr\u00e9-wedding, casal, fam\u00edlia, bodas e casamentos, na capital e na regi\u00e3o metropolitana. \u201cMeu objetivo \u00e9 criar um v\u00ednculo bem pr\u00f3ximo com meus clientes, para que eu esteja presente nos momentos mais importantes da vida deles, como nas cerim\u00f4nias de casamento\u201d, explica.<\/p>\n\n\n\n<figure class=\"wp-block-image size-large\"><img loading=\"lazy\" decoding=\"async\" width=\"1024\" height=\"1024\" src=\"https:\/\/imais.online\/portal\/wp-content\/uploads\/2025\/05\/WhatsApp-Image-2025-05-28-at-11.28.57.jpeg-1024x1024.webp\" alt=\"\" class=\"wp-image-27480\" srcset=\"https:\/\/imais.online\/portal\/wp-content\/uploads\/2025\/05\/WhatsApp-Image-2025-05-28-at-11.28.57.jpeg-1024x1024.webp 1024w, https:\/\/imais.online\/portal\/wp-content\/uploads\/2025\/05\/WhatsApp-Image-2025-05-28-at-11.28.57.jpeg-300x300.webp 300w, https:\/\/imais.online\/portal\/wp-content\/uploads\/2025\/05\/WhatsApp-Image-2025-05-28-at-11.28.57.jpeg-150x150.webp 150w, https:\/\/imais.online\/portal\/wp-content\/uploads\/2025\/05\/WhatsApp-Image-2025-05-28-at-11.28.57.jpeg-768x768.webp 768w, https:\/\/imais.online\/portal\/wp-content\/uploads\/2025\/05\/WhatsApp-Image-2025-05-28-at-11.28.57.jpeg-80x80.webp 80w, https:\/\/imais.online\/portal\/wp-content\/uploads\/2025\/05\/WhatsApp-Image-2025-05-28-at-11.28.57.jpeg.webp 1080w\" sizes=\"auto, (max-width: 1024px) 100vw, 1024px\" \/><\/figure>\n\n\n\n<p>\u201cGosto da emo\u00e7\u00e3o e de capturar momentos reais, para que, ao reverem as fotos, meus clientes possam resgatar as emo\u00e7\u00f5es que sentiram naquela ocasi\u00e3o. Para continuar entregando esse n\u00edvel de qualidade, precisei adquirir novos equipamentos, e foi ent\u00e3o que recorri ao Banco do Povo\u201d, conta Geane, que por meio da linha Empreenda Afro do BPP comprou novos equipamentos, como c\u00e2mera, lente e flash.<\/p>\n\n\n\n<h2 class=\"wp-block-heading\">Sobre o BPP<\/h2>\n\n\n\n<p>O Banco do Povo \u00e9 uma iniciativa de microcr\u00e9dito produtivo orientado que busca apoiar pequenos empreendedores formais e informais, promovendo a gera\u00e7\u00e3o de emprego e renda. Possui tr\u00eas linhas de cr\u00e9dito: Empreenda R\u00e1pido, Empreenda Mulher e Empreenda Afro, com valores entre R$ 200 e R$ 21 mil.<\/p>\n\n\n\n<h2 class=\"wp-block-heading\">Sobre a SDE<\/h2>\n\n\n\n<p>A Secretaria de Desenvolvimento Econ\u00f4mico (SDE), do Governo do Estado de S\u00e3o Paulo, exerce papel fundamental para a reindustrializa\u00e7\u00e3o e atra\u00e7\u00e3o de investimentos com foco na gera\u00e7\u00e3o de emprego, renda e desenvolvimento regional. Al\u00e9m disso, conta com programas de capacita\u00e7\u00e3o profissional e a\u00e7\u00f5es de fomento ao empreendedorismo, que incluem linhas de microcr\u00e9ditos do Banco do Povo. A pasta tem como institui\u00e7\u00f5es vinculadas: InvestSP, Desenvolve SP e Junta Comercial do Estado de S\u00e3o Paulo (Jucesp).<\/p>\n","protected":false},"excerpt":{"rendered":"<p>Banco do Povo Paulista (BPP) j\u00e1 desembolsou mais de R$ 7,1 milh\u00f5es entre 2023 e abril de 2025 para empreendedores do ramo Maio \u00e9 conhecido como o m\u00eas das noivas, tradi\u00e7\u00e3o iniciada na Europa e que se perpetua no Brasil at\u00e9 os dias de hoje como um per\u00edodo de realiza\u00e7\u00e3o de festas de casamento. Mas [&hellip;]<\/p>\n","protected":false},"author":7,"featured_media":27481,"comment_status":"closed","ping_status":"open","sticky":false,"template":"","format":"standard","meta":{"rop_custom_images_group":[],"rop_custom_messages_group":[],"rop_publish_now":"initial","rop_publish_now_accounts":[],"rop_publish_now_history":[],"rop_publish_now_status":"pending","footnotes":""},"categories":[195],"tags":[],"class_list":["post-27478","post","type-post","status-publish","format-standard","has-post-thumbnail","hentry","category-sao-paulo"],"amp_enabled":true,"_links":{"self":[{"href":"https:\/\/imais.online\/portal\/wp-json\/wp\/v2\/posts\/27478","targetHints":{"allow":["GET"]}}],"collection":[{"href":"https:\/\/imais.online\/portal\/wp-json\/wp\/v2\/posts"}],"about":[{"href":"https:\/\/imais.online\/portal\/wp-json\/wp\/v2\/types\/post"}],"author":[{"embeddable":true,"href":"https:\/\/imais.online\/portal\/wp-json\/wp\/v2\/users\/7"}],"replies":[{"embeddable":true,"href":"https:\/\/imais.online\/portal\/wp-json\/wp\/v2\/comments?post=27478"}],"version-history":[{"count":1,"href":"https:\/\/imais.online\/portal\/wp-json\/wp\/v2\/posts\/27478\/revisions"}],"predecessor-version":[{"id":27482,"href":"https:\/\/imais.online\/portal\/wp-json\/wp\/v2\/posts\/27478\/revisions\/27482"}],"wp:featuredmedia":[{"embeddable":true,"href":"https:\/\/imais.online\/portal\/wp-json\/wp\/v2\/media\/27481"}],"wp:attachment":[{"href":"https:\/\/imais.online\/portal\/wp-json\/wp\/v2\/media?parent=27478"}],"wp:term":[{"taxonomy":"category","embeddable":true,"href":"https:\/\/imais.online\/portal\/wp-json\/wp\/v2\/categories?post=27478"},{"taxonomy":"post_tag","embeddable":true,"href":"https:\/\/imais.online\/portal\/wp-json\/wp\/v2\/tags?post=27478"}],"curies":[{"name":"wp","href":"https:\/\/api.w.org\/{rel}","templated":true}]}}