{"id":27542,"date":"2025-06-03T14:14:28","date_gmt":"2025-06-03T17:14:28","guid":{"rendered":"https:\/\/imais.online\/portal\/?p=27542"},"modified":"2025-06-03T14:14:29","modified_gmt":"2025-06-03T17:14:29","slug":"governo-de-sp-sanciona-salario-minimo-paulista-de-r-1-804","status":"publish","type":"post","link":"https:\/\/imais.online\/portal\/governo-de-sp-sanciona-salario-minimo-paulista-de-r-1-804\/","title":{"rendered":"Governo de SP sanciona sal\u00e1rio m\u00ednimo paulista de R$ 1.804"},"content":{"rendered":"<div class=\"imais-before-content-placement\" id=\"imais-1385917095\"><script async src=\"\/\/pagead2.googlesyndication.com\/pagead\/js\/adsbygoogle.js?client=ca-pub-8787528412751566\" crossorigin=\"anonymous\"><\/script><ins class=\"adsbygoogle\" style=\"display:block;\" data-ad-client=\"ca-pub-8787528412751566\" \ndata-ad-slot=\"\" \ndata-ad-format=\"auto\"><\/ins>\n<script> \n(adsbygoogle = window.adsbygoogle || []).push({}); \n<\/script>\n<\/div>\n<p class=\"has-text-align-center\">Reajuste definido em 2024 \u00e9 18,84% maior que o sal\u00e1rio m\u00ednimo nacional; desde 2022, o crescimento do m\u00ednimo estadual registrou crescimento de 40,5%<\/p>\n\n\n\n<p>O governador de S\u00e3o Paulo, Tarc\u00edsio de Freitas, sancionou a\u00a0lei que eleva o sal\u00e1rio m\u00ednimo paulista para R$ 1.804,00. A medida foi publicada no Di\u00e1rio Oficial do Estado nesta ter\u00e7a-feira (3). O novo valor representa um aumento de 10% em rela\u00e7\u00e3o ao piso atual, de R$ 1.640, estabelecido no ano passado, e \u00e9 18,84% superior ao m\u00ednimo nacional, fixado atualmente em R$ 1.518. Desde 2022, o crescimento do piso estadual foi de 40,5%.<\/p>\n\n\n\n<p>\u201cEstamos falando de um ganho real da ordem de 27% desde a nossa chegada. Conseguimos chegar a um equil\u00edbrio para oferecer o sal\u00e1rio m\u00ednimo de R$ 1.804. \u00c9 um recurso que chega em boa hora, no momento em que as pessoas est\u00e3o pressionadas pelo pre\u00e7o dos alimentos. \u00c9 uma inje\u00e7\u00e3o de recursos na nossa economia, que ser\u00e1 extremamente relevante, aliada a outras a\u00e7\u00f5es que estamos tomando\u201d, afirmou Tarc\u00edsio de Freitas no dia 30 de abril ao\u00a0encaminhar o projeto de lei \u00e0 Alesp.<\/p>\n\n\n\n<p>Esta \u00e9 a terceira vez consecutiva que o reajuste para o piso paulista supera a infla\u00e7\u00e3o acumulada no per\u00edodo. A proposta \u00e9 superior \u00e0 infla\u00e7\u00e3o acumulada no \u00faltimo ano (4,77%), segundo o \u00cdndice Nacional de Pre\u00e7os ao Consumidor (INPC), e representa um ganho real aos trabalhadores. Desde 2022, \u00faltimo ano antes da atual gest\u00e3o, o crescimento do sal\u00e1rio m\u00ednimo estadual soma 40,5%, ante uma infla\u00e7\u00e3o de 15,10% nos \u00faltimos tr\u00eas anos,de acordo com o INPC.<\/p>\n\n\n\n<p>Com isso, o m\u00ednimo paulista continua superior ao piso nacional, atualmente definido em R$ 1.518.<\/p>\n\n\n\n<p>O projeto foi aprovado pelos deputados em duas sess\u00f5es extraordin\u00e1rias realizadas no dia 13 de maio.<\/p>\n","protected":false},"excerpt":{"rendered":"<p>Reajuste definido em 2024 \u00e9 18,84% maior que o sal\u00e1rio m\u00ednimo nacional; desde 2022, o crescimento do m\u00ednimo estadual registrou crescimento de 40,5% O governador de S\u00e3o Paulo, Tarc\u00edsio de Freitas, sancionou a\u00a0lei que eleva o sal\u00e1rio m\u00ednimo paulista para R$ 1.804,00. A medida foi publicada no Di\u00e1rio Oficial do Estado nesta ter\u00e7a-feira (3). O [&hellip;]<\/p>\n","protected":false},"author":7,"featured_media":27543,"comment_status":"closed","ping_status":"open","sticky":false,"template":"","format":"standard","meta":{"rop_custom_images_group":[],"rop_custom_messages_group":[],"rop_publish_now":"initial","rop_publish_now_accounts":[],"rop_publish_now_history":[],"rop_publish_now_status":"pending","footnotes":""},"categories":[195],"tags":[73],"class_list":["post-27542","post","type-post","status-publish","format-standard","has-post-thumbnail","hentry","category-sao-paulo","tag-featured"],"amp_enabled":true,"_links":{"self":[{"href":"https:\/\/imais.online\/portal\/wp-json\/wp\/v2\/posts\/27542","targetHints":{"allow":["GET"]}}],"collection":[{"href":"https:\/\/imais.online\/portal\/wp-json\/wp\/v2\/posts"}],"about":[{"href":"https:\/\/imais.online\/portal\/wp-json\/wp\/v2\/types\/post"}],"author":[{"embeddable":true,"href":"https:\/\/imais.online\/portal\/wp-json\/wp\/v2\/users\/7"}],"replies":[{"embeddable":true,"href":"https:\/\/imais.online\/portal\/wp-json\/wp\/v2\/comments?post=27542"}],"version-history":[{"count":1,"href":"https:\/\/imais.online\/portal\/wp-json\/wp\/v2\/posts\/27542\/revisions"}],"predecessor-version":[{"id":27544,"href":"https:\/\/imais.online\/portal\/wp-json\/wp\/v2\/posts\/27542\/revisions\/27544"}],"wp:featuredmedia":[{"embeddable":true,"href":"https:\/\/imais.online\/portal\/wp-json\/wp\/v2\/media\/27543"}],"wp:attachment":[{"href":"https:\/\/imais.online\/portal\/wp-json\/wp\/v2\/media?parent=27542"}],"wp:term":[{"taxonomy":"category","embeddable":true,"href":"https:\/\/imais.online\/portal\/wp-json\/wp\/v2\/categories?post=27542"},{"taxonomy":"post_tag","embeddable":true,"href":"https:\/\/imais.online\/portal\/wp-json\/wp\/v2\/tags?post=27542"}],"curies":[{"name":"wp","href":"https:\/\/api.w.org\/{rel}","templated":true}]}}