{"id":2755,"date":"2021-11-01T11:21:17","date_gmt":"2021-11-01T14:21:17","guid":{"rendered":"https:\/\/imais.online\/portal\/?p=2755"},"modified":"2021-11-01T11:32:41","modified_gmt":"2021-11-01T14:32:41","slug":"inss-tem-novas-regras-para-aposentadoria-por-idade-de-mulheres","status":"publish","type":"post","link":"https:\/\/imais.online\/portal\/inss-tem-novas-regras-para-aposentadoria-por-idade-de-mulheres\/","title":{"rendered":"INSS tem novas regras para aposentadoria por idade de mulheres"},"content":{"rendered":"<div class=\"imais-before-content-placement\" id=\"imais-1613674802\"><script async src=\"\/\/pagead2.googlesyndication.com\/pagead\/js\/adsbygoogle.js?client=ca-pub-8787528412751566\" crossorigin=\"anonymous\"><\/script><ins class=\"adsbygoogle\" style=\"display:block;\" data-ad-client=\"ca-pub-8787528412751566\" \ndata-ad-slot=\"\" \ndata-ad-format=\"auto\"><\/ins>\n<script> \n(adsbygoogle = window.adsbygoogle || []).push({}); \n<\/script>\n<\/div>\n<p class=\"has-text-align-center\">Reforma da Previd\u00eancia modifica os c\u00e1lculos da aposentadoria por idade e exclui o divisor m\u00ednimo que reduzia o valor do benef\u00edcio.<\/p>\n\n\n\n<p>As trabalhadoras que sonham em se aposentar com o melhor benef\u00edcio poss\u00edvel precisam compreender como a reforma da Previd\u00eancia afetou as&nbsp;<strong>mulheres<\/strong>. Para quem est\u00e1 perto de solicitar a&nbsp;aposentadoria&nbsp;ou j\u00e1 pode fazer isso, \u00e9 ainda mais importante conhecer as altera\u00e7\u00f5es em vigor.<\/p>\n\n\n\n<p>Antes da nova lei, era necess\u00e1rio ter, no m\u00ednimo, 60 anos de idade e 15 anos de contribui\u00e7\u00f5es mensais ao Instituto Nacional de Seguro Social (INSS) para dar entrada no benef\u00edcio. O c\u00e1lculo aplicava um divisor m\u00ednimo que reduzia bastante o valor de quem tinha poucos recolhimentos ap\u00f3s 1994, mas esse dispositivo foi extinto.<\/p>\n\n\n\n<p>Ap\u00f3s a reforma, a aposentadoria por idade da mulher com 60 anos passou a ser permitida somente para quem completou essa idade at\u00e9 2019, mas existem regas de transi\u00e7\u00e3o que atendem quem estava perto de se aposentar. \u00c9 poss\u00edvel pagar um ped\u00e1gio de seis meses por ano at\u00e9 chegar aos 62 anos, que \u00e9 a nova&nbsp;idade m\u00ednima.<\/p>\n\n\n\n<p>Neste ano, s\u00e3o exigidos 61 anos. O ped\u00e1gio deixar\u00e1 de valer em 2023, com os 62 anos entrando em vigor de forma definitiva. O tempo de contribui\u00e7\u00e3o continua sendo de 15 anos, com coeficiente de 60%, mais 2% por ano que ultrapassou a car\u00eancia.<\/p>\n\n\n\n<h3 class=\"wp-block-heading\">C\u00e1lculo da aposentadoria<\/h3>\n\n\n\n<p>O c\u00e1lculo \u00e9 feito com base na m\u00e9dia aritm\u00e9tica de todas as remunera\u00e7\u00f5es desde julho de 1994 at\u00e9 a data do pedido. No caso dos empregos antes de 1994, \u00e9 contado apenas o tempo, n\u00e3o os sal\u00e1rios.<\/p>\n\n\n\n<p>Depois, \u00e9 aplicado o coeficiente de 60% para 15 anos de contribui\u00e7\u00e3o, que em seguida somado a 2% por cada ano que ultrapassar 15 anos. Ou seja, o coeficiente aposentadoria de quem tem 20 anos de contribui\u00e7\u00e3o \u00e9 de 70%.<\/p>\n\n\n\n<p>Vale destacar que a trabalhadora pode descartar automaticamente os menores sal\u00e1rios para conseguir um benef\u00edcio mais vantajoso. Para que isso seja poss\u00edvel, \u00e9 importante manter o requisito de 15 anos de&nbsp;contribui\u00e7\u00e3o&nbsp;mesmo ap\u00f3s o descarte.<\/p>\n\n\n\n<h3 class=\"wp-block-heading\">Aposentadoria aos 60 anos<\/h3>\n\n\n\n<p>Somente quem completou 60 anos at\u00e9 a data da reforma, em 2019, pode se aposentar com a antiga idade m\u00ednima. Nos demais casos, a trabalhadora deve pagar o ped\u00e1gio de seis meses por ano at\u00e9 at\u00e9 completar os 62 anos. Ap\u00f3s 2023, valer\u00e1 a regra nova para todas.<\/p>\n\n\n\n<p>Al\u00e9m disso, tamb\u00e9m \u00e9 poss\u00edvel solicitar a aposentadoria sem ter os 30 anos de tempo de contribui\u00e7\u00e3o, desde que tenha atingido a idade explicada no par\u00e1grafo anterior.<\/p>\n\n\n\n<p>\u00c9 importante de planejar porque pequenos detalhes fazem toda a diferen\u00e7a no valor final do benef\u00edcio. Se poss\u00edvel, contrate um especialista para ajudar a decidir a hora certa de se aposentar.&nbsp;<\/p>\n\n\n\n<p>PorLorena de Sousa<\/p>\n\n\n\n<p>Capitalist.com.br <\/p>\n","protected":false},"excerpt":{"rendered":"<p>Reforma da Previd\u00eancia modifica os c\u00e1lculos da aposentadoria por idade e exclui o divisor m\u00ednimo que reduzia o valor do benef\u00edcio. As trabalhadoras que sonham em se aposentar com o melhor benef\u00edcio poss\u00edvel precisam compreender como a reforma da Previd\u00eancia afetou as&nbsp;mulheres. Para quem est\u00e1 perto de solicitar a&nbsp;aposentadoria&nbsp;ou j\u00e1 pode fazer isso, \u00e9 ainda [&hellip;]<\/p>\n","protected":false},"author":8,"featured_media":2756,"comment_status":"closed","ping_status":"open","sticky":false,"template":"","format":"standard","meta":{"rop_custom_images_group":[],"rop_custom_messages_group":[],"rop_publish_now":"initial","rop_publish_now_accounts":[],"rop_publish_now_history":[],"rop_publish_now_status":"pending","footnotes":""},"categories":[192],"tags":[],"class_list":["post-2755","post","type-post","status-publish","format-standard","has-post-thumbnail","hentry","category-economia"],"amp_enabled":true,"_links":{"self":[{"href":"https:\/\/imais.online\/portal\/wp-json\/wp\/v2\/posts\/2755","targetHints":{"allow":["GET"]}}],"collection":[{"href":"https:\/\/imais.online\/portal\/wp-json\/wp\/v2\/posts"}],"about":[{"href":"https:\/\/imais.online\/portal\/wp-json\/wp\/v2\/types\/post"}],"author":[{"embeddable":true,"href":"https:\/\/imais.online\/portal\/wp-json\/wp\/v2\/users\/8"}],"replies":[{"embeddable":true,"href":"https:\/\/imais.online\/portal\/wp-json\/wp\/v2\/comments?post=2755"}],"version-history":[{"count":2,"href":"https:\/\/imais.online\/portal\/wp-json\/wp\/v2\/posts\/2755\/revisions"}],"predecessor-version":[{"id":2758,"href":"https:\/\/imais.online\/portal\/wp-json\/wp\/v2\/posts\/2755\/revisions\/2758"}],"wp:featuredmedia":[{"embeddable":true,"href":"https:\/\/imais.online\/portal\/wp-json\/wp\/v2\/media\/2756"}],"wp:attachment":[{"href":"https:\/\/imais.online\/portal\/wp-json\/wp\/v2\/media?parent=2755"}],"wp:term":[{"taxonomy":"category","embeddable":true,"href":"https:\/\/imais.online\/portal\/wp-json\/wp\/v2\/categories?post=2755"},{"taxonomy":"post_tag","embeddable":true,"href":"https:\/\/imais.online\/portal\/wp-json\/wp\/v2\/tags?post=2755"}],"curies":[{"name":"wp","href":"https:\/\/api.w.org\/{rel}","templated":true}]}}