{"id":27558,"date":"2025-06-04T15:02:54","date_gmt":"2025-06-04T18:02:54","guid":{"rendered":"https:\/\/imais.online\/portal\/?p=27558"},"modified":"2025-06-04T15:03:01","modified_gmt":"2025-06-04T18:03:01","slug":"promocao-do-plaza-shopping-itu-segue-no-dia-dos-namorados-e-sorteia-um-jeep-compass-zero-km","status":"publish","type":"post","link":"https:\/\/imais.online\/portal\/promocao-do-plaza-shopping-itu-segue-no-dia-dos-namorados-e-sorteia-um-jeep-compass-zero-km\/","title":{"rendered":"Promo\u00e7\u00e3o do Plaza Shopping Itu segue no Dia dos Namorados e sorteia um Jeep Compass zero Km"},"content":{"rendered":"<div class=\"imais-before-content-placement\" id=\"imais-548848007\"><script async src=\"\/\/pagead2.googlesyndication.com\/pagead\/js\/adsbygoogle.js?client=ca-pub-8787528412751566\" crossorigin=\"anonymous\"><\/script><ins class=\"adsbygoogle\" style=\"display:block;\" data-ad-client=\"ca-pub-8787528412751566\" \ndata-ad-slot=\"\" \ndata-ad-format=\"auto\"><\/ins>\n<script> \n(adsbygoogle = window.adsbygoogle || []).push({}); \n<\/script>\n<\/div>\n<p class=\"has-text-align-center\"><em>A campanha &#8220;La\u00e7os que nos unem&#8221; celebra tamb\u00e9m o anivers\u00e1rio de 25 anos do empreendimento.<\/em><\/p>\n\n\n\n<p>Ainda d\u00e1 tempo de participar da campanha \u201c<em>La\u00e7os que nos unem<\/em>\u201d promovida pelo <strong>Plaza Shopping Itu<\/strong> e concorrer a um autom\u00f3vel zero quil\u00f4metro Jeep Compass. A promo\u00e7\u00e3o seguir\u00e1 at\u00e9 16 de junho, englobando tr\u00eas datas importantes para o empreendimento: Dia dos Namorados, Dia das M\u00e3es e o anivers\u00e1rio de 25 anos do shopping.<\/p>\n\n\n\n<p>A cada R$ 400 em compras nas lojas participantes, os consumidores recebem um n\u00famero da sorte. O cadastro dos cupons fiscais deve ser feito no Posto de Trocas, localizado no Atendimento ao Cliente. A apura\u00e7\u00e3o do sorteio ser\u00e1 realizada no dia 20 de junho, com base na extra\u00e7\u00e3o da Loteria Federal.<\/p>\n\n\n\n<p>Um benef\u00edcio especial \u00e9 reservado para os clientes do Plaza Prime, programa de fidelidade do shopping. Quem realizar compras e cadastrar os comprovantes de segunda e quinta-feira, recebe n\u00fameros da sorte em dobro, aumentando suas chances de levar o autom\u00f3vel zero km.<\/p>\n\n\n\n<p>A expectativa \u00e9, al\u00e9m de fortalecer o movimento do com\u00e9rcio nas datas comemorativas, a campanha premie a fidelidade dos consumidores que escolhem o shopping como destino para suas compras. \u201cDesejamos que a promo\u00e7\u00e3o contribua significativamente para esse per\u00edodo de vendas e fortifique o relacionamento entre shopping, lojistas e consumidores\u201d, registra Edgar Silveira, gerente de marketing do <strong>Plaza Shopping Itu<\/strong>. O regulamento completo da campanha est\u00e1 dispon\u00edvel no site do shopping.<\/p>\n\n\n\n<p>Al\u00e9m disso, \u201cLa\u00e7os que nos unem\u201d \u00e9 tema de uma exposi\u00e7\u00e3o gratuita que percorre a linha do tempo do shopping, revelando sua evolu\u00e7\u00e3o ao longo dos anos, em um espa\u00e7o tem\u00e1tico preparado para envolver o p\u00fablico. H\u00e1 v\u00eddeos com depoimentos marcantes de colaboradores, lojistas e clientes que vivenciaram momentos especiais nessas duas d\u00e9cadas e meia, compartilhados na mostra de 25 anos e nas redes sociais do empreendimento.<\/p>\n\n\n\n<p><strong>Plaza Shopping Itu<\/strong><\/p>\n\n\n\n<p>Site:&nbsp;<a href=\"http:\/\/www.plazashoppingitu.com.br\/\">www.plazashoppingitu.com.br<\/a><\/p>\n\n\n\n<p>Redes sociais: @plazashoppingitu<\/p>\n\n\n\n<p>Endere\u00e7o: Avenida Doutor Ermelindo Maffei, 1.199, no Jardim Para\u00edso, em Itu, S\u00e3o Paulo<\/p>\n","protected":false},"excerpt":{"rendered":"<p>A campanha &#8220;La\u00e7os que nos unem&#8221; celebra tamb\u00e9m o anivers\u00e1rio de 25 anos do empreendimento. Ainda d\u00e1 tempo de participar da campanha \u201cLa\u00e7os que nos unem\u201d promovida pelo Plaza Shopping Itu e concorrer a um autom\u00f3vel zero quil\u00f4metro Jeep Compass. A promo\u00e7\u00e3o seguir\u00e1 at\u00e9 16 de junho, englobando tr\u00eas datas importantes para o empreendimento: Dia [&hellip;]<\/p>\n","protected":false},"author":7,"featured_media":27559,"comment_status":"closed","ping_status":"open","sticky":false,"template":"","format":"standard","meta":{"rop_custom_images_group":[],"rop_custom_messages_group":[],"rop_publish_now":"initial","rop_publish_now_accounts":[],"rop_publish_now_history":[],"rop_publish_now_status":"pending","footnotes":""},"categories":[271,194],"tags":[],"class_list":["post-27558","post","type-post","status-publish","format-standard","has-post-thumbnail","hentry","category-itu","category-regia"],"amp_enabled":true,"_links":{"self":[{"href":"https:\/\/imais.online\/portal\/wp-json\/wp\/v2\/posts\/27558","targetHints":{"allow":["GET"]}}],"collection":[{"href":"https:\/\/imais.online\/portal\/wp-json\/wp\/v2\/posts"}],"about":[{"href":"https:\/\/imais.online\/portal\/wp-json\/wp\/v2\/types\/post"}],"author":[{"embeddable":true,"href":"https:\/\/imais.online\/portal\/wp-json\/wp\/v2\/users\/7"}],"replies":[{"embeddable":true,"href":"https:\/\/imais.online\/portal\/wp-json\/wp\/v2\/comments?post=27558"}],"version-history":[{"count":1,"href":"https:\/\/imais.online\/portal\/wp-json\/wp\/v2\/posts\/27558\/revisions"}],"predecessor-version":[{"id":27560,"href":"https:\/\/imais.online\/portal\/wp-json\/wp\/v2\/posts\/27558\/revisions\/27560"}],"wp:featuredmedia":[{"embeddable":true,"href":"https:\/\/imais.online\/portal\/wp-json\/wp\/v2\/media\/27559"}],"wp:attachment":[{"href":"https:\/\/imais.online\/portal\/wp-json\/wp\/v2\/media?parent=27558"}],"wp:term":[{"taxonomy":"category","embeddable":true,"href":"https:\/\/imais.online\/portal\/wp-json\/wp\/v2\/categories?post=27558"},{"taxonomy":"post_tag","embeddable":true,"href":"https:\/\/imais.online\/portal\/wp-json\/wp\/v2\/tags?post=27558"}],"curies":[{"name":"wp","href":"https:\/\/api.w.org\/{rel}","templated":true}]}}