{"id":27596,"date":"2025-06-08T17:09:11","date_gmt":"2025-06-08T20:09:11","guid":{"rendered":"https:\/\/imais.online\/portal\/?p=27596"},"modified":"2025-06-08T17:09:13","modified_gmt":"2025-06-08T20:09:13","slug":"pre-candidato-a-presidencia-da-colombia-permanece-na-uti-apos-cirurgias","status":"publish","type":"post","link":"https:\/\/imais.online\/portal\/pre-candidato-a-presidencia-da-colombia-permanece-na-uti-apos-cirurgias\/","title":{"rendered":"Pr\u00e9-candidato \u00e0 Presid\u00eancia da Col\u00f4mbia permanece na UTI ap\u00f3s cirurgias"},"content":{"rendered":"<div class=\"imais-before-content-placement\" id=\"imais-2283649215\"><script async src=\"\/\/pagead2.googlesyndication.com\/pagead\/js\/adsbygoogle.js?client=ca-pub-8787528412751566\" crossorigin=\"anonymous\"><\/script><ins class=\"adsbygoogle\" style=\"display:block;\" data-ad-client=\"ca-pub-8787528412751566\" \ndata-ad-slot=\"\" \ndata-ad-format=\"auto\"><\/ins>\n<script> \n(adsbygoogle = window.adsbygoogle || []).push({}); \n<\/script>\n<\/div>\n<h2 class=\"wp-block-heading\">Senador Miguel Uribe foi baleado durante um evento de campanha em Bogot\u00e1 no s\u00e1bado (7)<\/h2>\n\n\n\n<p>O senador colombiano, Miguel Uribe, passou por procedimentos na cabe\u00e7a e na coxa esquerda, mas permanece na UTI enquanto os m\u00e9dicos tentam estabilizar sua condi\u00e7\u00e3o, segundo comunicado do hospital Santa Fe Foundation.<\/p>\n\n\n\n<p>A condi\u00e7\u00e3o atual do senador \u00e9 de m\u00e1xima gravidade e o progn\u00f3stico \u00e9 reservado.<\/p>\n\n\n\n<p>Uribe, um potencial candidato \u00e0 Presid\u00eancia,\u00a0<a rel=\"noreferrer noopener\" href=\"https:\/\/www.cnnbrasil.com.br\/internacional\/miguel-uribe-pre-candidato-a-presidencia-da-colombia-e-baleado-em-bogota\/\" target=\"_blank\">foi baleado durante um evento de campanha em Bogot\u00e1 no s\u00e1bado<\/a>\u00a0(7). A informa\u00e7\u00e3o foi confirmada pela esposa de Uribe e autoridades do governo e do partido.<\/p>\n\n\n\n<p>A Procuradoria-Geral da Rep\u00fablica da Col\u00f4mbia informou em comunicado que &#8220;um menor de 15 anos foi preso portando uma arma de fogo tipo pistola Glock (9mm)&#8221;.<\/p>\n\n\n\n<p>O presidente\u00a0<a rel=\"noreferrer noopener\" href=\"https:\/\/www.cnnbrasil.com.br\/internacional\/colombia-presidente-promete-cacar-responsavel-por-balear-rival-politico\/\" target=\"_blank\">Gustavo Petro ordenou uma investiga\u00e7\u00e3o para apurar quem ordenou o atentado contra Uribe.<\/a><\/p>\n\n\n\n<p><a rel=\"noreferrer noopener\" href=\"https:\/\/www.cnnbrasil.com.br\/internacional\/pre-candidato-a-presidencia-da-colombia-luta-pela-vida-no-hospital\/\" target=\"_blank\">Miguel Uribe<\/a>, de 39 anos, \u00e9 membro do Partido Conservador, de oposi\u00e7\u00e3o Centro Democr\u00e1tico, fundado pelo ex-presidente colombiano \u00c1lvaro Uribe. Apesar do sobrenome comum, os dois homens n\u00e3o t\u00eam parentesco.<\/p>\n\n\n\n<p>A m\u00e3e de Uribe, a jornalista Diana Turbay, foi morta em 1991 durante uma opera\u00e7\u00e3o de resgate ap\u00f3s ter sido sequestrada pelo cartel de Medell\u00edn de Pablo Escobar.<\/p>\n\n\n\n<p>A Col\u00f4mbia est\u00e1 h\u00e1 d\u00e9cadas envolvida em um conflito entre rebeldes de esquerda, grupos criminosos descendentes de paramilitares de direita e o governo.<\/p>\n\n\n\n<p>Fonte CNN Brasil <\/p>\n","protected":false},"excerpt":{"rendered":"<p>Senador Miguel Uribe foi baleado durante um evento de campanha em Bogot\u00e1 no s\u00e1bado (7) O senador colombiano, Miguel Uribe, passou por procedimentos na cabe\u00e7a e na coxa esquerda, mas permanece na UTI enquanto os m\u00e9dicos tentam estabilizar sua condi\u00e7\u00e3o, segundo comunicado do hospital Santa Fe Foundation. A condi\u00e7\u00e3o atual do senador \u00e9 de m\u00e1xima [&hellip;]<\/p>\n","protected":false},"author":8,"featured_media":27597,"comment_status":"closed","ping_status":"open","sticky":false,"template":"","format":"standard","meta":{"rop_custom_images_group":[],"rop_custom_messages_group":[],"rop_publish_now":"initial","rop_publish_now_accounts":[],"rop_publish_now_history":[],"rop_publish_now_status":"pending","footnotes":""},"categories":[212],"tags":[73],"class_list":["post-27596","post","type-post","status-publish","format-standard","has-post-thumbnail","hentry","category-internacional","tag-featured"],"amp_enabled":true,"_links":{"self":[{"href":"https:\/\/imais.online\/portal\/wp-json\/wp\/v2\/posts\/27596","targetHints":{"allow":["GET"]}}],"collection":[{"href":"https:\/\/imais.online\/portal\/wp-json\/wp\/v2\/posts"}],"about":[{"href":"https:\/\/imais.online\/portal\/wp-json\/wp\/v2\/types\/post"}],"author":[{"embeddable":true,"href":"https:\/\/imais.online\/portal\/wp-json\/wp\/v2\/users\/8"}],"replies":[{"embeddable":true,"href":"https:\/\/imais.online\/portal\/wp-json\/wp\/v2\/comments?post=27596"}],"version-history":[{"count":1,"href":"https:\/\/imais.online\/portal\/wp-json\/wp\/v2\/posts\/27596\/revisions"}],"predecessor-version":[{"id":27598,"href":"https:\/\/imais.online\/portal\/wp-json\/wp\/v2\/posts\/27596\/revisions\/27598"}],"wp:featuredmedia":[{"embeddable":true,"href":"https:\/\/imais.online\/portal\/wp-json\/wp\/v2\/media\/27597"}],"wp:attachment":[{"href":"https:\/\/imais.online\/portal\/wp-json\/wp\/v2\/media?parent=27596"}],"wp:term":[{"taxonomy":"category","embeddable":true,"href":"https:\/\/imais.online\/portal\/wp-json\/wp\/v2\/categories?post=27596"},{"taxonomy":"post_tag","embeddable":true,"href":"https:\/\/imais.online\/portal\/wp-json\/wp\/v2\/tags?post=27596"}],"curies":[{"name":"wp","href":"https:\/\/api.w.org\/{rel}","templated":true}]}}