{"id":27615,"date":"2025-06-09T13:21:46","date_gmt":"2025-06-09T16:21:46","guid":{"rendered":"https:\/\/imais.online\/portal\/?p=27615"},"modified":"2025-06-09T13:21:51","modified_gmt":"2025-06-09T16:21:51","slug":"festas-juninas-se-espalham-pelo-estado-de-sp-veja-onde-aproveitar-a-tradicao","status":"publish","type":"post","link":"https:\/\/imais.online\/portal\/festas-juninas-se-espalham-pelo-estado-de-sp-veja-onde-aproveitar-a-tradicao\/","title":{"rendered":"Festas juninas se espalham pelo estado de SP: veja onde aproveitar a tradi\u00e7\u00e3o"},"content":{"rendered":"<div class=\"imais-before-content-placement\" id=\"imais-3470435628\"><script async src=\"\/\/pagead2.googlesyndication.com\/pagead\/js\/adsbygoogle.js?client=ca-pub-8787528412751566\" crossorigin=\"anonymous\"><\/script><ins class=\"adsbygoogle\" style=\"display:block;\" data-ad-client=\"ca-pub-8787528412751566\" \ndata-ad-slot=\"\" \ndata-ad-format=\"auto\"><\/ins>\n<script> \n(adsbygoogle = window.adsbygoogle || []).push({}); \n<\/script>\n<\/div>\n<p class=\"has-text-align-center\">SP destaca festas caipiras do interior paulista com variedade musical e gastron\u00f4mica e que atraem milhares de visitantes<\/p>\n\n\n\n<p><\/p>\n\n\n\n<p>O m\u00eas de junho finalmente chegou e com ele o t\u00e3o esperado per\u00edodo de festas juninas. As comidas t\u00edpicas, as m\u00fasicas, as dan\u00e7as de quadrilha e todo o encantamento da \u00e9poca se espalham pelos munic\u00edpios paulistas.<br>&nbsp;<br>De acordo com o Centro de Intelig\u00eancia da Economia do Turismo (CIET), ligado \u00e0 Secretaria de Turismo e Viagens do Estado de S\u00e3o Paulo (Setur-SP), as festas juninas devem atrair 520 mil turistas este ano, de junho a agosto. Os gastos dos visitantes est\u00e3o estimados em R$ 389 milh\u00f5es em munic\u00edpios do litoral e interior paulista.<\/p>\n\n\n\n<p>\u201cAs festas juninas no interior paulista trazem \u00e0 tona o melhor das tradi\u00e7\u00f5es religiosas com a criatividade do nosso povo, seja pela gastronomia, pela m\u00fasica e pela cultura\u201d, afirma Roberto de Lucena, secret\u00e1rio de Turismo e Viagens.\u00a0<\/p>\n\n\n\n<h2 class=\"wp-block-heading\">Regi\u00e3o de Campinas<\/h2>\n\n\n\n<p>Em Joan\u00f3polis, que completa 147 anos no dia de S\u00e3o Jo\u00e3o, 24 de junho, festan\u00e7as est\u00e3o previstas para o m\u00eas. Este ano, a administra\u00e7\u00e3o municipal est\u00e1 preparando programa\u00e7\u00e3o imperd\u00edvel e totalmente gratuita tendo como atra\u00e7\u00e3o principal a dupla Pedro Paulo e Alex, na Pra\u00e7a Padre Domingos. Prometem deliciosos pratos da culin\u00e1ria caipira como a carne de lata e a intrigante comida do lobisomem, t\u00edpicos da regi\u00e3o.<br>\u00a0<br>A tradicional Quermesse de Santo Ant\u00f4nio est\u00e1 de volta em Americana, trazendo f\u00e9, cultura e muita divers\u00e3o para toda a comunidade. O evento acontece durante o m\u00eas de junho, no p\u00e1tio da Par\u00f3quia Santo Ant\u00f4nio, no bairro Jardim S\u00e3o Paulo, com entrada gratuita. Com barracas t\u00edpicas, comidas juninas, binguinhos, quadrilhas e atra\u00e7\u00f5es musicais ao vivo, a quermesse \u00e9 uma das festas mais esperadas da cidade.<br>\u00a0<br>A Quermesse de Carioba, tamb\u00e9m conhecida como Festa de S\u00e3o Jo\u00e3o Carioba, \u00e9 uma tradicional festa popular que acontece anualmente no bairro Carioba, em Americana. H\u00e1 barracas de comidas t\u00edpicas, apresenta\u00e7\u00f5es culturais, m\u00fasica ao vivo e atividades para toda a fam\u00edlia. A Prefeitura informa que s\u00e3o esperados 65 mil visitantes em Americana e nove mil em Carioba.<br>\u00a0<br>\u00c1guas de S\u00e3o Pedro comemora o 4\u00ba Festival de Quadrilhas Juninas para movimentar a cidade e atrair visitantes. Tudo acontece no per\u00edodo de 13 a 15 de junho, na Pra\u00e7a Dr. Oct\u00e1vio de Moura Andrade, para esta grande festa que envolve apresenta\u00e7\u00e3o de quadrilhas, m\u00fasica ao vivo e pra\u00e7a de alimenta\u00e7\u00e3o. A prefeitura aguarda um p\u00fablico de cinco mil pessoas.<br>\u00a0<br>Em Pedra Bela, a Festa Junina mais tradicional desta cidade acontece no Asilo Madre Paulina nos dias 6, 7 e 8 de junho, na rua do Sal\u00e3o Paroquial.\u00a0 Durante os tr\u00eas dias de evento, est\u00e1 prevista boa programa\u00e7\u00e3o musical e show de pr\u00eamios todos os dias.<\/p>\n","protected":false},"excerpt":{"rendered":"<p>SP destaca festas caipiras do interior paulista com variedade musical e gastron\u00f4mica e que atraem milhares de visitantes O m\u00eas de junho finalmente chegou e com ele o t\u00e3o esperado per\u00edodo de festas juninas. As comidas t\u00edpicas, as m\u00fasicas, as dan\u00e7as de quadrilha e todo o encantamento da \u00e9poca se espalham pelos munic\u00edpios paulistas.&nbsp;De acordo [&hellip;]<\/p>\n","protected":false},"author":7,"featured_media":27616,"comment_status":"closed","ping_status":"open","sticky":false,"template":"","format":"standard","meta":{"rop_custom_images_group":[],"rop_custom_messages_group":[],"rop_publish_now":"initial","rop_publish_now_accounts":[],"rop_publish_now_history":[],"rop_publish_now_status":"pending","footnotes":""},"categories":[194],"tags":[],"class_list":["post-27615","post","type-post","status-publish","format-standard","has-post-thumbnail","hentry","category-regia"],"amp_enabled":true,"_links":{"self":[{"href":"https:\/\/imais.online\/portal\/wp-json\/wp\/v2\/posts\/27615","targetHints":{"allow":["GET"]}}],"collection":[{"href":"https:\/\/imais.online\/portal\/wp-json\/wp\/v2\/posts"}],"about":[{"href":"https:\/\/imais.online\/portal\/wp-json\/wp\/v2\/types\/post"}],"author":[{"embeddable":true,"href":"https:\/\/imais.online\/portal\/wp-json\/wp\/v2\/users\/7"}],"replies":[{"embeddable":true,"href":"https:\/\/imais.online\/portal\/wp-json\/wp\/v2\/comments?post=27615"}],"version-history":[{"count":1,"href":"https:\/\/imais.online\/portal\/wp-json\/wp\/v2\/posts\/27615\/revisions"}],"predecessor-version":[{"id":27617,"href":"https:\/\/imais.online\/portal\/wp-json\/wp\/v2\/posts\/27615\/revisions\/27617"}],"wp:featuredmedia":[{"embeddable":true,"href":"https:\/\/imais.online\/portal\/wp-json\/wp\/v2\/media\/27616"}],"wp:attachment":[{"href":"https:\/\/imais.online\/portal\/wp-json\/wp\/v2\/media?parent=27615"}],"wp:term":[{"taxonomy":"category","embeddable":true,"href":"https:\/\/imais.online\/portal\/wp-json\/wp\/v2\/categories?post=27615"},{"taxonomy":"post_tag","embeddable":true,"href":"https:\/\/imais.online\/portal\/wp-json\/wp\/v2\/tags?post=27615"}],"curies":[{"name":"wp","href":"https:\/\/api.w.org\/{rel}","templated":true}]}}