{"id":27626,"date":"2025-06-11T10:28:03","date_gmt":"2025-06-11T13:28:03","guid":{"rendered":"https:\/\/imais.online\/portal\/?p=27626"},"modified":"2025-06-11T10:28:04","modified_gmt":"2025-06-11T13:28:04","slug":"atleta-de-projeto-social-da-regiao-de-campinas-disputa-o-titulo-latino-americano-de-boxe","status":"publish","type":"post","link":"https:\/\/imais.online\/portal\/atleta-de-projeto-social-da-regiao-de-campinas-disputa-o-titulo-latino-americano-de-boxe\/","title":{"rendered":"Atleta de projeto social da regi\u00e3o de Campinas disputa o t\u00edtulo latino-americano de boxe"},"content":{"rendered":"<div class=\"imais-before-content-placement\" id=\"imais-846754754\"><script async src=\"\/\/pagead2.googlesyndication.com\/pagead\/js\/adsbygoogle.js?client=ca-pub-8787528412751566\" crossorigin=\"anonymous\"><\/script><ins class=\"adsbygoogle\" style=\"display:block;\" data-ad-client=\"ca-pub-8787528412751566\" \ndata-ad-slot=\"\" \ndata-ad-format=\"auto\"><\/ins>\n<script> \n(adsbygoogle = window.adsbygoogle || []).push({}); \n<\/script>\n<\/div>\n<p class=\"has-text-align-center\"><em>Tricampe\u00e3o brasileiro e campe\u00e3o sul-americano na categoria super leve, Pedro &#8216;Magrelo&#8217; tem a chance de ser um dos 15 melhores pugilistas do mundo<\/em><\/p>\n\n\n\n<p>Uma vit\u00f3ria no Seven Boxe Combat, no pr\u00f3ximo domingo (15\/06), pode colocar Pedro Guilherme dos Santos \u201cMagrelo\u201d entre os 15 melhores atletas do mundo na categoria super leve. Para conquistar a posi\u00e7\u00e3o e o t\u00edtulo latino-americano da World Boxing Association (WBA\/Fedelatin), o pugilista profissional da equipe Arte da Luta, de Mogi Mirim (SP), sobe ao ringue contra o venezuelano Eloy Rada.<\/p>\n\n\n\n<p>O Seven Boxe Combat \u00e9 homologado pelo Conselho Nacional do Boxe (CNB), entidade m\u00e1xima do boxe brasileiro filiada ao Conselho Mundial de Boxe (WBC). O torneio ser\u00e1 realizado no Mais Shopping, em S\u00e3o Paulo (SP), com entrada gratuita.<\/p>\n\n\n\n<p>Aos 24 anos, Pedro \u201cMagrelo\u201d, tricampe\u00e3o brasileiro pelo CNB e campe\u00e3o sul-americano Feconsur WBC, tem pela frente um advers\u00e1rio que vem de 17 vit\u00f3rias, sendo 15 por nocaute.<\/p>\n\n\n\n<p>Nascido em Caconde (SP), \u201cMagrelo\u201d iniciou-se no esporte aos 15 anos, integrando a equipe Arte da Luta. Morador da Vila Dias, em Mogi Mirim, o atleta revelado no projeto social do munic\u00edpio se destaca na categoria super leve do boxe brasileiro pelo aprimoramento t\u00e9cnico constante, que tem resultado em conquistas importantes.<\/p>\n\n\n\n<p>\u201cNo Brasil, ainda h\u00e1 muito a ser feito pelo boxe\u201d, afirma J\u00falio Cabrino, empres\u00e1rio do atleta. \u201cO excelente desempenho apresentado por Pedro \u2018Magrelo\u2019, luta ap\u00f3s luta, \u00e9 consequ\u00eancia da estrutura e do apoio necess\u00e1rios para treinar e competir profissionalmente\u201d, completa.<\/p>\n\n\n\n<p>Para M\u00e1rcio Ribeiro, treinador e idealizador do projeto Arte da Luta, o desafio a ser enfrentado por \u201cMagrelo\u201d no pr\u00f3ximo domingo \u00e9 extremamente dif\u00edcil. \u201cEloy Rada tem um cartel de lutas maior e \u00e9 reconhecido por seus advers\u00e1rios pela pegada forte\u201d, observa.<\/p>\n\n\n\n<p>De acordo com Ribeiro, a disputa do t\u00edtulo latino-americano da WBA\/Fedelatin \u00e9 algo que acompanha \u201cMagrelo\u201d desde o in\u00edcio da carreira. \u201cN\u00f3s treinamos muito para esta conquista e queremos incorporar o t\u00edtulo como um dos mais importantes na hist\u00f3ria do Arte da Luta\u201d, afirma.<\/p>\n\n\n\n<p>A luta principal do Seven Boxe Combat traz ao ringue Klisman Sim\u00e3o, bicampe\u00e3o pelo CNB, campe\u00e3o sul-americano pela WBA e atual detentor do t\u00edtulo latino da IBF (International Boxing Federation). Ao desafiar o venezuelano Eliecer Gutierrez, o brasileiro defende o cintur\u00e3o da IBF e disputa os t\u00edtulos latinos da WBA e WBC.<\/p>\n\n\n\n<p><strong>SEVEN BOXE COMBAT<\/strong><\/p>\n\n\n\n<p><strong>Data:<\/strong> domingo (15\/06), a partir das 12h<\/p>\n\n\n\n<p><strong>Local:<\/strong> Mais Shopping (Piso Granja Julieta)<\/p>\n\n\n\n<p>&nbsp;&nbsp;&nbsp;&nbsp;&nbsp;&nbsp;&nbsp;&nbsp;&nbsp;&nbsp;&nbsp;Rua Amador Bueno, 279 \u2013 S\u00e3o Paulo (SP)<\/p>\n\n\n\n<p><strong>Entrada:<\/strong> gratuita<\/p>\n","protected":false},"excerpt":{"rendered":"<p>Tricampe\u00e3o brasileiro e campe\u00e3o sul-americano na categoria super leve, Pedro &#8216;Magrelo&#8217; tem a chance de ser um dos 15 melhores pugilistas do mundo Uma vit\u00f3ria no Seven Boxe Combat, no pr\u00f3ximo domingo (15\/06), pode colocar Pedro Guilherme dos Santos \u201cMagrelo\u201d entre os 15 melhores atletas do mundo na categoria super leve. Para conquistar a posi\u00e7\u00e3o [&hellip;]<\/p>\n","protected":false},"author":7,"featured_media":27627,"comment_status":"closed","ping_status":"open","sticky":false,"template":"","format":"standard","meta":{"rop_custom_images_group":[],"rop_custom_messages_group":[],"rop_publish_now":"initial","rop_publish_now_accounts":[],"rop_publish_now_history":[],"rop_publish_now_status":"pending","footnotes":""},"categories":[194],"tags":[],"class_list":["post-27626","post","type-post","status-publish","format-standard","has-post-thumbnail","hentry","category-regia"],"amp_enabled":true,"_links":{"self":[{"href":"https:\/\/imais.online\/portal\/wp-json\/wp\/v2\/posts\/27626","targetHints":{"allow":["GET"]}}],"collection":[{"href":"https:\/\/imais.online\/portal\/wp-json\/wp\/v2\/posts"}],"about":[{"href":"https:\/\/imais.online\/portal\/wp-json\/wp\/v2\/types\/post"}],"author":[{"embeddable":true,"href":"https:\/\/imais.online\/portal\/wp-json\/wp\/v2\/users\/7"}],"replies":[{"embeddable":true,"href":"https:\/\/imais.online\/portal\/wp-json\/wp\/v2\/comments?post=27626"}],"version-history":[{"count":1,"href":"https:\/\/imais.online\/portal\/wp-json\/wp\/v2\/posts\/27626\/revisions"}],"predecessor-version":[{"id":27628,"href":"https:\/\/imais.online\/portal\/wp-json\/wp\/v2\/posts\/27626\/revisions\/27628"}],"wp:featuredmedia":[{"embeddable":true,"href":"https:\/\/imais.online\/portal\/wp-json\/wp\/v2\/media\/27627"}],"wp:attachment":[{"href":"https:\/\/imais.online\/portal\/wp-json\/wp\/v2\/media?parent=27626"}],"wp:term":[{"taxonomy":"category","embeddable":true,"href":"https:\/\/imais.online\/portal\/wp-json\/wp\/v2\/categories?post=27626"},{"taxonomy":"post_tag","embeddable":true,"href":"https:\/\/imais.online\/portal\/wp-json\/wp\/v2\/tags?post=27626"}],"curies":[{"name":"wp","href":"https:\/\/api.w.org\/{rel}","templated":true}]}}