{"id":2763,"date":"2021-11-01T11:49:25","date_gmt":"2021-11-01T14:49:25","guid":{"rendered":"https:\/\/imais.online\/portal\/?p=2763"},"modified":"2021-11-01T11:51:18","modified_gmt":"2021-11-01T14:51:18","slug":"sp-encerra-outubro-com-90-menos-dos-internados-por-covid-19-que-no-pico-da-2a-onda","status":"publish","type":"post","link":"https:\/\/imais.online\/portal\/sp-encerra-outubro-com-90-menos-dos-internados-por-covid-19-que-no-pico-da-2a-onda\/","title":{"rendered":"SP encerra outubro com 90% menos dos internados por Covid-19 que no pico da 2\u00aa onda"},"content":{"rendered":"<div class=\"imais-before-content-placement\" id=\"imais-2973222095\"><script async src=\"\/\/pagead2.googlesyndication.com\/pagead\/js\/adsbygoogle.js?client=ca-pub-8787528412751566\" crossorigin=\"anonymous\"><\/script><ins class=\"adsbygoogle\" style=\"display:block;\" data-ad-client=\"ca-pub-8787528412751566\" \ndata-ad-slot=\"\" \ndata-ad-format=\"auto\"><\/ins>\n<script> \n(adsbygoogle = window.adsbygoogle || []).push({}); \n<\/script>\n<\/div>\n<p class=\"has-text-align-center\">Sete meses atr\u00e1s, Estado chegou a ter mais de 31,3 mil hospitalizados com a doen\u00e7a; queda \u00e9 resultado da vacina\u00e7\u00e3o<\/p>\n\n\n\n<p>O Estado de S\u00e3o Paulo registra neste domingo (31) 3.245 pessoas internadas com Covid-19, somando 1.591 em UTI e 1.654 em enfermaria. O balan\u00e7o representa queda superior a 90% nas hospitaliza\u00e7\u00f5es quando comparado aos n\u00fameros recordes do pico da segunda onda da pandemia.<\/p>\n\n\n\n<p>Sete meses atr\u00e1s, o m\u00eas de mar\u00e7o acabava com mais de 31 mil pacientes em leitos cl\u00ednicos ou de Terapia Intensiva por conta da doen\u00e7a. A redu\u00e7\u00e3o expressiva verificada nesse per\u00edodo \u00e9 reflexo da campanha de imuniza\u00e7\u00e3o em SP.<\/p>\n\n\n\n<p>No decorrer da pandemia, at\u00e9 o momento, houve 4.406.077 casos de COVID-19. Destes, 4.232.414 tiveram a doen\u00e7a e j\u00e1 est\u00e3o recuperados, incluindo 455.422 que foram internados e receberam alta hospitalar. Houve tamb\u00e9m 152.002 \u00f3bitos.<\/p>\n\n\n\n<p>A taxa de ocupa\u00e7\u00e3o dos leitos de UTI no estado hoje \u00e9 de 26,6% e na Grande S\u00e3o Paulo \u00e9 de 36,4%.<\/p>\n\n\n\n<p>O detalhamento dos dados da pandemia est\u00e1 dispon\u00edvel no site&nbsp;<a href=\"http:\/\/www.saopaulo.sp.gov.br\/coronavirus\">www.saopaulo.sp.gov.br\/coronavirus<\/a>.<\/p>\n\n\n\n<p><em>Dados atualizados em 31\/10\/2021 \u2013 17h05<\/em><\/p>\n","protected":false},"excerpt":{"rendered":"<p>Sete meses atr\u00e1s, Estado chegou a ter mais de 31,3 mil hospitalizados com a doen\u00e7a; queda \u00e9 resultado da vacina\u00e7\u00e3o O Estado de S\u00e3o Paulo registra neste domingo (31) 3.245 pessoas internadas com Covid-19, somando 1.591 em UTI e 1.654 em enfermaria. O balan\u00e7o representa queda superior a 90% nas hospitaliza\u00e7\u00f5es quando comparado aos n\u00fameros [&hellip;]<\/p>\n","protected":false},"author":7,"featured_media":2764,"comment_status":"closed","ping_status":"open","sticky":false,"template":"","format":"standard","meta":{"rop_custom_images_group":[],"rop_custom_messages_group":[],"rop_publish_now":"initial","rop_publish_now_accounts":[],"rop_publish_now_history":[],"rop_publish_now_status":"pending","footnotes":""},"categories":[195],"tags":[73],"class_list":["post-2763","post","type-post","status-publish","format-standard","has-post-thumbnail","hentry","category-sao-paulo","tag-featured"],"amp_enabled":true,"_links":{"self":[{"href":"https:\/\/imais.online\/portal\/wp-json\/wp\/v2\/posts\/2763","targetHints":{"allow":["GET"]}}],"collection":[{"href":"https:\/\/imais.online\/portal\/wp-json\/wp\/v2\/posts"}],"about":[{"href":"https:\/\/imais.online\/portal\/wp-json\/wp\/v2\/types\/post"}],"author":[{"embeddable":true,"href":"https:\/\/imais.online\/portal\/wp-json\/wp\/v2\/users\/7"}],"replies":[{"embeddable":true,"href":"https:\/\/imais.online\/portal\/wp-json\/wp\/v2\/comments?post=2763"}],"version-history":[{"count":1,"href":"https:\/\/imais.online\/portal\/wp-json\/wp\/v2\/posts\/2763\/revisions"}],"predecessor-version":[{"id":2765,"href":"https:\/\/imais.online\/portal\/wp-json\/wp\/v2\/posts\/2763\/revisions\/2765"}],"wp:featuredmedia":[{"embeddable":true,"href":"https:\/\/imais.online\/portal\/wp-json\/wp\/v2\/media\/2764"}],"wp:attachment":[{"href":"https:\/\/imais.online\/portal\/wp-json\/wp\/v2\/media?parent=2763"}],"wp:term":[{"taxonomy":"category","embeddable":true,"href":"https:\/\/imais.online\/portal\/wp-json\/wp\/v2\/categories?post=2763"},{"taxonomy":"post_tag","embeddable":true,"href":"https:\/\/imais.online\/portal\/wp-json\/wp\/v2\/tags?post=2763"}],"curies":[{"name":"wp","href":"https:\/\/api.w.org\/{rel}","templated":true}]}}