{"id":27669,"date":"2025-06-14T11:26:44","date_gmt":"2025-06-14T14:26:44","guid":{"rendered":"https:\/\/imais.online\/portal\/?p=27669"},"modified":"2025-06-14T11:26:45","modified_gmt":"2025-06-14T14:26:45","slug":"papa-pede-mundo-livre-da-ameaca-nuclear-apos-conflito-no-oriente-medio","status":"publish","type":"post","link":"https:\/\/imais.online\/portal\/papa-pede-mundo-livre-da-ameaca-nuclear-apos-conflito-no-oriente-medio\/","title":{"rendered":"Papa pede &#8220;mundo livre da amea\u00e7a nuclear&#8221; ap\u00f3s conflito no Oriente M\u00e9dio"},"content":{"rendered":"<div class=\"imais-before-content-placement\" id=\"imais-1052464006\"><script async src=\"\/\/pagead2.googlesyndication.com\/pagead\/js\/adsbygoogle.js?client=ca-pub-8787528412751566\" crossorigin=\"anonymous\"><\/script><ins class=\"adsbygoogle\" style=\"display:block;\" data-ad-client=\"ca-pub-8787528412751566\" \ndata-ad-slot=\"\" \ndata-ad-format=\"auto\"><\/ins>\n<script> \n(adsbygoogle = window.adsbygoogle || []).push({}); \n<\/script>\n<\/div>\n<h2 class=\"wp-block-heading\">Pont\u00edfice se manifesta pela primeira vez sobre a crise e expressa preocupa\u00e7\u00e3o com conflito entre Ir\u00e3 e Israel<\/h2>\n\n\n\n<p>O Papa Le\u00e3o XIV fez um apelo por um compromisso global para eliminar a amea\u00e7a nuclear e expressou preocupa\u00e7\u00e3o com a escalada do conflito entre Ir\u00e3 e Israel neste s\u00e1bado (14).<\/p>\n\n\n\n<p>\u201cConstruir um mundo mais seguro e livre da amea\u00e7a nuclear deve ser buscado por meio de um encontro respeitoso e de um di\u00e1logo sincero para construir uma paz duradoura, fundada na justi\u00e7a, na fraternidade e no bem comum\u201d, afirmou o papa.<\/p>\n\n\n\n<p>O discurso de Le\u00e3o XIV ocorreu durante a Audi\u00eancia Jubilar, na Bas\u00edlica de S\u00e3o Pedro, e marcou a primeira vez que o pont\u00edfice se pronunciou publicamente sobre o\u00a0<a rel=\"noreferrer noopener\" href=\"https:\/\/www.cnnbrasil.com.br\/internacional\/correspondente-da-cnn-relata-situacao-em-tel-aviv-apos-ataque-do-ira\/\" target=\"_blank\">conflito no Oriente M\u00e9dio<\/a>.<\/p>\n\n\n\n<p>A declara\u00e7\u00e3o de Le\u00e3o XIV acontece em meio&nbsp;<a href=\"https:\/\/www.cnnbrasil.com.br\/internacional\/teera-vai-queimar-se-ira-continuar-atacando-diz-ministro-israelense\/\" target=\"_blank\" rel=\"noreferrer noopener\">ao aumento de tens\u00f5es entre os dois pa\u00edses<\/a>&nbsp;por conta de um conflito que se iniciou na \u00faltima quinta-feira (11).<\/p>\n\n\n\n<p>Segundo a m\u00eddia estatal iraniana, um ataque israelense a um pr\u00e9dio residencial em Teer\u00e3 deixou ao menos 60 mortos. J\u00e1 o servi\u00e7o de emerg\u00eancia israelense confirmou que&nbsp;<a href=\"https:\/\/www.cnnbrasil.com.br\/internacional\/sobe-para-tres-o-numero-de-mortos-em-ataques-iranianos-contra-israel\/\" target=\"_blank\" rel=\"noreferrer noopener\">tr\u00eas pessoas morreram<\/a>&nbsp;em decorr\u00eancia de uma s\u00e9rie de ataques lan\u00e7ados pelo Ir\u00e3 na madrugada deste s\u00e1bado (14).<\/p>\n\n\n\n<p>\u201cO cen\u00e1rio no Ir\u00e3 e em Israel se deteriorou gravemente\u201d, alertou o papa, refor\u00e7ando o apelo por di\u00e1logo para a resolu\u00e7\u00e3o de conflitos.<\/p>\n\n\n\n<p>\u201cNingu\u00e9m jamais deve amea\u00e7ar a exist\u00eancia de outro. \u00c9 dever de todos os pa\u00edses apoiar a causa da paz, abrindo caminhos de reconcilia\u00e7\u00e3o e promovendo solu\u00e7\u00f5es que garantam seguran\u00e7a e dignidade para todos!\u201d, complementou o papa.<\/p>\n\n\n\n<p>O papa reiterou o pedido para que todos os pa\u00edses se comprometam com a causa da paz, contribuindo para iniciativas que promovam a reconcilia\u00e7\u00e3o e garantam a dignidade humana, mesmo em meio a conflitos.<\/p>\n\n\n\n<p>Fonte CNN Brasil <\/p>\n","protected":false},"excerpt":{"rendered":"<p>Pont\u00edfice se manifesta pela primeira vez sobre a crise e expressa preocupa\u00e7\u00e3o com conflito entre Ir\u00e3 e Israel O Papa Le\u00e3o XIV fez um apelo por um compromisso global para eliminar a amea\u00e7a nuclear e expressou preocupa\u00e7\u00e3o com a escalada do conflito entre Ir\u00e3 e Israel neste s\u00e1bado (14). \u201cConstruir um mundo mais seguro e [&hellip;]<\/p>\n","protected":false},"author":8,"featured_media":27670,"comment_status":"closed","ping_status":"open","sticky":false,"template":"","format":"standard","meta":{"rop_custom_images_group":[],"rop_custom_messages_group":[],"rop_publish_now":"initial","rop_publish_now_accounts":[],"rop_publish_now_history":[],"rop_publish_now_status":"pending","footnotes":""},"categories":[212],"tags":[],"class_list":["post-27669","post","type-post","status-publish","format-standard","has-post-thumbnail","hentry","category-internacional"],"amp_enabled":true,"_links":{"self":[{"href":"https:\/\/imais.online\/portal\/wp-json\/wp\/v2\/posts\/27669","targetHints":{"allow":["GET"]}}],"collection":[{"href":"https:\/\/imais.online\/portal\/wp-json\/wp\/v2\/posts"}],"about":[{"href":"https:\/\/imais.online\/portal\/wp-json\/wp\/v2\/types\/post"}],"author":[{"embeddable":true,"href":"https:\/\/imais.online\/portal\/wp-json\/wp\/v2\/users\/8"}],"replies":[{"embeddable":true,"href":"https:\/\/imais.online\/portal\/wp-json\/wp\/v2\/comments?post=27669"}],"version-history":[{"count":1,"href":"https:\/\/imais.online\/portal\/wp-json\/wp\/v2\/posts\/27669\/revisions"}],"predecessor-version":[{"id":27671,"href":"https:\/\/imais.online\/portal\/wp-json\/wp\/v2\/posts\/27669\/revisions\/27671"}],"wp:featuredmedia":[{"embeddable":true,"href":"https:\/\/imais.online\/portal\/wp-json\/wp\/v2\/media\/27670"}],"wp:attachment":[{"href":"https:\/\/imais.online\/portal\/wp-json\/wp\/v2\/media?parent=27669"}],"wp:term":[{"taxonomy":"category","embeddable":true,"href":"https:\/\/imais.online\/portal\/wp-json\/wp\/v2\/categories?post=27669"},{"taxonomy":"post_tag","embeddable":true,"href":"https:\/\/imais.online\/portal\/wp-json\/wp\/v2\/tags?post=27669"}],"curies":[{"name":"wp","href":"https:\/\/api.w.org\/{rel}","templated":true}]}}