{"id":27673,"date":"2025-06-15T15:23:46","date_gmt":"2025-06-15T18:23:46","guid":{"rendered":"https:\/\/imais.online\/portal\/?p=27673"},"modified":"2025-06-15T15:23:47","modified_gmt":"2025-06-15T18:23:47","slug":"confirmado-primeiro-caso-de-gripe-aviaria-do-ano-no-estado-de-sao-paulo","status":"publish","type":"post","link":"https:\/\/imais.online\/portal\/confirmado-primeiro-caso-de-gripe-aviaria-do-ano-no-estado-de-sao-paulo\/","title":{"rendered":"Confirmado primeiro caso de gripe avi\u00e1ria do ano no estado de S\u00e3o Paulo"},"content":{"rendered":"<div class=\"imais-before-content-placement\" id=\"imais-1890675587\"><script async src=\"\/\/pagead2.googlesyndication.com\/pagead\/js\/adsbygoogle.js?client=ca-pub-8787528412751566\" crossorigin=\"anonymous\"><\/script><ins class=\"adsbygoogle\" style=\"display:block;\" data-ad-client=\"ca-pub-8787528412751566\" \ndata-ad-slot=\"\" \ndata-ad-format=\"auto\"><\/ins>\n<script> \n(adsbygoogle = window.adsbygoogle || []).push({}); \n<\/script>\n<\/div>\n<h2 class=\"wp-block-heading\">O foco ocorreu em uma marreca-caneleira, ave silvestre localizada na regi\u00e3o central de Diadema, munic\u00edpio da Grande S\u00e3o Paulo<\/h2>\n\n\n\n<p>A Secretaria de Agricultura e Abastecimento de&nbsp;<a href=\"https:\/\/noticias.r7.com\/saude\/anvisa-avalia-desenvolvimento-de-vacina-contra-gripe-aviaria-para-humanos-12062025\/\"><strong>S\u00e3o Paulo&nbsp;<\/strong><\/a>confirmou o&nbsp;<strong>primeiro caso de<\/strong><a href=\"https:\/\/noticias.r7.com\/brasilia\/gripe-aviaria-caem-para-seis-os-casos-em-investigacao-nenhum-e-em-granja-comercial-08062025\/\"><strong>&nbsp;gripe avi\u00e1ria<\/strong><\/a>&nbsp;no estado, em 2025. Segundo a pasta,&nbsp;<a href=\"https:\/\/noticias.r7.com\/cidades\/gripe-aviaria-no-brasil-entenda-a-situacao-em-cinco-pontos-18052025\/\"><strong>n\u00e3o h\u00e1 risco&nbsp;<\/strong><\/a><strong>para a popula\u00e7\u00e3o<\/strong>, nem impacto \u00e0 cadeia produtiva de aves e ovos.<\/p>\n\n\n\n<p>O foco ocorreu em uma marreca-caneleira, ave silvestre localizada na regi\u00e3o central de Diadema, munic\u00edpio da Grande S\u00e3o Paulo. No Brasil, o primeiro caso de gripe avi\u00e1ria (influenza avi\u00e1ria de alta patogenicidade) em granjas comerciais foi registrado no dia 15 de maio, em Montenegro, no Rio Grande do Sul.<\/p>\n\n\n\n<p>A ocorr\u00eancia levou cerca de 20 pa\u00edses, entre eles China, \u00c1frica do Sul e M\u00e9xico, a suspenderem as importa\u00e7\u00f5es de carne de frango do Brasil.<\/p>\n\n\n\n<p>O caso positivo de S\u00e3o Paulo foi confirmado pelo Laborat\u00f3rio Federal de Defesa Agropecu\u00e1ria (LFDA-SP). Segundo a Secretaria de Agricultura, trata-se de um caso isolado, em ave silvestre migrat\u00f3ria, sem qualquer rela\u00e7\u00e3o com granjas comerciais ou produ\u00e7\u00e3o de alimentos.<\/p>\n\n\n\n<p>Segundo a pasta, a Coordenadoria de Defesa Agropecu\u00e1ria (CDA) fez o exame e colheita de amostras da ave. Ela foi encontrada sem rea\u00e7\u00e3o \u00e0 presen\u00e7a humana e apresentava sinais cl\u00ednicos, como dificuldade de voar, letargia e altera\u00e7\u00f5es respirat\u00f3rias e neurol\u00f3gicas.<\/p>\n\n\n\n<p>Este ano, o Estado de S\u00e3o Paulo teve 37 notifica\u00e7\u00f5es para influenza avi\u00e1ria, mas nenhum caso havia sido confirmado. Em 2024, houve apenas um foco confirmado em 110 notifica\u00e7\u00f5es. No ano anterior, S\u00e3o Paulo registrou 53 focos, todos em aves silvestres.<\/p>\n\n\n\n<h3 class=\"wp-block-heading\">Sem embargo \u00e0 carne ou risco \u00e0 popula\u00e7\u00e3o<\/h3>\n\n\n\n<p>Conforme a CDA, em se tratando de foco de influenza avi\u00e1ria em ave silvestre, n\u00e3o ocorre embargo nas exporta\u00e7\u00f5es de carnes e ovos, n\u00e3o sendo alterado o status sanit\u00e1rio de S\u00e3o Paulo e do Brasil perante a Organiza\u00e7\u00e3o Mundial de Sa\u00fade Animal.<\/p>\n\n\n\n<p>O governo de S\u00e3o Paulo garante n\u00e3o haver risco \u00e0 popula\u00e7\u00e3o nem impacto na produ\u00e7\u00e3o av\u00edcola, e que o consumo de carne de aves e ovos \u00e9 seguro.<\/p>\n\n\n\n<p>Conforme a CDA, n\u00e3o h\u00e1 estabelecimentos av\u00edcolas comerciais no raio de 10 quil\u00f4metros da ocorr\u00eancia do foco. Ser\u00e3o realizadas a\u00e7\u00f5es de vigil\u00e2ncia na \u00e1rea para identificar a poss\u00edvel ocorr\u00eancia de mortandade em aves ou a exist\u00eancia de sintomatologia compat\u00edvel com a doen\u00e7a.<\/p>\n\n\n\n<p>Os moradores locais ser\u00e3o instru\u00eddos para identificar eventuais sinais da gripe. Segundo o governo, a Defesa Agropecu\u00e1ria est\u00e1 em contato permanente com equipes t\u00e9cnicas da Secretaria da Sa\u00fade, Secretaria do Meio Ambiente e administra\u00e7\u00f5es de Parques Zool\u00f3gicos do Estado, al\u00e9m de organiza\u00e7\u00f5es n\u00e3o governamentais, para a\u00e7\u00f5es conjuntas de enfrentamento \u00e0 gripe avi\u00e1ria.<\/p>\n\n\n\n<h3 class=\"wp-block-heading\">O que a popula\u00e7\u00e3o deve saber<\/h3>\n\n\n\n<p>A Defesa Agropecu\u00e1ria refor\u00e7a que o consumo de carne de aves e ovos n\u00e3o transmite a doen\u00e7a, mas as pessoas n\u00e3o devem tocar em aves que apresentarem sinais cl\u00ednicos.<\/p>\n\n\n\n<p>A infec\u00e7\u00e3o humana ocorre principalmente por contato direto com aves infectadas, portanto aves doentes ou mortas n\u00e3o devem ser manipuladas sem a utiliza\u00e7\u00e3o de equipamento de prote\u00e7\u00e3o individual (luvas e m\u00e1scaras).<\/p>\n\n\n\n<p>O Estado de S\u00e3o Paulo n\u00e3o registrou, at\u00e9 o momento, nenhum caso da doen\u00e7a em humanos. A pasta da Agricultura elaborou um plano de conting\u00eancia para coordenar a\u00e7\u00f5es para enfrentamento em caso de influenza avi\u00e1ria em humanos.<\/p>\n\n\n\n<p>A secretaria realiza o monitoramento dos mun\u00edcipes envolvidos na notifica\u00e7\u00e3o do caso em Diadema.<\/p>\n\n\n\n<p>A Defesa Agropecu\u00e1ria deve ser acionada imediatamente caso ocorra alguma suspeita da doen\u00e7a ou identifica\u00e7\u00e3o de aves mortas. Os endere\u00e7os est\u00e3o no site https:\/\/www.defesa.agricultura.sp.gov.br\/enderecos\/.<\/p>\n\n\n\n<p>Fonte R7<\/p>\n","protected":false},"excerpt":{"rendered":"<p>O foco ocorreu em uma marreca-caneleira, ave silvestre localizada na regi\u00e3o central de Diadema, munic\u00edpio da Grande S\u00e3o Paulo A Secretaria de Agricultura e Abastecimento de&nbsp;S\u00e3o Paulo&nbsp;confirmou o&nbsp;primeiro caso de&nbsp;gripe avi\u00e1ria&nbsp;no estado, em 2025. Segundo a pasta,&nbsp;n\u00e3o h\u00e1 risco&nbsp;para a popula\u00e7\u00e3o, nem impacto \u00e0 cadeia produtiva de aves e ovos. O foco ocorreu em uma [&hellip;]<\/p>\n","protected":false},"author":8,"featured_media":27674,"comment_status":"closed","ping_status":"open","sticky":false,"template":"","format":"standard","meta":{"rop_custom_images_group":[],"rop_custom_messages_group":[],"rop_publish_now":"initial","rop_publish_now_accounts":[],"rop_publish_now_history":[],"rop_publish_now_status":"pending","footnotes":""},"categories":[195],"tags":[],"class_list":["post-27673","post","type-post","status-publish","format-standard","has-post-thumbnail","hentry","category-sao-paulo"],"amp_enabled":true,"_links":{"self":[{"href":"https:\/\/imais.online\/portal\/wp-json\/wp\/v2\/posts\/27673","targetHints":{"allow":["GET"]}}],"collection":[{"href":"https:\/\/imais.online\/portal\/wp-json\/wp\/v2\/posts"}],"about":[{"href":"https:\/\/imais.online\/portal\/wp-json\/wp\/v2\/types\/post"}],"author":[{"embeddable":true,"href":"https:\/\/imais.online\/portal\/wp-json\/wp\/v2\/users\/8"}],"replies":[{"embeddable":true,"href":"https:\/\/imais.online\/portal\/wp-json\/wp\/v2\/comments?post=27673"}],"version-history":[{"count":1,"href":"https:\/\/imais.online\/portal\/wp-json\/wp\/v2\/posts\/27673\/revisions"}],"predecessor-version":[{"id":27675,"href":"https:\/\/imais.online\/portal\/wp-json\/wp\/v2\/posts\/27673\/revisions\/27675"}],"wp:featuredmedia":[{"embeddable":true,"href":"https:\/\/imais.online\/portal\/wp-json\/wp\/v2\/media\/27674"}],"wp:attachment":[{"href":"https:\/\/imais.online\/portal\/wp-json\/wp\/v2\/media?parent=27673"}],"wp:term":[{"taxonomy":"category","embeddable":true,"href":"https:\/\/imais.online\/portal\/wp-json\/wp\/v2\/categories?post=27673"},{"taxonomy":"post_tag","embeddable":true,"href":"https:\/\/imais.online\/portal\/wp-json\/wp\/v2\/tags?post=27673"}],"curies":[{"name":"wp","href":"https:\/\/api.w.org\/{rel}","templated":true}]}}