{"id":27676,"date":"2025-06-15T15:27:04","date_gmt":"2025-06-15T18:27:04","guid":{"rendered":"https:\/\/imais.online\/portal\/?p=27676"},"modified":"2025-06-15T15:27:05","modified_gmt":"2025-06-15T18:27:05","slug":"morre-bira-presidente-fundador-do-fundo-de-quintal-e-icone-do-samba-aos-88-anos","status":"publish","type":"post","link":"https:\/\/imais.online\/portal\/morre-bira-presidente-fundador-do-fundo-de-quintal-e-icone-do-samba-aos-88-anos\/","title":{"rendered":"Morre Bira Presidente, fundador do Fundo de Quintal e \u00edcone do samba, aos 88 anos"},"content":{"rendered":"<div class=\"imais-before-content-placement\" id=\"imais-1776208144\"><script async src=\"\/\/pagead2.googlesyndication.com\/pagead\/js\/adsbygoogle.js?client=ca-pub-8787528412751566\" crossorigin=\"anonymous\"><\/script><ins class=\"adsbygoogle\" style=\"display:block;\" data-ad-client=\"ca-pub-8787528412751566\" \ndata-ad-slot=\"\" \ndata-ad-format=\"auto\"><\/ins>\n<script> \n(adsbygoogle = window.adsbygoogle || []).push({}); \n<\/script>\n<\/div>\n<h2 class=\"wp-block-heading\">Criador do Cacique de Ramos, m\u00fasico redefiniu a roda de samba e deixa legado imensur\u00e1vel na cultura popular brasileira<\/h2>\n\n\n\n<p>Ubirajara F\u00e9lix do Nascimento, o Bira Presidente, morreu \u00e0s 23h55 deste s\u00e1bado (14), aos 88 anos, no Hospital da Unimed Ferj, na Barra da Tijuca, no Rio de Janeiro. A morte foi causada por complica\u00e7\u00f5es decorrentes de um c\u00e2ncer de pr\u00f3stata e do avan\u00e7o do Alzheimer. A informa\u00e7\u00e3o foi confirmada pelo Gr\u00eamio Recreativo Cacique de Ramos e pelo Grupo Fundo de Quintal.<\/p>\n\n\n\n<p>Figura central do samba carioca, Bira deixa um legado profundo como fundador e presidente vital\u00edcio do Cacique de Ramos, bloco criado em 1961 que se tornou refer\u00eancia cultural e ber\u00e7o de uma gera\u00e7\u00e3o inovadora de sambistas. Com seu pandeiro, sua presen\u00e7a carism\u00e1tica e sua lideran\u00e7a serena, moldou n\u00e3o s\u00f3 o estilo musical de uma \u00e9poca, mas tamb\u00e9m os rumos da cultura popular brasileira.<\/p>\n\n\n\n<p>Foi no p\u00e1tio do Cacique que nasceu, no fim dos anos 1970, o grupo Fundo de Quintal \u2014 do qual Bira foi um dos fundadores. A forma\u00e7\u00e3o original, que inclu\u00eda nomes como Jorge Arag\u00e3o, Arlindo Cruz, Almir Guineto, Sombrinha e Neoci, trouxe instrumentos como o tant\u00e3, o repique de m\u00e3o e o banjo para o centro da roda, revolucionando a linguagem do samba e consolidando o g\u00eanero que viria a ser conhecido como pagode.<\/p>\n\n\n\n<p>Homem de firmeza \u00e9tica e generosidade contagiante, Bira Presidente transformou o \u201cDoce Ref\u00fagio\u201d, como ficou conhecido o espa\u00e7o do Cacique, em ponto de encontro de artistas, compositores e apaixonados pelo samba. Ali, Beth Carvalho descobriu e impulsionou carreiras. Zeca Pagodinho, Dudu Nobre e tantos outros foram inspirados por aquele ch\u00e3o.<\/p>\n\n\n\n<p>Bira deixa as filhas Karla Marcelly e Christian Kelly, os netos Yan e Brian, e a bisneta Lua. O vel\u00f3rio e o sepultamento ainda n\u00e3o tiveram data e local confirmados pela fam\u00edlia.<\/p>\n\n\n\n<p>Fonte R7<\/p>\n","protected":false},"excerpt":{"rendered":"<p>Criador do Cacique de Ramos, m\u00fasico redefiniu a roda de samba e deixa legado imensur\u00e1vel na cultura popular brasileira Ubirajara F\u00e9lix do Nascimento, o Bira Presidente, morreu \u00e0s 23h55 deste s\u00e1bado (14), aos 88 anos, no Hospital da Unimed Ferj, na Barra da Tijuca, no Rio de Janeiro. A morte foi causada por complica\u00e7\u00f5es decorrentes [&hellip;]<\/p>\n","protected":false},"author":8,"featured_media":27677,"comment_status":"closed","ping_status":"open","sticky":false,"template":"","format":"standard","meta":{"rop_custom_images_group":[],"rop_custom_messages_group":[],"rop_publish_now":"initial","rop_publish_now_accounts":[],"rop_publish_now_history":[],"rop_publish_now_status":"pending","footnotes":""},"categories":[237],"tags":[73],"class_list":["post-27676","post","type-post","status-publish","format-standard","has-post-thumbnail","hentry","category-luto","tag-featured"],"amp_enabled":true,"_links":{"self":[{"href":"https:\/\/imais.online\/portal\/wp-json\/wp\/v2\/posts\/27676","targetHints":{"allow":["GET"]}}],"collection":[{"href":"https:\/\/imais.online\/portal\/wp-json\/wp\/v2\/posts"}],"about":[{"href":"https:\/\/imais.online\/portal\/wp-json\/wp\/v2\/types\/post"}],"author":[{"embeddable":true,"href":"https:\/\/imais.online\/portal\/wp-json\/wp\/v2\/users\/8"}],"replies":[{"embeddable":true,"href":"https:\/\/imais.online\/portal\/wp-json\/wp\/v2\/comments?post=27676"}],"version-history":[{"count":1,"href":"https:\/\/imais.online\/portal\/wp-json\/wp\/v2\/posts\/27676\/revisions"}],"predecessor-version":[{"id":27678,"href":"https:\/\/imais.online\/portal\/wp-json\/wp\/v2\/posts\/27676\/revisions\/27678"}],"wp:featuredmedia":[{"embeddable":true,"href":"https:\/\/imais.online\/portal\/wp-json\/wp\/v2\/media\/27677"}],"wp:attachment":[{"href":"https:\/\/imais.online\/portal\/wp-json\/wp\/v2\/media?parent=27676"}],"wp:term":[{"taxonomy":"category","embeddable":true,"href":"https:\/\/imais.online\/portal\/wp-json\/wp\/v2\/categories?post=27676"},{"taxonomy":"post_tag","embeddable":true,"href":"https:\/\/imais.online\/portal\/wp-json\/wp\/v2\/tags?post=27676"}],"curies":[{"name":"wp","href":"https:\/\/api.w.org\/{rel}","templated":true}]}}