{"id":27682,"date":"2025-06-15T15:33:56","date_gmt":"2025-06-15T18:33:56","guid":{"rendered":"https:\/\/imais.online\/portal\/?p=27682"},"modified":"2025-06-15T15:33:57","modified_gmt":"2025-06-15T18:33:57","slug":"morre-bira-presidente-fundador-do-cacique-de-ramos-e-do-fundo-de-quintal-famosos-lamentam","status":"publish","type":"post","link":"https:\/\/imais.online\/portal\/morre-bira-presidente-fundador-do-cacique-de-ramos-e-do-fundo-de-quintal-famosos-lamentam\/","title":{"rendered":"Morre Bira Presidente, fundador do Cacique de Ramos e do Fundo de Quintal; famosos lamentam"},"content":{"rendered":"<div class=\"imais-before-content-placement\" id=\"imais-388418421\"><script async src=\"\/\/pagead2.googlesyndication.com\/pagead\/js\/adsbygoogle.js?client=ca-pub-8787528412751566\" crossorigin=\"anonymous\"><\/script><ins class=\"adsbygoogle\" style=\"display:block;\" data-ad-client=\"ca-pub-8787528412751566\" \ndata-ad-slot=\"\" \ndata-ad-format=\"auto\"><\/ins>\n<script> \n(adsbygoogle = window.adsbygoogle || []).push({}); \n<\/script>\n<\/div>\n<h2 class=\"wp-block-heading\">Ubirajara F\u00e9lix do Nascimento morreu aos 88 anos no s\u00e1bado (14), em decorr\u00eancia de complica\u00e7\u00f5es do c\u00e2ncer de pr\u00f3stata e Alzheimer<\/h2>\n\n\n\n<p><strong>Luto no samba<\/strong>. Bira Presidente, fundador do Cacique de Ramos e do grupo Fundo de Quintal, morreu na noite de s\u00e1bado (14), aos 88 anos, em decorr\u00eancia de complica\u00e7\u00f5es do c\u00e2ncer de pr\u00f3stata e Alzheimer. Com a not\u00edcia, famosos lamentaram e prestaram suas homenagens ao grande artista.<\/p>\n\n\n\n<p>Bira deixa as filhas Karla Marcelly e Christian Kelly, os netos Yan e Brian, e a bisneta Lua. O&nbsp;<a class=\"\" href=\"https:\/\/gshow.globo.com\/cultura-pop\/famosos\/noticia\/velorio-de-bira-fundador-do-cacique-de-ramos-e-do-fundo-de-quintal-sera-na-segunda-feira-no-rio.ghtml\">vel\u00f3rio ser\u00e1 nesta segunda-feira (16), de 14h \u00e0s 16h30, na Capela 9 do Cemit\u00e9rio Jardim da Saudade, em Sulacap, Zona Oeste do Rio de Janeiro<\/a>.<\/p>\n\n\n\n<p><strong>Veja os coment\u00e1rios dos famosos:<\/strong><\/p>\n\n\n\n<figure class=\"wp-block-image\"><img decoding=\"async\" src=\"https:\/\/s2-gshow.glbimg.com\/U1ozMiRRfLRTj59o4R2LtlcYoK4=\/0x0:1080x1350\/984x0\/smart\/filters:strip_icc()\/i.s3.glbimg.com\/v1\/AUTH_e84042ef78cb4708aeebdf1c68c6cbd6\/internal_photos\/bs\/2025\/s\/R\/AmQ0MARI6DUA7oXoBzlg\/acordei-com-a-noticia-triste-da-morte-do-querido-bira-presidente-fundador-do-bloco-cacique-de-ramos-e-do-grupo-fundo-de-quintal.-alem-de-percussionista-talentoso-cantor-e-compositor-bira-era-de-uma-delicadeza.jpg\" alt=\"F\u00e1tima Bernardes lamenta morte de Bira Presidente \u2014 Foto: Reprodu\u00e7\u00e3o\/Instagram\"\/><\/figure>\n\n\n\n<p class=\"has-small-font-size\">F\u00e1tima Bernardes lamenta morte de Bira Presidente \u2014 Foto: Reprodu\u00e7\u00e3o\/Instagram<\/p>\n\n\n\n<p><a class=\"\" href=\"https:\/\/gshow.globo.com\/artistas\/fatima-bernardes\/\">F\u00e1tima Bernardes<\/a>&nbsp;postou uma foto ao lado de Bira e lamentou a partida: &#8220;Acordei com a not\u00edcia triste da morte do querido Bira Presidente, fundador do Bloco Cacique de Ramos e do grupo Fundo de Quintal. Al\u00e9m de percussionista talentoso, cantor e compositor, Bira era de uma delicadeza \u00edmpar. Sempre gentil. Fazia parte da nobreza do samba. Um amigo querido se foi. Meu carinho imenso para toda a fam\u00edlia.&#8221;<\/p>\n\n\n\n<p>A atriz\u00a0<a class=\"\" href=\"https:\/\/gshow.globo.com\/artistas\/leandra-leal\/\">Leandra Leal<\/a>\u00a0tamb\u00e9m homenageou o fundador do Cacique de Ramos e agradeceu: &#8220;Mestre Bira Presidente gigante, gratid\u00e3o por tudo o que fez pela nossa cultura e pelo nosso samba.&#8221;<\/p>\n\n\n\n<p><a class=\"\" href=\"https:\/\/gshow.globo.com\/artistas\/belo\/\">Belo<\/a>,&nbsp;<strong>Xande de Pilares, Buchecha, Marcelo D2<\/strong>&nbsp;e&nbsp;<strong>Bruno Cardoso&nbsp;<\/strong>foram alguns dos que se manifestaram na publica\u00e7\u00e3o oficial do perfil do Cacique de Ramos. O rapper prestou sua homenagem p\u00f3stuma e declarou: &#8220;Obrigado mestre, descanse em paz.&#8221;<\/p>\n\n\n\n<p>Belo tamb\u00e9m fez quest\u00e3o de prestar sua homenagem. &#8220;Descanse em paz nosso Presida amado! Eterno Bira! Obrigado por tanto.&#8221;<\/p>\n\n\n\n<p>Abalado, Buchecha foi outro que deixou um coment\u00e1rio de despedida: &#8220;Descanse em paz querido presidente, essa sensa\u00e7\u00e3o de perda dos grandes mestres \u00e9 ruim demais! Vai deixar saudades, obrigado por tudo.&#8221;<\/p>\n\n\n\n<p>Bruno, do Sorriso Maroto, tamb\u00e9m lamentou a morte do artista que ele definiu como seu &#8220;principal super-her\u00f3i&#8221;.<\/p>\n\n\n\n<p><strong>Veja a nota oficial do Cacique de Ramos e do Fundo de Quintal<\/strong><\/p>\n\n\n\n<p><em>Luto<br>Hoje nos despedimos daquele que \u00e9 o pr\u00f3prio Cacique<\/em><\/p>\n\n\n\n<p><em>O Gr\u00eamio Recreativo Cacique de Ramos e o Grupo Fundo de Quintal informam, com profundo pesar, o falecimento de Ubirajara F\u00e9lix do Nascimento, o Bira Presidente, ocorrido \u00e0s 23h55 do s\u00e1bado, 14 de junho de 2025, aos 88 anos, no Hospital da Unimed Ferj, na Barra da Tijuca. Em decorr\u00eancia de complica\u00e7\u00f5es relacionadas ao c\u00e2ncer de pr\u00f3stata e ao Alzheimer.<\/em><\/p>\n\n\n\n<p><em>Fundador do Cacique de Ramos e um dos criadores do grupo Fundo de Quintal, Bira construiu uma trajet\u00f3ria marcada pela firmeza, pela \u00e9tica e pela contribui\u00e7\u00e3o inestim\u00e1vel ao samba e \u00e0 cultura popular brasileira.<\/em><\/p>\n\n\n\n<p><em>Sua atua\u00e7\u00e3o no Cacique de Ramos moldou o bloco e o samba, o Doce Ref\u00fagio se tornou um espa\u00e7o de refer\u00eancia cultural. No Fundo de Quintal, foi o ponto de partida de uma linguagem que redefiniu a roda de samba e inspirou gera\u00e7\u00f5es.<\/em><\/p>\n\n\n\n<p><em>Bira deixa as filhas Karla Marcelly e Christian Kelly, os netos Yan e Brian, e a bisneta Lua.<\/em><\/p>\n\n\n\n<p><em>Cacique de Ramos<br>Fundo de Quintal<\/em><\/p>\n\n\n\n<figure class=\"wp-block-image\"><img decoding=\"async\" src=\"https:\/\/s2-gshow.glbimg.com\/MmL1himLqY79jUB1AZbH98_uU6c=\/0x0:690x570\/984x0\/smart\/filters:strip_icc()\/i.s3.glbimg.com\/v1\/AUTH_e84042ef78cb4708aeebdf1c68c6cbd6\/internal_photos\/bs\/2016\/X\/Y\/w6PuyeTCOsXsy39rtchw\/bira-presidente.jpg\" alt=\"Bira Presidente  \u2014 Foto: Carolina Morgado\/Gshow\"\/><\/figure>\n\n\n\n<p class=\"has-small-font-size\">Bira Presidente \u2014 Foto: Carolina Morgado\/Gshow<\/p>\n\n\n\n<p>Ubirajara F\u00e9lix do Nascimento nasceu no dia 23 de mar\u00e7o de 1937, no Rio de Janeiro. Bira cresceu no bairro de Ramos, na Zona Norte do Rio. Desde cedo, esteve ligado ao universo do samba. Aos sete anos, teve seu &#8220;batismo no samba&#8221; na Esta\u00e7\u00e3o Primeira de Mangueira, sua escola de cora\u00e7\u00e3o.<\/p>\n\n\n\n<p>Bira fundou, junto com amigos e familiares, o Gr\u00eamio Recreativo Cacique de Ramos, em 20 de janeiro de 1961. O bloco carnavalesco se tornou um dos maiores centros culturais do samba no Brasil.<\/p>\n\n\n\n<p>Fonte GShow <\/p>\n","protected":false},"excerpt":{"rendered":"<p>Ubirajara F\u00e9lix do Nascimento morreu aos 88 anos no s\u00e1bado (14), em decorr\u00eancia de complica\u00e7\u00f5es do c\u00e2ncer de pr\u00f3stata e Alzheimer Luto no samba. Bira Presidente, fundador do Cacique de Ramos e do grupo Fundo de Quintal, morreu na noite de s\u00e1bado (14), aos 88 anos, em decorr\u00eancia de complica\u00e7\u00f5es do c\u00e2ncer de pr\u00f3stata e [&hellip;]<\/p>\n","protected":false},"author":8,"featured_media":27683,"comment_status":"closed","ping_status":"open","sticky":false,"template":"","format":"standard","meta":{"rop_custom_images_group":[],"rop_custom_messages_group":[],"rop_publish_now":"initial","rop_publish_now_accounts":[],"rop_publish_now_history":[],"rop_publish_now_status":"pending","footnotes":""},"categories":[237],"tags":[],"class_list":["post-27682","post","type-post","status-publish","format-standard","has-post-thumbnail","hentry","category-luto"],"amp_enabled":true,"_links":{"self":[{"href":"https:\/\/imais.online\/portal\/wp-json\/wp\/v2\/posts\/27682","targetHints":{"allow":["GET"]}}],"collection":[{"href":"https:\/\/imais.online\/portal\/wp-json\/wp\/v2\/posts"}],"about":[{"href":"https:\/\/imais.online\/portal\/wp-json\/wp\/v2\/types\/post"}],"author":[{"embeddable":true,"href":"https:\/\/imais.online\/portal\/wp-json\/wp\/v2\/users\/8"}],"replies":[{"embeddable":true,"href":"https:\/\/imais.online\/portal\/wp-json\/wp\/v2\/comments?post=27682"}],"version-history":[{"count":1,"href":"https:\/\/imais.online\/portal\/wp-json\/wp\/v2\/posts\/27682\/revisions"}],"predecessor-version":[{"id":27684,"href":"https:\/\/imais.online\/portal\/wp-json\/wp\/v2\/posts\/27682\/revisions\/27684"}],"wp:featuredmedia":[{"embeddable":true,"href":"https:\/\/imais.online\/portal\/wp-json\/wp\/v2\/media\/27683"}],"wp:attachment":[{"href":"https:\/\/imais.online\/portal\/wp-json\/wp\/v2\/media?parent=27682"}],"wp:term":[{"taxonomy":"category","embeddable":true,"href":"https:\/\/imais.online\/portal\/wp-json\/wp\/v2\/categories?post=27682"},{"taxonomy":"post_tag","embeddable":true,"href":"https:\/\/imais.online\/portal\/wp-json\/wp\/v2\/tags?post=27682"}],"curies":[{"name":"wp","href":"https:\/\/api.w.org\/{rel}","templated":true}]}}