{"id":27688,"date":"2025-06-15T15:55:46","date_gmt":"2025-06-15T18:55:46","guid":{"rendered":"https:\/\/imais.online\/portal\/?p=27688"},"modified":"2025-06-15T15:55:47","modified_gmt":"2025-06-15T18:55:47","slug":"trump-diz-que-ira-enfrentaria-eua-em-niveis-nunca-vistos-se-atacasse","status":"publish","type":"post","link":"https:\/\/imais.online\/portal\/trump-diz-que-ira-enfrentaria-eua-em-niveis-nunca-vistos-se-atacasse\/","title":{"rendered":"Trump diz que Ir\u00e3 enfrentaria EUA &#8220;em n\u00edveis nunca vistos&#8221; se atacasse"},"content":{"rendered":"<div class=\"imais-before-content-placement\" id=\"imais-3214777156\"><script async src=\"\/\/pagead2.googlesyndication.com\/pagead\/js\/adsbygoogle.js?client=ca-pub-8787528412751566\" crossorigin=\"anonymous\"><\/script><ins class=\"adsbygoogle\" style=\"display:block;\" data-ad-client=\"ca-pub-8787528412751566\" \ndata-ad-slot=\"\" \ndata-ad-format=\"auto\"><\/ins>\n<script> \n(adsbygoogle = window.adsbygoogle || []).push({}); \n<\/script>\n<\/div>\n<h2 class=\"wp-block-heading\">L\u00edder afirmou que os Estados Unidos pode &#8220;facilmente fechar um acordo entre Ir\u00e3 e Israel e acabar com esse conflito sangrento&#8221;<\/h2>\n\n\n\n<p>O presidente dos Estados Unidos,\u00a0<a rel=\"noreferrer noopener\" href=\"https:\/\/www.cnnbrasil.com.br\/internacional\/nao-sera-tolerado-diz-trump-sobre-ataque-que-matou-deputada-nos-eua\/\" target=\"_blank\"><strong>Donald Trump<\/strong><\/a>, disse neste domingo (15) que, se o\u00a0<strong>Ir\u00e3<\/strong>\u00a0atacar os\u00a0<a rel=\"noreferrer noopener\" href=\"https:\/\/www.cnnbrasil.com.br\/internacional\/los-angeles-entra-em-toque-recolher-apos-dia-de-protestos\/\" target=\"_blank\"><strong>Estados Unidos<\/strong>\u00a0<\/a>de qualquer forma, enfrentar\u00e1 o poderio militar americano &#8220;em n\u00edveis nunca vistos antes&#8221;.<\/p>\n\n\n\n<p>Trump disse em uma publica\u00e7\u00e3o em sua plataforma\u00a0<strong>Truth Social<\/strong>\u00a0que os Estados Unidos n\u00e3o tiveram nada a ver com um ataque ao Ir\u00e3 durante a noite.<\/p>\n\n\n\n<p>O l\u00edder alegou ainda que o pa\u00eds pode &#8220;facilmente fechar um acordo entre\u00a0<a rel=\"noreferrer noopener\" href=\"https:\/\/www.cnnbrasil.com.br\/internacional\/israel-atacou-150-alvos-no-ira-durante-a-noite-diz-oficial-do-exercito\/\" target=\"_blank\">Ir\u00e3<\/a>\u00a0e Israel e acabar com esse conflito sangrento&#8221;.<\/p>\n\n\n\n<p>Fonte CNN Brasil <\/p>\n","protected":false},"excerpt":{"rendered":"<p>L\u00edder afirmou que os Estados Unidos pode &#8220;facilmente fechar um acordo entre Ir\u00e3 e Israel e acabar com esse conflito sangrento&#8221; O presidente dos Estados Unidos,\u00a0Donald Trump, disse neste domingo (15) que, se o\u00a0Ir\u00e3\u00a0atacar os\u00a0Estados Unidos\u00a0de qualquer forma, enfrentar\u00e1 o poderio militar americano &#8220;em n\u00edveis nunca vistos antes&#8221;. Trump disse em uma publica\u00e7\u00e3o em sua [&hellip;]<\/p>\n","protected":false},"author":8,"featured_media":27689,"comment_status":"closed","ping_status":"open","sticky":false,"template":"","format":"standard","meta":{"rop_custom_images_group":[],"rop_custom_messages_group":[],"rop_publish_now":"initial","rop_publish_now_accounts":[],"rop_publish_now_history":[],"rop_publish_now_status":"pending","footnotes":""},"categories":[212],"tags":[],"class_list":["post-27688","post","type-post","status-publish","format-standard","has-post-thumbnail","hentry","category-internacional"],"amp_enabled":true,"_links":{"self":[{"href":"https:\/\/imais.online\/portal\/wp-json\/wp\/v2\/posts\/27688","targetHints":{"allow":["GET"]}}],"collection":[{"href":"https:\/\/imais.online\/portal\/wp-json\/wp\/v2\/posts"}],"about":[{"href":"https:\/\/imais.online\/portal\/wp-json\/wp\/v2\/types\/post"}],"author":[{"embeddable":true,"href":"https:\/\/imais.online\/portal\/wp-json\/wp\/v2\/users\/8"}],"replies":[{"embeddable":true,"href":"https:\/\/imais.online\/portal\/wp-json\/wp\/v2\/comments?post=27688"}],"version-history":[{"count":1,"href":"https:\/\/imais.online\/portal\/wp-json\/wp\/v2\/posts\/27688\/revisions"}],"predecessor-version":[{"id":27690,"href":"https:\/\/imais.online\/portal\/wp-json\/wp\/v2\/posts\/27688\/revisions\/27690"}],"wp:featuredmedia":[{"embeddable":true,"href":"https:\/\/imais.online\/portal\/wp-json\/wp\/v2\/media\/27689"}],"wp:attachment":[{"href":"https:\/\/imais.online\/portal\/wp-json\/wp\/v2\/media?parent=27688"}],"wp:term":[{"taxonomy":"category","embeddable":true,"href":"https:\/\/imais.online\/portal\/wp-json\/wp\/v2\/categories?post=27688"},{"taxonomy":"post_tag","embeddable":true,"href":"https:\/\/imais.online\/portal\/wp-json\/wp\/v2\/tags?post=27688"}],"curies":[{"name":"wp","href":"https:\/\/api.w.org\/{rel}","templated":true}]}}