{"id":27697,"date":"2025-06-16T10:01:55","date_gmt":"2025-06-16T13:01:55","guid":{"rendered":"https:\/\/imais.online\/portal\/?p=27697"},"modified":"2025-06-16T10:01:56","modified_gmt":"2025-06-16T13:01:56","slug":"atleta-de-projeto-social-da-regiao-de-campinas-e-o-novo-campeao-latino-americano-de-boxe","status":"publish","type":"post","link":"https:\/\/imais.online\/portal\/atleta-de-projeto-social-da-regiao-de-campinas-e-o-novo-campeao-latino-americano-de-boxe\/","title":{"rendered":"Atleta de projeto social da regi\u00e3o de Campinas \u00e9 o novo campe\u00e3o latino-americano de boxe"},"content":{"rendered":"<div class=\"imais-before-content-placement\" id=\"imais-2705718012\"><script async src=\"\/\/pagead2.googlesyndication.com\/pagead\/js\/adsbygoogle.js?client=ca-pub-8787528412751566\" crossorigin=\"anonymous\"><\/script><ins class=\"adsbygoogle\" style=\"display:block;\" data-ad-client=\"ca-pub-8787528412751566\" \ndata-ad-slot=\"\" \ndata-ad-format=\"auto\"><\/ins>\n<script> \n(adsbygoogle = window.adsbygoogle || []).push({}); \n<\/script>\n<\/div>\n<p class=\"has-text-align-center\"><em>Pedro &#8216;Magrelo&#8217; poder\u00e1 figurar nos pr\u00f3ximos meses como um dos 15 melhores pugilistas do mundo<\/em><\/p>\n\n\n\n<p>O pugilista Pedro Guilherme dos Santos \u201cMagrelo\u201d \u00e9 o novo campe\u00e3o latino-americano da World Boxing Association (WBA\/Fedelatin), e poder\u00e1 estar entre os 15 melhores atletas do mundo na categoria super leve. Pelo Seven Boxe Combat, ele subiu ao ringue nesse domingo (15\/06), em S\u00e3o Paulo, contra o venezuelano Eloy Rada, e por decis\u00e3o un\u00e2nime, venceu por pontos ap\u00f3s 11 rounds.<\/p>\n\n\n\n<p>O Seven Boxe Combat \u00e9 homologado pelo Conselho Nacional do Boxe (CNB), entidade m\u00e1xima do boxe brasileiro filiada ao Conselho Mundial de Boxe (WBC) a Associa\u00e7\u00e3o Mundial de Boxe (WBA) a Federa\u00e7\u00e3o Internacional de Boxe (IBF) e a Organiza\u00e7\u00e3o Mundial de Boxe (WBO).<\/p>\n\n\n\n<p>Aos 24 anos, Pedro \u201cMagrelo\u201d, tricampe\u00e3o brasileiro pelo CNB e campe\u00e3o sul-americano Feconsur WBC, integra a equipe Arte da Luta, em Mogi Mirim. O atleta, revelado no projeto social do munic\u00edpio, se destacou na categoria super leve do boxe brasileiro pelo aprimoramento t\u00e9cnico constante, que tem resultado em conquistas importantes, como a vit\u00f3ria do \u00faltimo domingo.<\/p>\n\n\n\n<p>\u201cO excelente desempenho apresentado por Pedro \u2018Magrelo\u2019, luta ap\u00f3s luta, \u00e9 consequ\u00eancia da estrutura e do apoio necess\u00e1rios para treinar e competir profissionalmente\u201d, afirma J\u00falio Cabrino, empres\u00e1rio do atleta.<\/p>\n\n\n\n<p>Para M\u00e1rcio Ribeiro, treinador e idealizador do projeto Arte da Luta, foi uma luta de alto n\u00edvel, em que &#8220;Magrelo&#8221; superou o advers\u00e1rio do come\u00e7ou ao fim. \u201cEloy Rada tem um cartel de lutas maior e \u00e9 reconhecido por seus advers\u00e1rios pela pegada forte. Das suas 17 vit\u00f3rias, 15 foram por nocaute. Mas n\u00f3s treinamos muito para esta conquista e este t\u00edtulo \u00e9 um dos mais importantes na hist\u00f3ria da trajet\u00f3ria do Magrelo e toda equipe\u201d, comemora.<\/p>\n","protected":false},"excerpt":{"rendered":"<p>Pedro &#8216;Magrelo&#8217; poder\u00e1 figurar nos pr\u00f3ximos meses como um dos 15 melhores pugilistas do mundo O pugilista Pedro Guilherme dos Santos \u201cMagrelo\u201d \u00e9 o novo campe\u00e3o latino-americano da World Boxing Association (WBA\/Fedelatin), e poder\u00e1 estar entre os 15 melhores atletas do mundo na categoria super leve. Pelo Seven Boxe Combat, ele subiu ao ringue nesse [&hellip;]<\/p>\n","protected":false},"author":7,"featured_media":27698,"comment_status":"closed","ping_status":"open","sticky":false,"template":"","format":"standard","meta":{"rop_custom_images_group":[],"rop_custom_messages_group":[],"rop_publish_now":"initial","rop_publish_now_accounts":[],"rop_publish_now_history":[],"rop_publish_now_status":"pending","footnotes":""},"categories":[194],"tags":[],"class_list":["post-27697","post","type-post","status-publish","format-standard","has-post-thumbnail","hentry","category-regia"],"amp_enabled":true,"_links":{"self":[{"href":"https:\/\/imais.online\/portal\/wp-json\/wp\/v2\/posts\/27697","targetHints":{"allow":["GET"]}}],"collection":[{"href":"https:\/\/imais.online\/portal\/wp-json\/wp\/v2\/posts"}],"about":[{"href":"https:\/\/imais.online\/portal\/wp-json\/wp\/v2\/types\/post"}],"author":[{"embeddable":true,"href":"https:\/\/imais.online\/portal\/wp-json\/wp\/v2\/users\/7"}],"replies":[{"embeddable":true,"href":"https:\/\/imais.online\/portal\/wp-json\/wp\/v2\/comments?post=27697"}],"version-history":[{"count":1,"href":"https:\/\/imais.online\/portal\/wp-json\/wp\/v2\/posts\/27697\/revisions"}],"predecessor-version":[{"id":27699,"href":"https:\/\/imais.online\/portal\/wp-json\/wp\/v2\/posts\/27697\/revisions\/27699"}],"wp:featuredmedia":[{"embeddable":true,"href":"https:\/\/imais.online\/portal\/wp-json\/wp\/v2\/media\/27698"}],"wp:attachment":[{"href":"https:\/\/imais.online\/portal\/wp-json\/wp\/v2\/media?parent=27697"}],"wp:term":[{"taxonomy":"category","embeddable":true,"href":"https:\/\/imais.online\/portal\/wp-json\/wp\/v2\/categories?post=27697"},{"taxonomy":"post_tag","embeddable":true,"href":"https:\/\/imais.online\/portal\/wp-json\/wp\/v2\/tags?post=27697"}],"curies":[{"name":"wp","href":"https:\/\/api.w.org\/{rel}","templated":true}]}}