{"id":27700,"date":"2025-06-16T10:04:27","date_gmt":"2025-06-16T13:04:27","guid":{"rendered":"https:\/\/imais.online\/portal\/?p=27700"},"modified":"2025-06-16T10:04:29","modified_gmt":"2025-06-16T13:04:29","slug":"mais-de-42-000-passageiros-devem-passar-pelo-terminal-de-campinas-no-feriado-de-corpus-christi","status":"publish","type":"post","link":"https:\/\/imais.online\/portal\/mais-de-42-000-passageiros-devem-passar-pelo-terminal-de-campinas-no-feriado-de-corpus-christi\/","title":{"rendered":"Mais de 42.000 passageiros devem passar pelo terminal de Campinas no feriado de Corpus Christi"},"content":{"rendered":"<div class=\"imais-before-content-placement\" id=\"imais-3800835834\"><script async src=\"\/\/pagead2.googlesyndication.com\/pagead\/js\/adsbygoogle.js?client=ca-pub-8787528412751566\" crossorigin=\"anonymous\"><\/script><ins class=\"adsbygoogle\" style=\"display:block;\" data-ad-client=\"ca-pub-8787528412751566\" \ndata-ad-slot=\"\" \ndata-ad-format=\"auto\"><\/ins>\n<script> \n(adsbygoogle = window.adsbygoogle || []).push({}); \n<\/script>\n<\/div>\n<p class=\"has-text-align-center\"><em>Americana (SP), Praia Grande (SP), Rio de Janeiro (RJ) e Po\u00e7os de Caldas (MG) s\u00e3o alguns dos destinos mais procurados neste per\u00edodo<\/em><\/p>\n\n\n\n<p>O m\u00eas de junho conta com o feriado de Corpus Christi, que acontece no dia 19, quinta-feira, com muitas pessoas emendando o dia seguinte, o que proporciona um feriado prolongado que pode ser usado para viajar pelo pa\u00eds e curtir os dias de descanso e divers\u00e3o.<br>&nbsp;<\/p>\n\n\n\n<p>S\u00e3o esperados mais de 42.000 passageiros na rodovi\u00e1ria, que ir\u00e3o viajar em mais de 2.600 \u00f4nibus no per\u00edodo do feriado. Por conta da alta na procura, \u00e9 importante o passageiro garantir a compra da sua passagem antecipadamente, para evitar ficar sem passagem.<br>&nbsp;<\/p>\n\n\n\n<p>Neste feriad\u00e3o, os destinos mais procurados a partir do terminal de Campinas s\u00e3o Americana (SP, Praia Grande (SP), Rio de Janeiro (RJ), S\u00e3o Paulo (SP), Po\u00e7os de Caldas (MG), Belo Horizonte (MG), Bras\u00edlia (DF) e Curitiba (PR). Quem deseja passar uns dias nessas cidades, \u00e9 importante correr e j\u00e1 garantir as passagens. \u00c9 importante refor\u00e7ar que as passagens compradas pela internet devem conter o selo de embarque (QR Code). Caso n\u00e3o haja, o passageiro deve passar na bilheteria da empresa para retirar o selo. Por isso, \u00e9 importante chegar \u00e0 rodovi\u00e1ria com anteced\u00eancia de pelo menos 30 minutos em rela\u00e7\u00e3o ao hor\u00e1rio marcado de embarque. S\u00f3 compre passagem de fontes confi\u00e1veis e de empresas que atuam na rodovi\u00e1ria de Campinas, para evitar surpresas desagrad\u00e1veis na hora de embarcar. Caso ocorra algum imprevisto, a remarca\u00e7\u00e3o e reembolso da passagem s\u00e3o feitos com at\u00e9 3 horas de anteced\u00eancia, diretamente com a empresa de \u00f4nibus.<br>&nbsp;<\/p>\n\n\n\n<p>\u201cA partir do terminal de Campinas \u00e9 poss\u00edvel chegar a diversos destinos, sejam eles no Estado de S\u00e3o Paulo ou em outros estados, com flexibilidade, pre\u00e7os atraentes e toda a seguran\u00e7a e estrutura para os usu\u00e1rios. Disponibilizamos toda estrutura para oferecer aos passageiros uma experi\u00eancia positiva. Por isso, contamos com diversos servi\u00e7os, produtos e outras conveni\u00eancias em nosso terminal. Buscamos sempre aprimorar a nossa estrutura para oferecer acessibilidade, seguran\u00e7a, conforto e praticidade aos usu\u00e1rios\u201d, afirma Clair do Valle Junior, gerente do Terminal Rodovi\u00e1rio de Campinas.<br>&nbsp;<\/p>\n\n\n\n<p>Para a viagem ser uma experi\u00eancia positiva, antes mesmo do embarque e ap\u00f3s o desembarque, o terminal de Campinas disponibiliza uma estrutura para atender a necessidade dos passageiros, mesmo aquelas de \u00faltima hora, como v\u00e1rias lojas de alimenta\u00e7\u00e3o (restaurantes, lanchonetes, cafeterias, bombonieres), lojas de artesanatos e presentes (presentes, acess\u00f3rios, brinquedos, cosm\u00e9ticos) e diversos servi\u00e7os (caixas eletr\u00f4nicos, farm\u00e1cia, lot\u00e9rica, livraria, eventos). Al\u00e9m disso, a rodovi\u00e1ria conta com estacionamento, espa\u00e7o para carregamento de celular e descanso para aguardar o hor\u00e1rio de embarque.<\/p>\n\n\n\n<p><strong>DICAS E ORIENTA\u00c7\u00d5ES IMPORTANTES<\/strong><\/p>\n\n\n\n<p><strong>Passagem e hor\u00e1rios: <\/strong>para comprar as passagens, basta acessar<a href=\"https:\/\/www.socicam.com.br\/\">&nbsp;<\/a> <a href=\"https:\/\/www.rodoviariadecampinas.com.br\/\">www.rodoviariadecampinas.com.br<\/a> e conferir os dias e hor\u00e1rios dispon\u00edveis. \u00c9 importante refor\u00e7ar que as passagens compradas pela internet devem conter a taxa de embarque (QR Code). Caso n\u00e3o haja, o passageiro deve passar na bilheteria da empresa para retirar a taxa. Por isso, \u00e9 importante chegar \u00e0 rodovi\u00e1ria com anteced\u00eancia de pelo menos 30 minutos em rela\u00e7\u00e3o ao hor\u00e1rio marcado de embarque. S\u00f3 compre passagem de fontes confi\u00e1veis e de empresas que atuam na rodovi\u00e1ria para evitar surpresas desagrad\u00e1veis na hora de embarcar. Caso ocorra algum imprevisto, a remarca\u00e7\u00e3o e reembolso da passagem s\u00e3o feitos com at\u00e9 3 horas de anteced\u00eancia, diretamente com a empresa de \u00f4nibus.<\/p>\n\n\n\n<p><strong>\u00d4nibus oficiais e credenciados:<\/strong> para garantir que n\u00e3o haja surpresas negativas e nem se compactue com a ilegalidade, \u00e9 fundamental que passageiros e usu\u00e1rios utilizem \u00f4nibus oficiais de empresas credenciadas, que oferecem servi\u00e7os adequados em termos de seguran\u00e7a, conforto, legalidade e confiabilidade. Eles passam por inspe\u00e7\u00e3o, manuten\u00e7\u00e3o e cuidados necess\u00e1rios e obrigat\u00f3rios, mantendo passageiros, motoristas e outras pessoas em seguran\u00e7a. Al\u00e9m disso, os \u00f4nibus oficiais e credenciados impactam tamb\u00e9m a sociedade e a economia, j\u00e1 que as empresas que operam com \u00f4nibus oficiais geram empregos formais, respeitando os direitos trabalhistas, as obriga\u00e7\u00f5es legais, fiscais e tribut\u00e1rias.<\/p>\n\n\n\n<p><strong>Documenta\u00e7\u00e3o:<\/strong> o passageiro deve ter um cuidado especial com a documenta\u00e7\u00e3o. Todos os passageiros, at\u00e9 mesmo as crian\u00e7as, devem apresentar documento de identifica\u00e7\u00e3o original e com foto; no caso de embarque de crian\u00e7as e adolescentes, para viajarem desacompanhados ou com terceiros, menores de 16 anos precisam de autoriza\u00e7\u00e3o. Para informa\u00e7\u00f5es, acesse<a href=\"https:\/\/www.tjsp.jus.br\/\"> www.tjsp.jus.br<\/a>, em Informa\u00e7\u00f5es \/ Autoriza\u00e7\u00e3o de Viagem para Crian\u00e7as e Adolescentes. A documenta\u00e7\u00e3o \u00e9 imprescind\u00edvel, pois sem ela n\u00e3o \u00e9 permitido o embarque.<\/p>\n\n\n\n<p><strong>Bagagem e pet:<\/strong> aten\u00e7\u00e3o \u00e0 bagagem, pois ela tamb\u00e9m tem normas para o embarque. S\u00e3o permitidos at\u00e9 30 kg no bagageiro e at\u00e9 5 kg de bagagem de m\u00e3o, desde que o tamanho n\u00e3o interfira no conforto dos demais passageiros. Recomendamos que identifique suas bagagens com etiqueta, contendo nome completo e telefone. Caso o passageiro queira viajar junto com um animal de estima\u00e7\u00e3o, tamb\u00e9m \u00e9 obrigat\u00f3ria a apresenta\u00e7\u00e3o dos documentos, inclusive de vacina, e o animal deve estar em bag pr\u00f3prio para seu transporte.<\/p>\n\n\n\n<p><strong>Seguran\u00e7a:<\/strong> para ter uma viagem segura, o passageiro deve ficar sempre atento aos seus pertences, evitando ficar longe e sem vis\u00e3o da sua bagagem, celular e crian\u00e7as. Nunca deixe algu\u00e9m mexer em sua bagagem em nenhum momento da viagem. Vale lembrar que os profissionais da rodovi\u00e1ria est\u00e3o sempre uniformizados, equipados com EPIs e permanecem em ronda ou nos balc\u00f5es de informa\u00e7\u00e3o, contando com o apoio do sistema de monitoramento por c\u00e2meras. Todos est\u00e3o aptos a prestar o atendimento necess\u00e1rio aos viajantes.<\/p>\n","protected":false},"excerpt":{"rendered":"<p>Americana (SP), Praia Grande (SP), Rio de Janeiro (RJ) e Po\u00e7os de Caldas (MG) s\u00e3o alguns dos destinos mais procurados neste per\u00edodo O m\u00eas de junho conta com o feriado de Corpus Christi, que acontece no dia 19, quinta-feira, com muitas pessoas emendando o dia seguinte, o que proporciona um feriado prolongado que pode ser [&hellip;]<\/p>\n","protected":false},"author":7,"featured_media":27701,"comment_status":"closed","ping_status":"open","sticky":false,"template":"","format":"standard","meta":{"rop_custom_images_group":[],"rop_custom_messages_group":[],"rop_publish_now":"initial","rop_publish_now_accounts":[],"rop_publish_now_history":[],"rop_publish_now_status":"pending","footnotes":""},"categories":[272],"tags":[],"class_list":["post-27700","post","type-post","status-publish","format-standard","has-post-thumbnail","hentry","category-campinas"],"amp_enabled":true,"_links":{"self":[{"href":"https:\/\/imais.online\/portal\/wp-json\/wp\/v2\/posts\/27700","targetHints":{"allow":["GET"]}}],"collection":[{"href":"https:\/\/imais.online\/portal\/wp-json\/wp\/v2\/posts"}],"about":[{"href":"https:\/\/imais.online\/portal\/wp-json\/wp\/v2\/types\/post"}],"author":[{"embeddable":true,"href":"https:\/\/imais.online\/portal\/wp-json\/wp\/v2\/users\/7"}],"replies":[{"embeddable":true,"href":"https:\/\/imais.online\/portal\/wp-json\/wp\/v2\/comments?post=27700"}],"version-history":[{"count":1,"href":"https:\/\/imais.online\/portal\/wp-json\/wp\/v2\/posts\/27700\/revisions"}],"predecessor-version":[{"id":27702,"href":"https:\/\/imais.online\/portal\/wp-json\/wp\/v2\/posts\/27700\/revisions\/27702"}],"wp:featuredmedia":[{"embeddable":true,"href":"https:\/\/imais.online\/portal\/wp-json\/wp\/v2\/media\/27701"}],"wp:attachment":[{"href":"https:\/\/imais.online\/portal\/wp-json\/wp\/v2\/media?parent=27700"}],"wp:term":[{"taxonomy":"category","embeddable":true,"href":"https:\/\/imais.online\/portal\/wp-json\/wp\/v2\/categories?post=27700"},{"taxonomy":"post_tag","embeddable":true,"href":"https:\/\/imais.online\/portal\/wp-json\/wp\/v2\/tags?post=27700"}],"curies":[{"name":"wp","href":"https:\/\/api.w.org\/{rel}","templated":true}]}}