{"id":2771,"date":"2021-11-03T09:39:10","date_gmt":"2021-11-03T12:39:10","guid":{"rendered":"https:\/\/imais.online\/portal\/?p=2771"},"modified":"2021-11-03T09:39:12","modified_gmt":"2021-11-03T12:39:12","slug":"escolas-de-sao-paulo-voltam-as-aulas-sem-revezamento","status":"publish","type":"post","link":"https:\/\/imais.online\/portal\/escolas-de-sao-paulo-voltam-as-aulas-sem-revezamento\/","title":{"rendered":"Escolas de S\u00e3o Paulo voltam \u00e0s aulas sem revezamento"},"content":{"rendered":"<div class=\"imais-before-content-placement\" id=\"imais-1721919164\"><script async src=\"\/\/pagead2.googlesyndication.com\/pagead\/js\/adsbygoogle.js?client=ca-pub-8787528412751566\" crossorigin=\"anonymous\"><\/script><ins class=\"adsbygoogle\" style=\"display:block;\" data-ad-client=\"ca-pub-8787528412751566\" \ndata-ad-slot=\"\" \ndata-ad-format=\"auto\"><\/ins>\n<script> \n(adsbygoogle = window.adsbygoogle || []).push({}); \n<\/script>\n<\/div>\n<p class=\"has-text-align-center\">Distanciamento de um metro n\u00e3o \u00e9 mais obrigat\u00f3rio<\/p>\n\n\n\n<p>A partir de&nbsp;hoje&nbsp;(3), passa a ser obrigat\u00f3ria a presen\u00e7a sem revezamento de todos os alunos das escolas das redes estadual, municipais e privada vinculadas ao Conselho Estadual de Educa\u00e7\u00e3o. Tamb\u00e9m n\u00e3o \u00e9 mais obrigat\u00f3rio o distanciamento de um metro entre os estudantes. A medida, anunciada pelo governo estadual em outubro, vai ampliar em 100% o acesso e a frequ\u00eancia dos alunos&nbsp;da educa\u00e7\u00e3o b\u00e1sica \u00e0 unidade escolar.<img decoding=\"async\" src=\"https:\/\/agenciabrasil.ebc.com.br\/ebc.png?id=1426363&amp;o=node\"><img decoding=\"async\" src=\"https:\/\/agenciabrasil.ebc.com.br\/ebc.gif?id=1426363&amp;o=node\"><\/p>\n\n\n\n<p>Segundo o governo estadual, a imuniza\u00e7\u00e3o de 97% dos profissionais da educa\u00e7\u00e3o, com esquema vacinal completo, garante maior seguran\u00e7a para a retomada por completo das aulas. Al\u00e9m disso, 90% dos adolescentes de 12 a 17 anos j\u00e1 tomaram a primeira dose da vacina contra a covid-19.<\/p>\n\n\n\n<p>\u201cA educa\u00e7\u00e3o precisa ser prioridade da sociedade. Fizemos todos os investimentos necess\u00e1rios para o cumprimento dos protocolos, e essa volta tem total respaldo do Comit\u00ea Cient\u00edfico do estado\u201d, destacou o secret\u00e1rio da Educa\u00e7\u00e3o, Rossieli Soares.<\/p>\n\n\n\n<h2 class=\"wp-block-heading\">Exce\u00e7\u00f5es<\/h2>\n\n\n\n<p>Mesmo com a obrigatoriedade da volta de todos os estudantes, a atividade remota continua&nbsp;permitida&nbsp;a&nbsp;alunos pertencentes ao grupo de risco, com mais de 12 anos, que n\u00e3o tenham completado o&nbsp;ciclo vacinal contra a covid-19; jovens gestantes e pu\u00e9rperas; crian\u00e7as menores de 12 anos pertencentes a&nbsp;grupo de risco e para as quais n\u00e3o h\u00e1 vacina contra a doen\u00e7a aprovada no pa\u00eds; jovens com mais de 12 anos com comorbidades e que n\u00e3o tenham completado o ciclo vacinal; estudantes com condi\u00e7\u00e3o de sa\u00fade de maior fragilidade ao novo coronav\u00edrus, mesmo com o ciclo vacinal completo, comprovada&nbsp;com prescri\u00e7\u00e3o m\u00e9dica.<\/p>\n","protected":false},"excerpt":{"rendered":"<p>Distanciamento de um metro n\u00e3o \u00e9 mais obrigat\u00f3rio A partir de&nbsp;hoje&nbsp;(3), passa a ser obrigat\u00f3ria a presen\u00e7a sem revezamento de todos os alunos das escolas das redes estadual, municipais e privada vinculadas ao Conselho Estadual de Educa\u00e7\u00e3o. Tamb\u00e9m n\u00e3o \u00e9 mais obrigat\u00f3rio o distanciamento de um metro entre os estudantes. A medida, anunciada pelo governo [&hellip;]<\/p>\n","protected":false},"author":7,"featured_media":2772,"comment_status":"closed","ping_status":"open","sticky":false,"template":"","format":"standard","meta":{"rop_custom_images_group":[],"rop_custom_messages_group":[],"rop_publish_now":"initial","rop_publish_now_accounts":[],"rop_publish_now_history":[],"rop_publish_now_status":"pending","footnotes":""},"categories":[195],"tags":[73],"class_list":["post-2771","post","type-post","status-publish","format-standard","has-post-thumbnail","hentry","category-sao-paulo","tag-featured"],"amp_enabled":true,"_links":{"self":[{"href":"https:\/\/imais.online\/portal\/wp-json\/wp\/v2\/posts\/2771","targetHints":{"allow":["GET"]}}],"collection":[{"href":"https:\/\/imais.online\/portal\/wp-json\/wp\/v2\/posts"}],"about":[{"href":"https:\/\/imais.online\/portal\/wp-json\/wp\/v2\/types\/post"}],"author":[{"embeddable":true,"href":"https:\/\/imais.online\/portal\/wp-json\/wp\/v2\/users\/7"}],"replies":[{"embeddable":true,"href":"https:\/\/imais.online\/portal\/wp-json\/wp\/v2\/comments?post=2771"}],"version-history":[{"count":1,"href":"https:\/\/imais.online\/portal\/wp-json\/wp\/v2\/posts\/2771\/revisions"}],"predecessor-version":[{"id":2773,"href":"https:\/\/imais.online\/portal\/wp-json\/wp\/v2\/posts\/2771\/revisions\/2773"}],"wp:featuredmedia":[{"embeddable":true,"href":"https:\/\/imais.online\/portal\/wp-json\/wp\/v2\/media\/2772"}],"wp:attachment":[{"href":"https:\/\/imais.online\/portal\/wp-json\/wp\/v2\/media?parent=2771"}],"wp:term":[{"taxonomy":"category","embeddable":true,"href":"https:\/\/imais.online\/portal\/wp-json\/wp\/v2\/categories?post=2771"},{"taxonomy":"post_tag","embeddable":true,"href":"https:\/\/imais.online\/portal\/wp-json\/wp\/v2\/tags?post=2771"}],"curies":[{"name":"wp","href":"https:\/\/api.w.org\/{rel}","templated":true}]}}