{"id":27744,"date":"2025-06-17T20:04:54","date_gmt":"2025-06-17T23:04:54","guid":{"rendered":"https:\/\/imais.online\/portal\/?p=27744"},"modified":"2025-06-17T20:04:55","modified_gmt":"2025-06-17T23:04:55","slug":"trump-pede-rendicao-incondicional-do-ira-e-mundo-teme-que-eua-entrem-no-conflito","status":"publish","type":"post","link":"https:\/\/imais.online\/portal\/trump-pede-rendicao-incondicional-do-ira-e-mundo-teme-que-eua-entrem-no-conflito\/","title":{"rendered":"Trump pede \u201crendi\u00e7\u00e3o incondicional\u201d do Ir\u00e3, e mundo teme que EUA entrem no conflito"},"content":{"rendered":"<div class=\"imais-before-content-placement\" id=\"imais-3655764138\"><script async src=\"\/\/pagead2.googlesyndication.com\/pagead\/js\/adsbygoogle.js?client=ca-pub-8787528412751566\" crossorigin=\"anonymous\"><\/script><ins class=\"adsbygoogle\" style=\"display:block;\" data-ad-client=\"ca-pub-8787528412751566\" \ndata-ad-slot=\"\" \ndata-ad-format=\"auto\"><\/ins>\n<script> \n(adsbygoogle = window.adsbygoogle || []).push({}); \n<\/script>\n<\/div>\n<p>Apesar da relativa estabilidade nos mercados desde o in\u00edcio dos confrontos, teme-se que a guerra se espalhe por outros pa\u00edses produtores de petr\u00f3leo e g\u00e1s<\/p>\n\n\n\n<p>Israel e Estados Unidos est\u00e3o intensificando a press\u00e3o sobre o Ir\u00e3, reacendendo especula\u00e7\u00f5es de que Washington possa estar se preparando para entrar no ataque lan\u00e7ado por seu principal aliado no Oriente M\u00e9dio.<\/p>\n\n\n\n<p>Na tarde desta ter\u00e7a-feira (17), o presidente dos EUA, Donald Trump, afirmou que deseja que o Ir\u00e3 se \u201crenda incondicionalmente\u201d, e que o pa\u00eds sabe onde o aiatol\u00e1 Ali Khamenei \u201d \u201cest\u00e1 escondido\u201d, mas que n\u00e3o ataca para n\u00e3o atingir tropas americanas nem civis.<\/p>\n\n\n\n<p>\u201cSabemos exatamente onde o chamado \u201cl\u00edder supremo\u201d est\u00e1 se escondendo. Ele \u00e9 um alvo f\u00e1cil, mas est\u00e1 seguro l\u00e1\u201d, escreveu Trump em um post na sua rede social Truth Social. \u201cN\u00f3s n\u00e3o vamos abat\u00ea-lo (mat\u00e1-lo!), pelo menos n\u00e3o por enquanto, [mas] nossa paci\u00eancia est\u00e1 se esgotando\u201d, falou.<\/p>\n\n\n\n<p>A declara\u00e7\u00e3o veio depois que Trump defendeu um fim definitivo ao programa nuclear iraniano, ap\u00f3s deixar antecipadamente a reuni\u00e3o do G-7 no Canad\u00e1 \u2014 gesto que provocou questionamentos sobre a possibilidade de um cessar-fogo.<\/p>\n\n\n\n<p>\u201cUm fim. Um fim de verdade. N\u00e3o um cessar-fogo. Um fim\u201d, declarou Trump a jornalistas a bordo do Air Force One mais cedo, ao ser questionado sobre seus coment\u00e1rios de que estava deixando o Canad\u00e1 por algo \u201cmuito maior\u201d do que um acordo tempor\u00e1rio.<\/p>\n\n\n\n<h2 class=\"wp-block-heading\" id=\"h-conflito-se-acirra\">Conflito se acirra<\/h2>\n\n\n\n<p>Israel se prepara para intensificar os ataques a Teer\u00e3 nesta ter\u00e7a, potencialmente ampliando uma guerra que j\u00e1 soma cinco dias de trocas de m\u00edsseis entre os inimigos. Os EUA tamb\u00e9m avaliam aumentar sua participa\u00e7\u00e3o.<\/p>\n\n\n\n<p>\u201cHoje atacaremos alvos muito significativos em Teer\u00e3\u201d, disse o ministro da Defesa, Israel Katz, pedindo que civis evacuem a \u00e1rea. Um porta-voz das For\u00e7as de Defesa de Israel afirmou que os bombardeios \u00e0s instala\u00e7\u00f5es nucleares do Ir\u00e3 est\u00e3o \u201cse aprofundando\u201d diariamente.<\/p>\n\n\n\n<p>\u201cAgora temos controle total dos c\u00e9us sobre o Ir\u00e3\u201d, publicou Trump em uma rede social, atribuindo a superioridade a\u00e9rea israelense ao equipamento militar americano.<\/p>\n\n\n\n<p>Katz n\u00e3o especificou os alvos dos ataques, e Trump ainda n\u00e3o deixou claro quais ser\u00e3o os pr\u00f3ximos passos. O vice-presidente JD Vance declarou na rede X que Trump demonstrou \u201cnot\u00e1vel modera\u00e7\u00e3o ao manter o foco de nossas for\u00e7as armadas na prote\u00e7\u00e3o de tropas e civis\u201d, mas disse que o presidente \u201cpode decidir agir para p\u00f4r fim ao enriquecimento iraniano\u201d.<\/p>\n\n\n\n<p>Apesar da relativa estabilidade nos mercados desde o in\u00edcio dos confrontos, teme-se que a guerra se espalhe por outros pa\u00edses produtores de petr\u00f3leo e g\u00e1s.<\/p>\n\n\n\n<p>A sa\u00edda de Trump do G-7 veio ap\u00f3s mais 24 horas de bombardeios, com o Ir\u00e3 lan\u00e7ando m\u00edsseis bal\u00edsticos e Israel atingindo alvos em todo o pa\u00eds, incluindo Teer\u00e3. O porta-avi\u00f5es USS Nimitz segue para o Oriente M\u00e9dio antes do previsto \u2014 primeiro grande movimento militar dos EUA na regi\u00e3o desde sexta-feira.<\/p>\n\n\n\n<p>Novas imagens de sat\u00e9lite sugerem que ataques israelenses danificaram instala\u00e7\u00f5es subterr\u00e2neas de enriquecimento de ur\u00e2nio em Natanz, principal centro de produ\u00e7\u00e3o nuclear do Ir\u00e3, segundo a Ag\u00eancia Internacional de Energia At\u00f4mica. Ainda n\u00e3o h\u00e1 confirma\u00e7\u00e3o de danos ao complexo de Fordow.<\/p>\n\n\n\n<h2 class=\"wp-block-heading\" id=\"h-mundo-teme-que-eua-entrem-de-vez\">Mundo teme que EUA entrem de vez<\/h2>\n\n\n\n<p>Israel tenta atrair maior envolvimento dos EUA no conflito. O premi\u00ea Benjamin Netanyahu disse \u00e0&nbsp;<em>ABC News<\/em>&nbsp;que os dois pa\u00edses t\u00eam um inimigo comum no Ir\u00e3 e que apoiar Israel est\u00e1 no interesse americano.<\/p>\n\n\n\n<p>Trump afirmou que pode enviar um representante de alto escal\u00e3o, como o enviado especial Steven Witkoff ou o vice-presidente Vance, para negociar com o Ir\u00e3, mas condicionou isso ao andamento dos eventos. \u201cEu disse que eles deveriam ter feito o acordo. Ent\u00e3o n\u00e3o sei. N\u00e3o estou muito inclinado a negociar\u201d, declarou.<\/p>\n\n\n\n<p>Israel relatou redu\u00e7\u00e3o nos ataques iranianos nesta ter\u00e7a, com \u201calgumas dezenas\u201d de m\u00edsseis lan\u00e7ados desde a meia-noite \u2014 n\u00famero bem inferior aos registrados no fim de semana.<\/p>\n\n\n\n<p>Mesmo assim, a Israel Oil Refineries Ltd. anunciou o fechamento de sua refinaria ap\u00f3s bombardeios que mataram tr\u00eas funcion\u00e1rios. A unidade tem capacidade de processar at\u00e9 200 mil barris por dia, com 70% da produ\u00e7\u00e3o voltada ao mercado dom\u00e9stico. A rede de postos Sonol alertou que o fechamento da refinaria pode gerar escassez de combust\u00edvel.<\/p>\n\n\n\n<p>Os pre\u00e7os do petr\u00f3leo subiram com a escalada do conflito, aumentando temores sobre o impacto na economia global. O governo do Catar pediu nesta ter\u00e7a que navios de g\u00e1s natural liquefeito aguardem fora do Estreito de Ormuz at\u00e9 o momento de carregamento, devido ao aumento das tens\u00f5es.<\/p>\n\n\n\n<p><em>(com Bloomberg)<\/em><\/p>\n\n\n\n<p>Fonte Info Money <\/p>\n\n\n\n<p><\/p>\n","protected":false},"excerpt":{"rendered":"<p>Apesar da relativa estabilidade nos mercados desde o in\u00edcio dos confrontos, teme-se que a guerra se espalhe por outros pa\u00edses produtores de petr\u00f3leo e g\u00e1s Israel e Estados Unidos est\u00e3o intensificando a press\u00e3o sobre o Ir\u00e3, reacendendo especula\u00e7\u00f5es de que Washington possa estar se preparando para entrar no ataque lan\u00e7ado por seu principal aliado no [&hellip;]<\/p>\n","protected":false},"author":8,"featured_media":27745,"comment_status":"closed","ping_status":"open","sticky":false,"template":"","format":"standard","meta":{"rop_custom_images_group":[],"rop_custom_messages_group":[],"rop_publish_now":"initial","rop_publish_now_accounts":[],"rop_publish_now_history":[],"rop_publish_now_status":"pending","footnotes":""},"categories":[212],"tags":[73],"class_list":["post-27744","post","type-post","status-publish","format-standard","has-post-thumbnail","hentry","category-internacional","tag-featured"],"amp_enabled":true,"_links":{"self":[{"href":"https:\/\/imais.online\/portal\/wp-json\/wp\/v2\/posts\/27744","targetHints":{"allow":["GET"]}}],"collection":[{"href":"https:\/\/imais.online\/portal\/wp-json\/wp\/v2\/posts"}],"about":[{"href":"https:\/\/imais.online\/portal\/wp-json\/wp\/v2\/types\/post"}],"author":[{"embeddable":true,"href":"https:\/\/imais.online\/portal\/wp-json\/wp\/v2\/users\/8"}],"replies":[{"embeddable":true,"href":"https:\/\/imais.online\/portal\/wp-json\/wp\/v2\/comments?post=27744"}],"version-history":[{"count":1,"href":"https:\/\/imais.online\/portal\/wp-json\/wp\/v2\/posts\/27744\/revisions"}],"predecessor-version":[{"id":27746,"href":"https:\/\/imais.online\/portal\/wp-json\/wp\/v2\/posts\/27744\/revisions\/27746"}],"wp:featuredmedia":[{"embeddable":true,"href":"https:\/\/imais.online\/portal\/wp-json\/wp\/v2\/media\/27745"}],"wp:attachment":[{"href":"https:\/\/imais.online\/portal\/wp-json\/wp\/v2\/media?parent=27744"}],"wp:term":[{"taxonomy":"category","embeddable":true,"href":"https:\/\/imais.online\/portal\/wp-json\/wp\/v2\/categories?post=27744"},{"taxonomy":"post_tag","embeddable":true,"href":"https:\/\/imais.online\/portal\/wp-json\/wp\/v2\/tags?post=27744"}],"curies":[{"name":"wp","href":"https:\/\/api.w.org\/{rel}","templated":true}]}}