{"id":27774,"date":"2025-06-22T16:59:36","date_gmt":"2025-06-22T19:59:36","guid":{"rendered":"https:\/\/imais.online\/portal\/?p=27774"},"modified":"2025-06-22T16:59:37","modified_gmt":"2025-06-22T19:59:37","slug":"itamaraty-condena-ataques-dos-eua-a-instalacoes-nucleares-no-ira-grave-ameaca-a-vida","status":"publish","type":"post","link":"https:\/\/imais.online\/portal\/itamaraty-condena-ataques-dos-eua-a-instalacoes-nucleares-no-ira-grave-ameaca-a-vida\/","title":{"rendered":"Itamaraty condena ataques dos EUA a instala\u00e7\u00f5es nucleares no Ir\u00e3: \u2018Grave amea\u00e7a \u00e0 vida\u2019"},"content":{"rendered":"<div class=\"imais-before-content-placement\" id=\"imais-1994513609\"><script async src=\"\/\/pagead2.googlesyndication.com\/pagead\/js\/adsbygoogle.js?client=ca-pub-8787528412751566\" crossorigin=\"anonymous\"><\/script><ins class=\"adsbygoogle\" style=\"display:block;\" data-ad-client=\"ca-pub-8787528412751566\" \ndata-ad-slot=\"\" \ndata-ad-format=\"auto\"><\/ins>\n<script> \n(adsbygoogle = window.adsbygoogle || []).push({}); \n<\/script>\n<\/div>\n<h2 class=\"wp-block-heading\">Governo reiterou posi\u00e7\u00e3o em favor da paz e classificou a\u00e7\u00f5es como viola\u00e7\u00f5es \u00e0 soberania iraniana e ao direito internacional<\/h2>\n\n\n\n<p>O governo brasileiro condenou neste domingo (22) os ataques realizados por Israel e, mais recentemente, pelos Estados Unidos contra instala\u00e7\u00f5es nucleares no Ir\u00e3. Em nota oficial, o Itamaraty classificou as a\u00e7\u00f5es como viola\u00e7\u00f5es \u00e0 soberania iraniana e ao direito internacional, incluindo normas da Ag\u00eancia Internacional de Energia At\u00f4mica.<\/p>\n\n\n\n<p>\u201cO governo brasileiro reitera sua posi\u00e7\u00e3o hist\u00f3rica em favor do uso exclusivo da energia nuclear para fins pac\u00edficos e rejeita com firmeza qualquer forma de prolifera\u00e7\u00e3o nuclear, especialmente em regi\u00f5es marcadas por instabilidade geopol\u00edtica, como o Oriente M\u00e9dio\u201d, diz o comunicado.<\/p>\n\n\n\n<p>O Brasil alertou ainda que ofensivas armadas desse tipo colocam em risco a vida de civis e podem provocar desastres ambientais de grande escala, caso haja contamina\u00e7\u00e3o radioativa.<\/p>\n\n\n\n<p>Na nota, o governo tamb\u00e9m repudiou os ataques rec\u00edprocos contra \u00e1reas densamente povoadas, os quais t\u00eam provocado \u201ccrescente n\u00famero de v\u00edtimas e danos a infraestrutura civis, incluindo instala\u00e7\u00f5es hospitalares, as quais s\u00e3o especialmente protegidas pelo direito internacional humanit\u00e1rio\u201d.<\/p>\n\n\n\n<p>O Itaramaty tamb\u00e9m voltou a defender uma sa\u00edda diplom\u00e1tica para o conflito. O texto afirma que a continuidade da escalada militar amea\u00e7a comprometer n\u00e3o apenas a paz e a estabilidade regional, mas tamb\u00e9m o regime global de n\u00e3o prolifera\u00e7\u00e3o e desarmamento nuclear.<\/p>\n\n\n\n<p>\u201cAs consequ\u00eancias negativas da atual escalada militar podem gerar danos irrevers\u00edveis para a paz e a estabilidade na regi\u00e3o e no mundo e para o regime de n\u00e3o prolifera\u00e7\u00e3o e desarmamento nuclear\u201d, informou.<\/p>\n\n\n\n<h3 class=\"wp-block-heading\">Ataque dos EUA<\/h3>\n\n\n\n<p>Em uma ofensiva coordenada e mantida em sigilo at\u00e9 sua execu\u00e7\u00e3o,\u00a0os Estados Unidos atacaram, na madrugada de s\u00e1bado (21),\u00a0tr\u00eas instala\u00e7\u00f5es nucleares do Ir\u00e3. Poucas pessoas souberam da opera\u00e7\u00e3o, segundo informa\u00e7\u00f5es divulgadas em coletiva neste domingo (22).<\/p>\n\n\n\n<p>A opera\u00e7\u00e3o,\u00a0batizada de Midnight Hammer (Martelo da Meia-noite), mobilizou bombardeiros B-2 partindo diretamente do territ\u00f3rio norte-americano e contou com o lan\u00e7amento de m\u00edsseis Tomahawk por um submarino posicionado no Golfo P\u00e9rsico.<\/p>\n\n\n\n<p>Durante coletiva no Pent\u00e1gono, o secret\u00e1rio de Defesa Pete Hegseth afirmou que os bombardeios contra tr\u00eas instala\u00e7\u00f5es nucleares iranianas \u201cdevastaram o programa nuclear do Ir\u00e3\u201d.<\/p>\n\n\n\n<p>\u201cAs ambi\u00e7\u00f5es do Ir\u00e3 foram destru\u00eddas. Muitos sonharam em realizar esse ataque final. S\u00f3 Trump conseguiu\u201d, declarou. Hegseth ainda destacou que \u201cdurante seu governo, Trump afirmou que o Ir\u00e3 precisa, n\u00e3o pode, ter uma arma nuclear. Ponto final.\u201d<\/p>\n\n\n\n<p>O general John D. Caine, presidente do Estado-Maior Conjunto, detalhou os meios utilizados: 75 muni\u00e7\u00f5es guiadas, incluindo\u00a014 bombas GBU-57\u00a0\u2014 artefatos projetados para perfurar dezenas de metros abaixo do solo, capazes de atingir bunkers fortificados.<\/p>\n\n\n\n<p>Fonte R7 <\/p>\n","protected":false},"excerpt":{"rendered":"<p>Governo reiterou posi\u00e7\u00e3o em favor da paz e classificou a\u00e7\u00f5es como viola\u00e7\u00f5es \u00e0 soberania iraniana e ao direito internacional O governo brasileiro condenou neste domingo (22) os ataques realizados por Israel e, mais recentemente, pelos Estados Unidos contra instala\u00e7\u00f5es nucleares no Ir\u00e3. Em nota oficial, o Itamaraty classificou as a\u00e7\u00f5es como viola\u00e7\u00f5es \u00e0 soberania iraniana [&hellip;]<\/p>\n","protected":false},"author":8,"featured_media":27775,"comment_status":"closed","ping_status":"open","sticky":false,"template":"","format":"standard","meta":{"rop_custom_images_group":[],"rop_custom_messages_group":[],"rop_publish_now":"initial","rop_publish_now_accounts":[],"rop_publish_now_history":[],"rop_publish_now_status":"pending","footnotes":""},"categories":[265],"tags":[73],"class_list":["post-27774","post","type-post","status-publish","format-standard","has-post-thumbnail","hentry","category-guerra","tag-featured"],"amp_enabled":true,"_links":{"self":[{"href":"https:\/\/imais.online\/portal\/wp-json\/wp\/v2\/posts\/27774","targetHints":{"allow":["GET"]}}],"collection":[{"href":"https:\/\/imais.online\/portal\/wp-json\/wp\/v2\/posts"}],"about":[{"href":"https:\/\/imais.online\/portal\/wp-json\/wp\/v2\/types\/post"}],"author":[{"embeddable":true,"href":"https:\/\/imais.online\/portal\/wp-json\/wp\/v2\/users\/8"}],"replies":[{"embeddable":true,"href":"https:\/\/imais.online\/portal\/wp-json\/wp\/v2\/comments?post=27774"}],"version-history":[{"count":1,"href":"https:\/\/imais.online\/portal\/wp-json\/wp\/v2\/posts\/27774\/revisions"}],"predecessor-version":[{"id":27776,"href":"https:\/\/imais.online\/portal\/wp-json\/wp\/v2\/posts\/27774\/revisions\/27776"}],"wp:featuredmedia":[{"embeddable":true,"href":"https:\/\/imais.online\/portal\/wp-json\/wp\/v2\/media\/27775"}],"wp:attachment":[{"href":"https:\/\/imais.online\/portal\/wp-json\/wp\/v2\/media?parent=27774"}],"wp:term":[{"taxonomy":"category","embeddable":true,"href":"https:\/\/imais.online\/portal\/wp-json\/wp\/v2\/categories?post=27774"},{"taxonomy":"post_tag","embeddable":true,"href":"https:\/\/imais.online\/portal\/wp-json\/wp\/v2\/tags?post=27774"}],"curies":[{"name":"wp","href":"https:\/\/api.w.org\/{rel}","templated":true}]}}