{"id":27780,"date":"2025-06-22T17:08:00","date_gmt":"2025-06-22T20:08:00","guid":{"rendered":"https:\/\/imais.online\/portal\/?p=27780"},"modified":"2025-06-22T17:08:01","modified_gmt":"2025-06-22T20:08:01","slug":"homem-tenta-se-casar-com-menina-de-9-anos-na-disneylandia-paris-e-e-preso","status":"publish","type":"post","link":"https:\/\/imais.online\/portal\/homem-tenta-se-casar-com-menina-de-9-anos-na-disneylandia-paris-e-e-preso\/","title":{"rendered":"Homem tenta se casar com menina de 9 anos na Disneyl\u00e2ndia Paris e \u00e9 preso"},"content":{"rendered":"<div class=\"imais-before-content-placement\" id=\"imais-573180091\"><script async src=\"\/\/pagead2.googlesyndication.com\/pagead\/js\/adsbygoogle.js?client=ca-pub-8787528412751566\" crossorigin=\"anonymous\"><\/script><ins class=\"adsbygoogle\" style=\"display:block;\" data-ad-client=\"ca-pub-8787528412751566\" \ndata-ad-slot=\"\" \ndata-ad-format=\"auto\"><\/ins>\n<script> \n(adsbygoogle = window.adsbygoogle || []).push({}); \n<\/script>\n<\/div>\n<h2 class=\"wp-block-heading\">Cerim\u00f4nia reuniu cerca de 100 pessoas e foi interrompida pela equipe do parque ap\u00f3s identificarem que a \u2018noiva\u2019 era uma crian\u00e7a<\/h2>\n\n\n\n<p>A&nbsp;<a href=\"https:\/\/noticias.r7.com\/santa-catarina\/nd-mais\/liga-dos-campeoes-comemoracao-do-psg-deixa-dois-torcedores-mortos-e-policial-em-coma-na-franca-02062025\/\"><strong>pol\u00edcia francesa<\/strong><\/a>&nbsp;prendeu, no \u00faltimo s\u00e1bado (21), um homem de 22 anos, supostamente brit\u00e2nico, acusado de tentar simular um casamento com uma menina de apenas 9 anos na&nbsp;<a href=\"https:\/\/noticias.r7.com\/internacional\/homem-tenta-se-casar-com-menina-de-9-anos-na-disneylandia-paris-e-e-preso-22062025\/\"><strong>Disneyl\u00e2ndia Paris<\/strong><\/a>.<\/p>\n\n\n\n<p>Segundo informa\u00e7\u00f5es do\u00a0<em>Daily Mail<\/em>, a cerim\u00f4nia estava marcada para acontecer ao amanhecer \u2014 fora do hor\u00e1rio de funcionamento do parque \u2014, mas foi rapidamente interrompida ap\u00f3s a equipe do local alertar as autoridades.<\/p>\n\n\n\n<p>De acordo com o jornal franc\u00eas&nbsp;<em>Le Parisien<\/em>, cerca de 100 pessoas estavam presentes no evento, incluindo a crian\u00e7a, sua fam\u00edlia e diversos convidados. A&nbsp;<a href=\"https:\/\/noticias.r7.com\/internacional\/fotos\/casamento-infantil-unicef-acredita-que-22-milhoes-de-meninas-menores-de-18-anos-estejam-casadas-23072014\/\"><strong>presen\u00e7a da menina como \u201cnoiva\u201d causou estranheza<\/strong><\/a>&nbsp;aos funcion\u00e1rios, que acionaram imediatamente a pol\u00edcia.<\/p>\n\n\n\n<p>Um comunicado do gabinete do promotor da cidade vizinha de Meaux informou que \u201cquatro pessoas foram presas e interrogadas: o noivo, que se acredita ser o organizador do evento e que se presume ser brit\u00e2nico e ter 22 anos; a m\u00e3e da crian\u00e7a, uma mulher ucraniana de 41 anos; e dois cidad\u00e3os let\u00f5es, de 55 e 24 anos\u201d.<\/p>\n\n\n\n<p>O comunicado acrescenta ainda que \u201ca cust\u00f3dia policial do suspeito brit\u00e2nico e de um cidad\u00e3o let\u00e3o tamb\u00e9m foi prorrogada por acusa\u00e7\u00f5es de fraude e lavagem de dinheiro\u201d. Uma investiga\u00e7\u00e3o criminal foi aberta pelo Minist\u00e9rio P\u00fablico franc\u00eas.<\/p>\n\n\n\n<p>A Disneyl\u00e2ndia Paris informou ao\u00a0<em>Le Parisien<\/em>\u00a0que o evento foi encerrado imediatamente ap\u00f3s a situa\u00e7\u00e3o ser identificada, e os convidados foram impedidos de acessar o local.<\/p>\n\n\n\n<p>As circunst\u00e2ncias do caso ainda est\u00e3o sendo apuradas. Um exame m\u00e9dico realizado na crian\u00e7a concluiu que ela n\u00e3o sofreu&nbsp;<a href=\"https:\/\/entretenimento.r7.com\/prisma\/fabiola-reipert\/video\/estrela-de-a-pequena-sereia-consegue-medida-protetiva-apos-sofrer-violencia-do-ex-marido-15052025\/\"><strong>viol\u00eancia f\u00edsica<\/strong><\/a>. A promotoria tamb\u00e9m afirmou que n\u00e3o descarta a possibilidade de o epis\u00f3dio ter sido uma encena\u00e7\u00e3o, com os presentes atuando como \u201cfigurantes\u201d.<\/p>\n\n\n\n<p>Uma fonte policial relatou ao\u00a0<em>Le Parisien<\/em>\u00a0que o suposto noivo declarou ser diretor de uma produtora e que o grupo estaria gravando um v\u00eddeo.<\/p>\n\n\n\n<p>A promotoria esclareceu posteriormente \u00e0 ag\u00eancia AFP: \u201cEnt\u00e3o n\u00e3o foi um casamento, mas sim uma encena\u00e7\u00e3o filmada com cerca de cem figurantes. Privatizaram a Disneyl\u00e2ndia Paris, fingindo que era um casamento de verdade\u201d.<\/p>\n\n\n\n<p>Apesar disso, nenhuma das pessoas presentes teria sido informada de que se tratava de uma grava\u00e7\u00e3o. \u201cTodos n\u00f3s pensamos que ir\u00edamos a um casamento [&#8230;] Todos ficaram surpresos, ningu\u00e9m esperava. A Disneyl\u00e2ndia fez muito bem. Cancelaram tudo assim que perceberam que a noiva era uma crian\u00e7a. Ficamos chocados ao ver isso\u201d, disse uma pessoa que afirmou ter sido convidada para o evento.<\/p>\n\n\n\n<p>Fonte R7<\/p>\n","protected":false},"excerpt":{"rendered":"<p>Cerim\u00f4nia reuniu cerca de 100 pessoas e foi interrompida pela equipe do parque ap\u00f3s identificarem que a \u2018noiva\u2019 era uma crian\u00e7a A&nbsp;pol\u00edcia francesa&nbsp;prendeu, no \u00faltimo s\u00e1bado (21), um homem de 22 anos, supostamente brit\u00e2nico, acusado de tentar simular um casamento com uma menina de apenas 9 anos na&nbsp;Disneyl\u00e2ndia Paris. Segundo informa\u00e7\u00f5es do\u00a0Daily Mail, a cerim\u00f4nia [&hellip;]<\/p>\n","protected":false},"author":8,"featured_media":27781,"comment_status":"closed","ping_status":"open","sticky":false,"template":"","format":"standard","meta":{"rop_custom_images_group":[],"rop_custom_messages_group":[],"rop_publish_now":"initial","rop_publish_now_accounts":[],"rop_publish_now_history":[],"rop_publish_now_status":"pending","footnotes":""},"categories":[212],"tags":[],"class_list":["post-27780","post","type-post","status-publish","format-standard","has-post-thumbnail","hentry","category-internacional"],"amp_enabled":true,"_links":{"self":[{"href":"https:\/\/imais.online\/portal\/wp-json\/wp\/v2\/posts\/27780","targetHints":{"allow":["GET"]}}],"collection":[{"href":"https:\/\/imais.online\/portal\/wp-json\/wp\/v2\/posts"}],"about":[{"href":"https:\/\/imais.online\/portal\/wp-json\/wp\/v2\/types\/post"}],"author":[{"embeddable":true,"href":"https:\/\/imais.online\/portal\/wp-json\/wp\/v2\/users\/8"}],"replies":[{"embeddable":true,"href":"https:\/\/imais.online\/portal\/wp-json\/wp\/v2\/comments?post=27780"}],"version-history":[{"count":1,"href":"https:\/\/imais.online\/portal\/wp-json\/wp\/v2\/posts\/27780\/revisions"}],"predecessor-version":[{"id":27782,"href":"https:\/\/imais.online\/portal\/wp-json\/wp\/v2\/posts\/27780\/revisions\/27782"}],"wp:featuredmedia":[{"embeddable":true,"href":"https:\/\/imais.online\/portal\/wp-json\/wp\/v2\/media\/27781"}],"wp:attachment":[{"href":"https:\/\/imais.online\/portal\/wp-json\/wp\/v2\/media?parent=27780"}],"wp:term":[{"taxonomy":"category","embeddable":true,"href":"https:\/\/imais.online\/portal\/wp-json\/wp\/v2\/categories?post=27780"},{"taxonomy":"post_tag","embeddable":true,"href":"https:\/\/imais.online\/portal\/wp-json\/wp\/v2\/tags?post=27780"}],"curies":[{"name":"wp","href":"https:\/\/api.w.org\/{rel}","templated":true}]}}