{"id":27798,"date":"2025-06-22T17:56:27","date_gmt":"2025-06-22T20:56:27","guid":{"rendered":"https:\/\/imais.online\/portal\/?p=27798"},"modified":"2025-06-22T17:56:28","modified_gmt":"2025-06-22T20:56:28","slug":"com-261-registros-campinas-tem-recorde-de-notificacoes-de-violencia-contra-idosos","status":"publish","type":"post","link":"https:\/\/imais.online\/portal\/com-261-registros-campinas-tem-recorde-de-notificacoes-de-violencia-contra-idosos\/","title":{"rendered":"Com 261 registros, Campinas tem recorde de notifica\u00e7\u00f5es de viol\u00eancia contra idosos"},"content":{"rendered":"<div class=\"imais-before-content-placement\" id=\"imais-2009441911\"><script async src=\"\/\/pagead2.googlesyndication.com\/pagead\/js\/adsbygoogle.js?client=ca-pub-8787528412751566\" crossorigin=\"anonymous\"><\/script><ins class=\"adsbygoogle\" style=\"display:block;\" data-ad-client=\"ca-pub-8787528412751566\" \ndata-ad-slot=\"\" \ndata-ad-format=\"auto\"><\/ins>\n<script> \n(adsbygoogle = window.adsbygoogle || []).push({}); \n<\/script>\n<\/div>\n<h2 class=\"wp-block-heading\">Dados do Sisnov apontam aumento de 8,75% nas notifica\u00e7\u00f5es de 2023 para 2024, quando metr\u00f3pole chegou ao maior n\u00famero de casos registrados da s\u00e9rie hist\u00f3rica.<\/h2>\n\n\n\n<p><a class=\"\" href=\"https:\/\/g1.globo.com\/sp\/campinas-regiao\/cidade\/campinas\/\">Campinas (SP)<\/a>&nbsp;registrou 261 notifica\u00e7\u00f5es de casos de viol\u00eancia contra idosos em 2024&nbsp;&#8211; o&nbsp;<strong>maior n\u00famero<\/strong>&nbsp;desde 2009, in\u00edcio da s\u00e9rie hist\u00f3rica. Os dados s\u00e3o do Sistema de Notifica\u00e7\u00e3o de Viol\u00eancia (Sisnov) da metr\u00f3pole.<\/p>\n\n\n\n<p>A quantidade de notifica\u00e7\u00f5es cresceu 8,75% em rela\u00e7\u00e3o a 2023, quando os registros somavam 240.<\/p>\n\n\n\n<p>Segundo a secret\u00e1ria de Desenvolvimento e Assist\u00eancia Social de Campinas, Vandecleya Moro, o n\u00famero aumentou ap\u00f3s a pandemia de covid-19 porque, com mais informa\u00e7\u00f5es dispon\u00edveis, a popula\u00e7\u00e3o possui maior compreens\u00e3o do que configura um caso de viol\u00eancia.<\/p>\n\n\n\n<blockquote class=\"wp-block-quote is-layout-flow wp-block-quote-is-layout-flow\">\n<p>&#8220;Muitos idosos n\u00e3o sabem que sofrem algum tipo de viol\u00eancia, n\u00e3o sabem o que \u00e9 viol\u00eancia patrimonial, por exemplo. N\u00f3s fazemos rodas de conversa e trabalhamos com outras secretarias, como a Sa\u00fade, e fazemos o trabalho de conscientiza\u00e7\u00e3o&#8221;, afirma a secret\u00e1ria.<\/p>\n<\/blockquote>\n\n\n\n<p>Segundo a secret\u00e1ria, a&nbsp;maioria dos casos&nbsp;registrados s\u00e3o de&nbsp;<strong>viol\u00eancia f\u00edsica<\/strong>, seguidos dos casos de&nbsp;<strong>neglig\u00eancia<\/strong>,&nbsp;<strong>viol\u00eancia patrimonial<\/strong>&nbsp;e, em menor escala,&nbsp;<strong>viol\u00eancia sexual<\/strong>.<\/p>\n\n\n\n<p>Em 2024, foram registrados 113 casos de viol\u00eancia contra idosos entre 60 e 69 anos. Entre 70 e 79 anos, foram 89 registros. J\u00e1 contra idosos com 80 anos ou mais, foram 59 registros.<\/p>\n\n\n\n<p>Para idosos que se encontram em viola\u00e7\u00e3o de direitos ou em risco, Campinas oferece atendimento e acolhimento no Centro Dia da Pessoa Idosa.<\/p>\n\n\n\n<p>O p\u00fablico-alvo do servi\u00e7o s\u00e3o pessoas idosas, com 60 anos ou mais, que estejam em situa\u00e7\u00e3o de risco pessoal e social e cujos direitos foram violados ou amea\u00e7ados, al\u00e9m de pessoas idosas que necessitem de assist\u00eancia ou de equipamentos especiais para atividades di\u00e1rias, como alimenta\u00e7\u00e3o, mobilidade e higiene.<\/p>\n\n\n\n<p>&#8220;Fam\u00edlias podem procurar o Centro. Casos de neglig\u00eancia, por exemplo, envolvem fam\u00edlias mais desestruturadas, e no Centro da Pessoa Idosa ser\u00e1 encontrado apoio para que ela possa se reestruturar&#8221;, explica Moro.<\/p>\n\n\n\n<p>Casos de viol\u00eancia podem ser denunciados pelo Disque 100, servi\u00e7o de den\u00fancias de viola\u00e7\u00f5es de direitos humanos da Ouvidoria Nacional de Direitos Humanos, que funciona 24 horas por dia.<\/p>\n\n\n\n<p>A den\u00fancia pode ser an\u00f4nima, mas \u00e9 importante informar o endere\u00e7o completo do caso e relatar o ocorrido ou detalhes do que levantaram suspeita de viol\u00eancia.<\/p>\n\n\n\n<p>A secret\u00e1ria refor\u00e7a que, ap\u00f3s a den\u00fancia, a Secretaria de Desenvolvimento e Assist\u00eancia Social da metr\u00f3pole realiza atendimento em domic\u00edlio, com assistente social e psic\u00f3logo.<\/p>\n\n\n\n<p>Fonte EPTV Campinas<\/p>\n","protected":false},"excerpt":{"rendered":"<p>Dados do Sisnov apontam aumento de 8,75% nas notifica\u00e7\u00f5es de 2023 para 2024, quando metr\u00f3pole chegou ao maior n\u00famero de casos registrados da s\u00e9rie hist\u00f3rica. Campinas (SP)&nbsp;registrou 261 notifica\u00e7\u00f5es de casos de viol\u00eancia contra idosos em 2024&nbsp;&#8211; o&nbsp;maior n\u00famero&nbsp;desde 2009, in\u00edcio da s\u00e9rie hist\u00f3rica. Os dados s\u00e3o do Sistema de Notifica\u00e7\u00e3o de Viol\u00eancia (Sisnov) da [&hellip;]<\/p>\n","protected":false},"author":8,"featured_media":27799,"comment_status":"closed","ping_status":"open","sticky":false,"template":"","format":"standard","meta":{"rop_custom_images_group":[],"rop_custom_messages_group":[],"rop_publish_now":"initial","rop_publish_now_accounts":[],"rop_publish_now_history":[],"rop_publish_now_status":"pending","footnotes":""},"categories":[194],"tags":[73],"class_list":["post-27798","post","type-post","status-publish","format-standard","has-post-thumbnail","hentry","category-regia","tag-featured"],"amp_enabled":true,"_links":{"self":[{"href":"https:\/\/imais.online\/portal\/wp-json\/wp\/v2\/posts\/27798","targetHints":{"allow":["GET"]}}],"collection":[{"href":"https:\/\/imais.online\/portal\/wp-json\/wp\/v2\/posts"}],"about":[{"href":"https:\/\/imais.online\/portal\/wp-json\/wp\/v2\/types\/post"}],"author":[{"embeddable":true,"href":"https:\/\/imais.online\/portal\/wp-json\/wp\/v2\/users\/8"}],"replies":[{"embeddable":true,"href":"https:\/\/imais.online\/portal\/wp-json\/wp\/v2\/comments?post=27798"}],"version-history":[{"count":1,"href":"https:\/\/imais.online\/portal\/wp-json\/wp\/v2\/posts\/27798\/revisions"}],"predecessor-version":[{"id":27800,"href":"https:\/\/imais.online\/portal\/wp-json\/wp\/v2\/posts\/27798\/revisions\/27800"}],"wp:featuredmedia":[{"embeddable":true,"href":"https:\/\/imais.online\/portal\/wp-json\/wp\/v2\/media\/27799"}],"wp:attachment":[{"href":"https:\/\/imais.online\/portal\/wp-json\/wp\/v2\/media?parent=27798"}],"wp:term":[{"taxonomy":"category","embeddable":true,"href":"https:\/\/imais.online\/portal\/wp-json\/wp\/v2\/categories?post=27798"},{"taxonomy":"post_tag","embeddable":true,"href":"https:\/\/imais.online\/portal\/wp-json\/wp\/v2\/tags?post=27798"}],"curies":[{"name":"wp","href":"https:\/\/api.w.org\/{rel}","templated":true}]}}