{"id":27813,"date":"2025-06-24T09:11:05","date_gmt":"2025-06-24T12:11:05","guid":{"rendered":"https:\/\/imais.online\/portal\/?p=27813"},"modified":"2025-06-24T09:11:08","modified_gmt":"2025-06-24T12:11:08","slug":"temperatura-minima-em-sao-paulo-deve-bater-recorde-dos-ultimos-nove-anos-e-impactar-diversos-setores","status":"publish","type":"post","link":"https:\/\/imais.online\/portal\/temperatura-minima-em-sao-paulo-deve-bater-recorde-dos-ultimos-nove-anos-e-impactar-diversos-setores\/","title":{"rendered":"Temperatura m\u00ednima em S\u00e3o Paulo deve bater recorde dos \u00faltimos nove anos e impactar diversos setores"},"content":{"rendered":"<div class=\"imais-before-content-placement\" id=\"imais-357040189\"><script async src=\"\/\/pagead2.googlesyndication.com\/pagead\/js\/adsbygoogle.js?client=ca-pub-8787528412751566\" crossorigin=\"anonymous\"><\/script><ins class=\"adsbygoogle\" style=\"display:block;\" data-ad-client=\"ca-pub-8787528412751566\" \ndata-ad-slot=\"\" \ndata-ad-format=\"auto\"><\/ins>\n<script> \n(adsbygoogle = window.adsbygoogle || []).push({}); \n<\/script>\n<\/div>\n<p class=\"has-text-align-center\"><em>Climatempo aponta que a m\u00ednima deve alcan\u00e7ar 4\u00b0C nesta quarta-feira, com reflexos nas atividades do setor de energia, com\u00e9rcio, sa\u00fade e agroneg\u00f3cio, entre outros<\/em><\/p>\n\n\n\n<p>A cidade de S\u00e3o Paulo deve enfrentar, nesta quarta-feira (25), a manh\u00e3 mais fria dos \u00faltimos nove anos, com previs\u00e3o de m\u00ednima de 4\u00b0C, segundo dados da Climatempo\u00a0\u2013 a maior e mais reconhecida empresa de consultoria meteorol\u00f3gica e previs\u00e3o do tempo do Brasil e da Am\u00e9rica Latina.<\/p>\n\n\n\n<p>Essa ser\u00e1 a menor temperatura registrada desde junho de 2016, quando a capital paulista marcou 3,5\u00b0C no dia 13 do mesmo m\u00eas daquele ano. O recorde de frio ser\u00e1 um dos mais significativos da \u00faltima d\u00e9cada, aproximando-se de marcas hist\u00f3ricas como os 1,2\u00b0C de junho de 1994, a m\u00ednima absoluta dos registros oficiais da capital.<\/p>\n\n\n\n<p>A queda nas temperaturas acontece ap\u00f3s a passagem de uma forte frente fria, associada a um ciclone extratropical no oceano, que j\u00e1 provocou chuvas e ventos fortes em diversas regi\u00f5es do estado. Com o afastamento das nuvens e a estabiliza\u00e7\u00e3o atmosf\u00e9rica, a madrugada de quarta-feira (25) ter\u00e1 c\u00e9u limpo e condi\u00e7\u00f5es que propiciar\u00e3o a r\u00e1pida queda da temperatura. A previs\u00e3o indica m\u00ednima de 4\u00b0C na zona norte da capital, mas bairros mais ao sul da capital, como Marsilac e Capela do Socorro, podem registrar temperaturas pr\u00f3ximas de 0\u00b0C.<\/p>\n\n\n\n<p>Al\u00e9m de S\u00e3o Paulo, outras cidades do interior do Estado, como Campinas, S\u00e3o Carlos, Presidente Prudente, Rancharia, Itapira e Serra Negra, tamb\u00e9m devem registrar temperaturas pr\u00f3ximas ou abaixo de 4\u00b0C, com risco elevado de geada nas \u00e1reas mais altas.<\/p>\n\n\n\n<p><strong>Impactos setoriais<\/strong><\/p>\n\n\n\n<p>A queda abrupta da temperatura na capital paulista ter\u00e1 efeitos sobre diversos setores, entre eles:<\/p>\n\n\n\n<ul class=\"wp-block-list\">\n<li><strong>Energia el\u00e9trica<\/strong>: a expectativa \u00e9 de aumento no consumo de eletricidade, principalmente em resid\u00eancias e com\u00e9rcio, devido ao uso de aquecedores e chuveiros el\u00e9tricos. As concession\u00e1rias tamb\u00e9m j\u00e1 trabalham em estado de alerta devido aos danos provocados \u00e0 rede de distribui\u00e7\u00e3o pelos ventos fortes e \u00e0 previs\u00e3o de pico de demanda.<\/li>\n\n\n\n<li><strong>Com\u00e9rcio<\/strong>: o frio s\u00fabito deve impulsionar as vendas de roupas de frio, cobertores e aquecedores. O setor de alimentos tamb\u00e9m pode ter alta na procura por produtos t\u00edpicos de inverno, como sopas, caldos e bebidas quentes.<\/li>\n\n\n\n<li><strong>Sa\u00fade p\u00fablica<\/strong>: com a previs\u00e3o de temperaturas t\u00e3o baixas, a rede de sa\u00fade deve se preparar para um aumento nos atendimentos por doen\u00e7as respirat\u00f3rias e tamb\u00e9m para o acolhimento emergencial de pessoas em situa\u00e7\u00e3o de rua, com amplia\u00e7\u00e3o de vagas em abrigos tempor\u00e1rios.<\/li>\n\n\n\n<li><strong>Agricultura e alimentos:<\/strong> o risco de geada em regi\u00f5es produtoras do interior de S\u00e3o Paulo, como Campinas e S\u00e3o Carlos, pode afetar a produ\u00e7\u00e3o de hortali\u00e7as e frutas, com potencial impacto nos pre\u00e7os de alimentos frescos no mercado local.<\/li>\n\n\n\n<li><strong>Log\u00edstica e transporte<\/strong>: a possibilidade de forma\u00e7\u00e3o de nevoeiros nas primeiras horas da manh\u00e3 pode afetar as opera\u00e7\u00f5es de transporte rodovi\u00e1rio e a\u00e9reo, com risco de atrasos principalmente em regi\u00f5es mais pr\u00f3ximas de \u00e1reas rurais e serranas.<\/li>\n\n\n\n<li><strong>Mercado de commodities<\/strong>: investidores e analistas do mercado de commodities agr\u00edcolas acompanham o avan\u00e7o da massa de ar frio com aten\u00e7\u00e3o. Epis\u00f3dios de geada em regi\u00f5es produtoras do Sudeste e Centro-Oeste podem influenciar as cota\u00e7\u00f5es de caf\u00e9, cana-de-a\u00e7\u00facar, tomate e hortali\u00e7as nos pr\u00f3ximos preg\u00f5es.<\/li>\n<\/ul>\n\n\n\n<p><strong>Comparativo das temperaturas hist\u00f3ricas m\u00ednimas em junho na cidade de S\u00e3o Paulo:<\/strong><\/p>\n\n\n\n<ul class=\"wp-block-list\">\n<li>26 de junho de 1994: 1,2\u00b0C<\/li>\n\n\n\n<li>27 de junho de 1994: 2,0\u00b0C<\/li>\n\n\n\n<li>13 de junho de 2016: 3,5\u00b0C<\/li>\n\n\n\n<li>10 de junho de 2016: 5,5\u00b0C<\/li>\n\n\n\n<li>30 de junho de 2021: 6,3\u00b0C<\/li>\n<\/ul>\n","protected":false},"excerpt":{"rendered":"<p>Climatempo aponta que a m\u00ednima deve alcan\u00e7ar 4\u00b0C nesta quarta-feira, com reflexos nas atividades do setor de energia, com\u00e9rcio, sa\u00fade e agroneg\u00f3cio, entre outros A cidade de S\u00e3o Paulo deve enfrentar, nesta quarta-feira (25), a manh\u00e3 mais fria dos \u00faltimos nove anos, com previs\u00e3o de m\u00ednima de 4\u00b0C, segundo dados da Climatempo\u00a0\u2013 a maior e [&hellip;]<\/p>\n","protected":false},"author":7,"featured_media":27814,"comment_status":"closed","ping_status":"open","sticky":false,"template":"","format":"standard","meta":{"rop_custom_images_group":[],"rop_custom_messages_group":[],"rop_publish_now":"initial","rop_publish_now_accounts":[],"rop_publish_now_history":[],"rop_publish_now_status":"pending","footnotes":""},"categories":[194],"tags":[],"class_list":["post-27813","post","type-post","status-publish","format-standard","has-post-thumbnail","hentry","category-regia"],"amp_enabled":true,"_links":{"self":[{"href":"https:\/\/imais.online\/portal\/wp-json\/wp\/v2\/posts\/27813","targetHints":{"allow":["GET"]}}],"collection":[{"href":"https:\/\/imais.online\/portal\/wp-json\/wp\/v2\/posts"}],"about":[{"href":"https:\/\/imais.online\/portal\/wp-json\/wp\/v2\/types\/post"}],"author":[{"embeddable":true,"href":"https:\/\/imais.online\/portal\/wp-json\/wp\/v2\/users\/7"}],"replies":[{"embeddable":true,"href":"https:\/\/imais.online\/portal\/wp-json\/wp\/v2\/comments?post=27813"}],"version-history":[{"count":1,"href":"https:\/\/imais.online\/portal\/wp-json\/wp\/v2\/posts\/27813\/revisions"}],"predecessor-version":[{"id":27815,"href":"https:\/\/imais.online\/portal\/wp-json\/wp\/v2\/posts\/27813\/revisions\/27815"}],"wp:featuredmedia":[{"embeddable":true,"href":"https:\/\/imais.online\/portal\/wp-json\/wp\/v2\/media\/27814"}],"wp:attachment":[{"href":"https:\/\/imais.online\/portal\/wp-json\/wp\/v2\/media?parent=27813"}],"wp:term":[{"taxonomy":"category","embeddable":true,"href":"https:\/\/imais.online\/portal\/wp-json\/wp\/v2\/categories?post=27813"},{"taxonomy":"post_tag","embeddable":true,"href":"https:\/\/imais.online\/portal\/wp-json\/wp\/v2\/tags?post=27813"}],"curies":[{"name":"wp","href":"https:\/\/api.w.org\/{rel}","templated":true}]}}