{"id":27819,"date":"2025-06-24T11:50:24","date_gmt":"2025-06-24T14:50:24","guid":{"rendered":"https:\/\/imais.online\/portal\/?p=27819"},"modified":"2025-06-24T11:50:25","modified_gmt":"2025-06-24T14:50:25","slug":"tragedia-na-indonesia-brasileira-julianamarins-e-encontrada-sem-vida-em-vulcao","status":"publish","type":"post","link":"https:\/\/imais.online\/portal\/tragedia-na-indonesia-brasileira-julianamarins-e-encontrada-sem-vida-em-vulcao\/","title":{"rendered":"Trag\u00e9dia na Indon\u00e9sia: Brasileira JulianaMarins \u00e9 Encontrada Sem Vida em Vulc\u00e3o"},"content":{"rendered":"<div class=\"imais-before-content-placement\" id=\"imais-3163299323\"><script async src=\"\/\/pagead2.googlesyndication.com\/pagead\/js\/adsbygoogle.js?client=ca-pub-8787528412751566\" crossorigin=\"anonymous\"><\/script><ins class=\"adsbygoogle\" style=\"display:block;\" data-ad-client=\"ca-pub-8787528412751566\" \ndata-ad-slot=\"\" \ndata-ad-format=\"auto\"><\/ins>\n<script> \n(adsbygoogle = window.adsbygoogle || []).push({}); \n<\/script>\n<\/div>\n<p>A comunidade brasileira e internacional foi abalada pela tr\u00e1gica not\u00edcia da morte de<br>Juliana Marins, uma jovem publicit\u00e1ria de 26 anos, que foi encontrada sem vida nesta<br>ter\u00e7a-feira, 24 de junho de 2025, ap\u00f3s um grave acidente durante uma trilha no Monte<br>Rinjani, na Indon\u00e9sia. O caso, que mobilizou equipes de resgate e gerou grande<br>como\u00e7\u00e3o, levanta quest\u00f5es sobre a seguran\u00e7a em atividades de ecoturismo de alto<br>risco e a complexidade das opera\u00e7\u00f5es de salvamento em terrenos in\u00f3spitos.<\/p>\n\n\n\n<p>Juliana Marins estava desaparecida desde a madrugada de s\u00e1bado, 21 de junho,<br>quando caiu em um trecho perigoso do vulc\u00e3o, ficando presa a uma profundidade de<br>650 metros. A opera\u00e7\u00e3o de resgate, que durou quatro dias, enfrentou desafios<br>significativos devido \u00e0s condi\u00e7\u00f5es clim\u00e1ticas adversas e \u00e0 dificuldade de acesso ao<br>local do acidente. A confirma\u00e7\u00e3o de sua morte foi feita pelas equipes de resgate locais<br>e posteriormente confirmada pela fam\u00edlia da jovem.<\/p>\n\n\n\n<p>Esta reportagem detalha os eventos que levaram \u00e0 morte de Juliana Marins, os<br>esfor\u00e7os de resgate e as implica\u00e7\u00f5es deste tr\u00e1gico incidente para a seguran\u00e7a de<br>turistas em aventuras extremas.<\/p>\n\n\n\n<figure class=\"wp-block-image size-full\"><img loading=\"lazy\" decoding=\"async\" width=\"900\" height=\"506\" src=\"https:\/\/imais.online\/portal\/wp-content\/uploads\/2025\/06\/imagem-de-drone-mostra-publicitaria-brasileira-juliana-marins-que-caiu-em-trilha-na-ilha-de-lombok-na-indonesia-1750599674191_v2_900x506.jpg.webp\" alt=\"\" class=\"wp-image-27821\" srcset=\"https:\/\/imais.online\/portal\/wp-content\/uploads\/2025\/06\/imagem-de-drone-mostra-publicitaria-brasileira-juliana-marins-que-caiu-em-trilha-na-ilha-de-lombok-na-indonesia-1750599674191_v2_900x506.jpg.webp 900w, https:\/\/imais.online\/portal\/wp-content\/uploads\/2025\/06\/imagem-de-drone-mostra-publicitaria-brasileira-juliana-marins-que-caiu-em-trilha-na-ilha-de-lombok-na-indonesia-1750599674191_v2_900x506.jpg-300x169.webp 300w, https:\/\/imais.online\/portal\/wp-content\/uploads\/2025\/06\/imagem-de-drone-mostra-publicitaria-brasileira-juliana-marins-que-caiu-em-trilha-na-ilha-de-lombok-na-indonesia-1750599674191_v2_900x506.jpg-768x432.webp 768w\" sizes=\"auto, (max-width: 900px) 100vw, 900px\" \/><figcaption class=\"wp-element-caption\">Imagem: Reprodu\u00e7\u00e3o<\/figcaption><\/figure>\n\n\n\n<p><strong>O Acidente no Monte Rinjani<\/strong><\/p>\n\n\n\n<p>O Monte Rinjani, um vulc\u00e3o ativo localizado na ilha de Lombok, na Indon\u00e9sia, \u00e9 um<br>destino popular para trilheiros e aventureiros, conhecido por suas paisagens<br>deslumbrantes e trilhas desafiadoras. No entanto, a beleza natural do local esconde<br>perigos, especialmente em trechos de dif\u00edcil acesso e com condi\u00e7\u00f5es clim\u00e1ticas<br>inst\u00e1veis.<\/p>\n\n\n\n<p>Juliana Marins, uma publicit\u00e1ria brasileira de 26 anos, estava realizando uma trilha no<br>Monte Rinjani na madrugada de s\u00e1bado, 21 de junho, quando, por raz\u00f5es ainda n\u00e3o <\/p>\n\n\n\n<p>totalmente esclarecidas, sofreu uma queda em um penhasco. A jovem ficou presa a<br>uma profundidade de 650 metros, em uma \u00e1rea de dif\u00edcil acesso, o que complicou<br>significativamente os esfor\u00e7os de resgate.<\/p>\n\n\n\n<p><strong>A Complexa Opera\u00e7\u00e3o de Resgate<\/strong><\/p>\n\n\n\n<p>Desde o momento do acidente, uma complexa opera\u00e7\u00e3o de resgate foi iniciada,<br>envolvendo equipes locais e, posteriormente, com o apoio de autoridades brasileiras.<br>Os quatro dias de busca foram marcados por desafios extremos, incluindo o terreno<br>\u00edngreme e rochoso do vulc\u00e3o, as condi\u00e7\u00f5es meteorol\u00f3gicas adversas, com chuvas e<br>ventos fortes, e a baixa visibilidade.<\/p>\n\n\n\n<p>As equipes de resgate trabalharam incansavelmente, utilizando t\u00e9cnicas de rapel e<br>equipamentos especializados para tentar alcan\u00e7ar Juliana. No entanto, a<br>profundidade da queda e a instabilidade do terreno dificultaram o progresso. Houve<br>momentos em que as equipes precisaram recuar devido ao risco iminente de novos<br>deslizamentos e \u00e0 exaust\u00e3o dos socorristas.<\/p>\n\n\n\n<p>Apesar de todos os esfor\u00e7os, Juliana Marins foi encontrada sem vida na ter\u00e7a-feira, 24<br>de junho. A causa exata da morte ainda n\u00e3o foi divulgada, mas as condi\u00e7\u00f5es extremas<br>a que foi submetida durante os dias em que esteve presa no penhasco, sem acesso a<br>\u00e1gua e alimentos, podem ter contribu\u00eddo para o desfecho tr\u00e1gico.<\/p>\n\n\n\n<p><strong>Rea\u00e7\u00e3o da Fam\u00edlia e a Comovente Despedida<\/strong><\/p>\n\n\n\n<p>A not\u00edcia da morte de Juliana Marins foi recebida com profunda tristeza e<br>consterna\u00e7\u00e3o por sua fam\u00edlia e amigos no Brasil. Durante os dias de busca, a fam\u00edlia<br>manteve a esperan\u00e7a e acompanhou de perto os desdobramentos da opera\u00e7\u00e3o de<br>resgate, recebendo apoio e solidariedade de diversas partes do mundo. A confirma\u00e7\u00e3o<br>do falecimento trouxe um misto de al\u00edvio pelo fim da incerteza e uma dor imensa pela<br>perda da jovem.<\/p>\n\n\n\n<p>Nas redes sociais, amigos e familiares prestaram homenagens a Juliana, lembrando<br>sua paix\u00e3o por viagens, aventura e sua alegria de viver. A hist\u00f3ria de Juliana Marins se<br>tornou um alerta para os riscos envolvidos em atividades de ecoturismo e a<br>import\u00e2ncia de se tomar todas as precau\u00e7\u00f5es necess\u00e1rias ao se aventurar em locais de<br>dif\u00edcil acesso e com potencial perigo.<\/p>\n","protected":false},"excerpt":{"rendered":"<p>A comunidade brasileira e internacional foi abalada pela tr\u00e1gica not\u00edcia da morte deJuliana Marins, uma jovem publicit\u00e1ria de 26 anos, que foi encontrada sem vida nestater\u00e7a-feira, 24 de junho de 2025, ap\u00f3s um grave acidente durante uma trilha no MonteRinjani, na Indon\u00e9sia. O caso, que mobilizou equipes de resgate e gerou grandecomo\u00e7\u00e3o, levanta quest\u00f5es sobre [&hellip;]<\/p>\n","protected":false},"author":7,"featured_media":27820,"comment_status":"closed","ping_status":"open","sticky":false,"template":"","format":"standard","meta":{"rop_custom_images_group":[],"rop_custom_messages_group":[],"rop_publish_now":"initial","rop_publish_now_accounts":[],"rop_publish_now_history":[],"rop_publish_now_status":"pending","footnotes":""},"categories":[211],"tags":[],"class_list":["post-27819","post","type-post","status-publish","format-standard","has-post-thumbnail","hentry","category-mundo"],"amp_enabled":true,"_links":{"self":[{"href":"https:\/\/imais.online\/portal\/wp-json\/wp\/v2\/posts\/27819","targetHints":{"allow":["GET"]}}],"collection":[{"href":"https:\/\/imais.online\/portal\/wp-json\/wp\/v2\/posts"}],"about":[{"href":"https:\/\/imais.online\/portal\/wp-json\/wp\/v2\/types\/post"}],"author":[{"embeddable":true,"href":"https:\/\/imais.online\/portal\/wp-json\/wp\/v2\/users\/7"}],"replies":[{"embeddable":true,"href":"https:\/\/imais.online\/portal\/wp-json\/wp\/v2\/comments?post=27819"}],"version-history":[{"count":1,"href":"https:\/\/imais.online\/portal\/wp-json\/wp\/v2\/posts\/27819\/revisions"}],"predecessor-version":[{"id":27822,"href":"https:\/\/imais.online\/portal\/wp-json\/wp\/v2\/posts\/27819\/revisions\/27822"}],"wp:featuredmedia":[{"embeddable":true,"href":"https:\/\/imais.online\/portal\/wp-json\/wp\/v2\/media\/27820"}],"wp:attachment":[{"href":"https:\/\/imais.online\/portal\/wp-json\/wp\/v2\/media?parent=27819"}],"wp:term":[{"taxonomy":"category","embeddable":true,"href":"https:\/\/imais.online\/portal\/wp-json\/wp\/v2\/categories?post=27819"},{"taxonomy":"post_tag","embeddable":true,"href":"https:\/\/imais.online\/portal\/wp-json\/wp\/v2\/tags?post=27819"}],"curies":[{"name":"wp","href":"https:\/\/api.w.org\/{rel}","templated":true}]}}