{"id":27843,"date":"2025-06-26T09:13:05","date_gmt":"2025-06-26T12:13:05","guid":{"rendered":"https:\/\/imais.online\/portal\/?p=27843"},"modified":"2025-06-26T09:13:06","modified_gmt":"2025-06-26T12:13:06","slug":"campinas-recebe-o-maior-festival-gospel-do-estado-de-sao-paulo","status":"publish","type":"post","link":"https:\/\/imais.online\/portal\/campinas-recebe-o-maior-festival-gospel-do-estado-de-sao-paulo\/","title":{"rendered":"Campinas recebe o maior festival gospel do Estado de S\u00e3o Paulo"},"content":{"rendered":"<div class=\"imais-before-content-placement\" id=\"imais-800346001\"><script async src=\"\/\/pagead2.googlesyndication.com\/pagead\/js\/adsbygoogle.js?client=ca-pub-8787528412751566\" crossorigin=\"anonymous\"><\/script><ins class=\"adsbygoogle\" style=\"display:block;\" data-ad-client=\"ca-pub-8787528412751566\" \ndata-ad-slot=\"\" \ndata-ad-format=\"auto\"><\/ins>\n<script> \n(adsbygoogle = window.adsbygoogle || []).push({}); \n<\/script>\n<\/div>\n<p class=\"has-text-align-center\"><em>Com uma megaestrutura e 12 horas de programa\u00e7\u00e3o com artistas consagrados, o Fest Gospel Marcha para Jesus ser\u00e1 realizado na Pra\u00e7a Arautos da Paz<\/em><\/p>\n\n\n\n<p>O Circuito Fest Gospel Marcha para Jesus realiza uma edi\u00e7\u00e3o especial no dia 5 de julho, na Pra\u00e7a Arautos da Paz, em Campinas (SP). A megaestrutura, que comporta o maior palco j\u00e1 montado no tradicional espa\u00e7o de eventos da cidade, vai reunir em mais de 12 horas de programa\u00e7\u00e3o os grandes nomes da m\u00fasica gospel do Brasil. Entre as v\u00e1rias atra\u00e7\u00f5es, Thalles Roberto, Fernandinho, Julliany Souza e banda Morada s\u00e3o presen\u00e7as confirmadas. Com a expectativa de receber cerca de 40 mil pessoas, o evento deve ser o maior do segmento no interior de S\u00e3o Paulo. \u201cQueremos que esta festa promova a cultura crist\u00e3 em nossa regi\u00e3o e seja um dia de celebra\u00e7\u00e3o para as fam\u00edlias participarem juntas de momentos de adora\u00e7\u00e3o\u201d, afirma Andr\u00e9 Zidane, organizador da Marcha para Jesus.<\/p>\n\n\n\n<p>Como evento consolidado que busca integrar m\u00fasica gospel \u00e0 cultura das cidades, o Fest Gospel Marcha para Jesus tem reunido em suas v\u00e1rias edi\u00e7\u00f5es mais de 100 mil pessoas em um circuito que abrange munic\u00edpios da Regi\u00e3o Metropolitana de Campinas (RMC) e tamb\u00e9m bairros mais populosos da metr\u00f3pole, como Campo Grande, Ouro Verde, Campo Belo.<\/p>\n\n\n\n<p>Na 19\u00aa edi\u00e7\u00e3o, o Fest Gospel Marcha para Jesus conta com um palco de dimens\u00f5es gigantescas. Com 36 metros de comprimento e 12 metros de altura, \u00e9 o maior j\u00e1 armado na Arautos da Paz. Um \u201cpared\u00e3o\u201d de 220 metros lineares de LED se integra ao equipamento.<\/p>\n\n\n\n<p>Na megaestrutura organizada para receber um p\u00fablico estimado em 40 mil pessoas, haver\u00e1 uma grande pra\u00e7a de alimenta\u00e7\u00e3o servida por food trucks, espa\u00e7o kids e \u00e1reas preparadas para pessoas com defici\u00eancia (PcD) e pessoas com transtorno do espectro autista (TEA).<\/p>\n\n\n\n<p>No in\u00edcio de junho, o IBGE (Instituto Brasileiro de Geografia e Estat\u00edstica) revelou no Censo 2022 que 26,9% da popula\u00e7\u00e3o do Pa\u00eds se declara evang\u00e9lica. Em compara\u00e7\u00e3o aos dados de 2010, o aumento \u00e9 de 5,2%. Alinhado a este crescimento, o interesse pela m\u00fasica gospel tem expandido significativamente em plataformas como Spotify e em visualiza\u00e7\u00f5es no YouTube, revelando talentos e consolidando carreiras, a exemplo dos artistas escolhidos para o Fest Gospel Marcha para Jesus, em Campinas.<\/p>\n\n\n\n<p>Um desses expoentes da m\u00fasica crist\u00e3 contempor\u00e2nea \u00e9 Thalles Roberto. Nascido em um lar evang\u00e9lico, foi vencedor de v\u00e1rios pr\u00eamios, entre eles o Grammy Latino de 2024, com <em>Deixa vir Volume 2 (Ao vivo)<\/em>, melhor \u00e1lbum de m\u00fasica crist\u00e3 em l\u00edngua portuguesa. Na Pra\u00e7a Arautos da Paz, o cantor e compositor apresenta can\u00e7\u00f5es como <em>Avenida do arrependimento<\/em> e <em>Arde outra vez<\/em>.<\/p>\n\n\n\n<p>Com quase 25 anos de carreira, o cantor, compositor e pastor evang\u00e9lico Fernandinho tamb\u00e9m \u00e9 uma das atra\u00e7\u00f5es mais esperadas no FestGospel e traz para Campinas um repert\u00f3rio de adora\u00e7\u00e3o, incluindo as m\u00fasicas do \u00e1lbum <em>\u00danico<\/em>.<\/p>\n\n\n\n<p>As letras e m\u00fasicas de Julliany Souza inspiram e tocam o p\u00fablico de maneira especial. No repert\u00f3rio que inclui <em>A casa \u00e9 sua<\/em>, <em>Lindo momento<\/em> e tantos outros sucessos, a artista com mais 1,5 milh\u00e3o de seguidores e mais 500 milh\u00f5es de visualiza\u00e7\u00f5es no YouTube espelha uma vida de supera\u00e7\u00f5es e de profunda comunh\u00e3o religiosa.<\/p>\n\n\n\n<p>Uma das maiores bandas gospel do Brasil, Morada tamb\u00e9m marca presen\u00e7a em Campinas. Com mais de 400 milh\u00f5es de visualiza\u00e7\u00f5es no YouTube, o grupo iniciado por Brun\u00e3o Morada e sua esposa, Miriam Cavalcante, traz para o palco do FestGospel hits como <em>\u00c9 tudo sobre voc\u00ea<\/em>, <em>Uma coisa<\/em> e <em>Para que entre o Rei<\/em>.<\/p>\n\n\n\n<p>Com entrada gratuita, o Fest Gospel Marcha para Jesus vai arrecadar itens n\u00e3o perec\u00edveis para o Banco Municipal de Alimentos de Campinas.<\/p>\n\n\n\n<p><strong>SERVI\u00c7O<\/strong><\/p>\n\n\n\n<p><strong>19\u00ba Fest Gospel Marcha para Jesus<\/strong><\/p>\n\n\n\n<p>Dia 5 de julho, a partir das 12h<\/p>\n\n\n\n<p>Pra\u00e7a Arautos da Paz, Campinas (SP)<\/p>\n\n\n\n<p>Entrada gratuita<\/p>\n","protected":false},"excerpt":{"rendered":"<p>Com uma megaestrutura e 12 horas de programa\u00e7\u00e3o com artistas consagrados, o Fest Gospel Marcha para Jesus ser\u00e1 realizado na Pra\u00e7a Arautos da Paz O Circuito Fest Gospel Marcha para Jesus realiza uma edi\u00e7\u00e3o especial no dia 5 de julho, na Pra\u00e7a Arautos da Paz, em Campinas (SP). A megaestrutura, que comporta o maior palco [&hellip;]<\/p>\n","protected":false},"author":7,"featured_media":27844,"comment_status":"closed","ping_status":"open","sticky":false,"template":"","format":"standard","meta":{"rop_custom_images_group":[],"rop_custom_messages_group":[],"rop_publish_now":"initial","rop_publish_now_accounts":[],"rop_publish_now_history":[],"rop_publish_now_status":"pending","footnotes":""},"categories":[272],"tags":[],"class_list":["post-27843","post","type-post","status-publish","format-standard","has-post-thumbnail","hentry","category-campinas"],"amp_enabled":true,"_links":{"self":[{"href":"https:\/\/imais.online\/portal\/wp-json\/wp\/v2\/posts\/27843","targetHints":{"allow":["GET"]}}],"collection":[{"href":"https:\/\/imais.online\/portal\/wp-json\/wp\/v2\/posts"}],"about":[{"href":"https:\/\/imais.online\/portal\/wp-json\/wp\/v2\/types\/post"}],"author":[{"embeddable":true,"href":"https:\/\/imais.online\/portal\/wp-json\/wp\/v2\/users\/7"}],"replies":[{"embeddable":true,"href":"https:\/\/imais.online\/portal\/wp-json\/wp\/v2\/comments?post=27843"}],"version-history":[{"count":1,"href":"https:\/\/imais.online\/portal\/wp-json\/wp\/v2\/posts\/27843\/revisions"}],"predecessor-version":[{"id":27845,"href":"https:\/\/imais.online\/portal\/wp-json\/wp\/v2\/posts\/27843\/revisions\/27845"}],"wp:featuredmedia":[{"embeddable":true,"href":"https:\/\/imais.online\/portal\/wp-json\/wp\/v2\/media\/27844"}],"wp:attachment":[{"href":"https:\/\/imais.online\/portal\/wp-json\/wp\/v2\/media?parent=27843"}],"wp:term":[{"taxonomy":"category","embeddable":true,"href":"https:\/\/imais.online\/portal\/wp-json\/wp\/v2\/categories?post=27843"},{"taxonomy":"post_tag","embeddable":true,"href":"https:\/\/imais.online\/portal\/wp-json\/wp\/v2\/tags?post=27843"}],"curies":[{"name":"wp","href":"https:\/\/api.w.org\/{rel}","templated":true}]}}