{"id":27880,"date":"2025-06-30T10:09:31","date_gmt":"2025-06-30T13:09:31","guid":{"rendered":"https:\/\/imais.online\/portal\/?p=27880"},"modified":"2025-06-30T10:09:57","modified_gmt":"2025-06-30T13:09:57","slug":"banda-carlos-gomes-retorna-aos-palcos-de-campinas","status":"publish","type":"post","link":"https:\/\/imais.online\/portal\/banda-carlos-gomes-retorna-aos-palcos-de-campinas\/","title":{"rendered":"Banda Carlos Gomes retorna aos palcos de Campinas"},"content":{"rendered":"<div class=\"imais-before-content-placement\" id=\"imais-3897991106\"><script async src=\"\/\/pagead2.googlesyndication.com\/pagead\/js\/adsbygoogle.js?client=ca-pub-8787528412751566\" crossorigin=\"anonymous\"><\/script><ins class=\"adsbygoogle\" style=\"display:block;\" data-ad-client=\"ca-pub-8787528412751566\" \ndata-ad-slot=\"\" \ndata-ad-format=\"auto\"><\/ins>\n<script> \n(adsbygoogle = window.adsbygoogle || []).push({}); \n<\/script>\n<\/div>\n<p class=\"has-text-align-center\"><em>Concerto que acontece dia 4 celebra os 130 anos de sua funda\u00e7\u00e3o<\/em><\/p>\n\n\n\n<p>A <a href=\"https:\/\/www.instagram.com\/banda.cgomes?igsh=dW12cTJiN2N5MDE2\"><strong>Banda Carlos Gomes<\/strong><\/a>&nbsp;realiza, no pr\u00f3ximo dia <strong>4 de julho<\/strong>, \u00e0s <strong>20h<\/strong>, um concerto especial no <strong>Teatro Castro Mendes<\/strong>, que celebra os <strong>130 anos<\/strong> de sua funda\u00e7\u00e3o. Os ingressos, que tem valor simb\u00f3lico, j\u00e1 est\u00e3o \u00e0 venda pela plataforma Sympla.<\/p>\n\n\n\n<p>Sob reg\u00eancia do maestro <strong>Wilson Dias<\/strong> e participa\u00e7\u00e3o especial da soprano <strong>Marina Gabetta<\/strong>, o concerto reunir\u00e1 mais de <strong>40 m\u00fasicos<\/strong> em um repert\u00f3rio que homenageia grandes nomes da m\u00fasica brasileira como: Pixinguinha, Guinga, Duda, Aldir Blanc e o pr\u00f3prio Carlos Gomes.<\/p>\n\n\n\n<p>O evento marca o retorno da tradicional banda campineira, que ficou quase uma d\u00e9cada sem atividades e retoma seu compromisso de levar m\u00fasica de qualidade para toda comunidade. Fundada em 1895 por imigrantes italianos, a Banda Carlos Gomes \u00e9 um s\u00edmbolo da hist\u00f3ria cultural da cidade e refer\u00eancia no cen\u00e1rio musical do interior paulista. \u201cEssa retomada representa n\u00e3o apenas a preserva\u00e7\u00e3o de um patrim\u00f4nio hist\u00f3rico-musical de Campinas, mas tamb\u00e9m um novo ciclo de integra\u00e7\u00e3o com o p\u00fablico e valoriza\u00e7\u00e3o das ra\u00edzes culturais da cidade\u201d, comenta Carlos Eduardo da Silva, presidente da Banda.<\/p>\n\n\n<div class=\"wp-block-image\">\n<figure class=\"aligncenter size-full\"><img loading=\"lazy\" decoding=\"async\" width=\"555\" height=\"400\" src=\"https:\/\/imais.online\/portal\/wp-content\/uploads\/2025\/06\/castro-mendes-palco.jpg\" alt=\"\" class=\"wp-image-27882\" srcset=\"https:\/\/imais.online\/portal\/wp-content\/uploads\/2025\/06\/castro-mendes-palco.jpg 555w, https:\/\/imais.online\/portal\/wp-content\/uploads\/2025\/06\/castro-mendes-palco-300x216.jpg 300w\" sizes=\"auto, (max-width: 555px) 100vw, 555px\" \/><\/figure>\n<\/div>\n\n\n<p>O concerto&nbsp;<strong>Banda Carlos Gomes &#8211; Um novo Ato<\/strong> tem classifica\u00e7\u00e3o livre, acontece no dia 04\/07, \u00e0s 20h, no Teatro Castro Mendes, que fica na rua Conselheiro Gomide, Vila Industrial, Campinas (SP). Os ingressos custam R$ 5 (inteira) e R$ 2,50 (meia entrada), e j\u00e1 est\u00e3o \u00e0 venda na plataforma <a href=\"https:\/\/bileto.sympla.com.br\/event\/107618\/d\/324287\"><strong>Sympla<\/strong><\/a>.<\/p>\n\n\n\n<p><strong>REPERT\u00d3RIO<\/strong><strong><br><\/strong>Ouro Negro &#8211; Joaquim Ant\u00f4nio Naegele<br>Hino das Artes &#8211; Ant\u00f4nio Carlos Gomes<br>Conselhos &#8211; Ant\u00f4nio Carlos Gomes<br>Quem Sabe &#8211; Ant\u00f4nio Carlos Gomes<br>Carinhos &#8211; Pixinguinha e Jo\u00e3o se Barros<br>Su\u00edte Pernambucana de Bolso &#8211; Jos\u00e9 Ursino da Silva (Duda)<br>Bai\u00e3o de Lacan &#8211; Guinga e Aldir Blanc<br>Guarany Overture &#8211; Ant\u00f4nio Carlos Gomes<\/p>\n\n\n\n<p><strong>SERVI\u00c7O<\/strong><strong><br>Concerto Banda Carlos Gomes &#8211; Um novo Ato<br>Data<\/strong> 04\/07 l <strong>Hor\u00e1rio<\/strong> 20h<br><strong>Local<\/strong> Teatro Castro Mendes l <strong>Endere\u00e7o:<\/strong> Rua Conselheiro Gomide, Vila Industrial, Campinas (SP) \u2013 <a href=\"https:\/\/maps.app.goo.gl\/ikEq2LyQCJ6hZcyZ9\"><strong>MAPA AQUI<\/strong><\/a>&nbsp;<br><strong>Classifica\u00e7\u00e3o Livre<\/strong><strong><br>Ingresso <\/strong>R$5 (inteira) e R$2,50 (meia entrada) <strong><a href=\"https:\/\/bileto.sympla.com.br\/event\/107618\/d\/324287\">aqui<\/a>&nbsp;<\/strong><strong><br>Informa\u00e7\u00f5es <\/strong>(19) 99341 4163<br><strong>Instagram <\/strong><a href=\"https:\/\/www.instagram.com\/banda.cgomes?igsh=dW12cTJiN2N5MDE2\">@banda.cgomes<\/a>&nbsp;<\/p>\n","protected":false},"excerpt":{"rendered":"<p>Concerto que acontece dia 4 celebra os 130 anos de sua funda\u00e7\u00e3o A Banda Carlos Gomes&nbsp;realiza, no pr\u00f3ximo dia 4 de julho, \u00e0s 20h, um concerto especial no Teatro Castro Mendes, que celebra os 130 anos de sua funda\u00e7\u00e3o. Os ingressos, que tem valor simb\u00f3lico, j\u00e1 est\u00e3o \u00e0 venda pela plataforma Sympla. Sob reg\u00eancia do [&hellip;]<\/p>\n","protected":false},"author":7,"featured_media":27881,"comment_status":"closed","ping_status":"open","sticky":false,"template":"","format":"standard","meta":{"rop_custom_images_group":[],"rop_custom_messages_group":[],"rop_publish_now":"initial","rop_publish_now_accounts":[],"rop_publish_now_history":[],"rop_publish_now_status":"pending","footnotes":""},"categories":[272],"tags":[],"class_list":["post-27880","post","type-post","status-publish","format-standard","has-post-thumbnail","hentry","category-campinas"],"amp_enabled":true,"_links":{"self":[{"href":"https:\/\/imais.online\/portal\/wp-json\/wp\/v2\/posts\/27880","targetHints":{"allow":["GET"]}}],"collection":[{"href":"https:\/\/imais.online\/portal\/wp-json\/wp\/v2\/posts"}],"about":[{"href":"https:\/\/imais.online\/portal\/wp-json\/wp\/v2\/types\/post"}],"author":[{"embeddable":true,"href":"https:\/\/imais.online\/portal\/wp-json\/wp\/v2\/users\/7"}],"replies":[{"embeddable":true,"href":"https:\/\/imais.online\/portal\/wp-json\/wp\/v2\/comments?post=27880"}],"version-history":[{"count":1,"href":"https:\/\/imais.online\/portal\/wp-json\/wp\/v2\/posts\/27880\/revisions"}],"predecessor-version":[{"id":27883,"href":"https:\/\/imais.online\/portal\/wp-json\/wp\/v2\/posts\/27880\/revisions\/27883"}],"wp:featuredmedia":[{"embeddable":true,"href":"https:\/\/imais.online\/portal\/wp-json\/wp\/v2\/media\/27881"}],"wp:attachment":[{"href":"https:\/\/imais.online\/portal\/wp-json\/wp\/v2\/media?parent=27880"}],"wp:term":[{"taxonomy":"category","embeddable":true,"href":"https:\/\/imais.online\/portal\/wp-json\/wp\/v2\/categories?post=27880"},{"taxonomy":"post_tag","embeddable":true,"href":"https:\/\/imais.online\/portal\/wp-json\/wp\/v2\/tags?post=27880"}],"curies":[{"name":"wp","href":"https:\/\/api.w.org\/{rel}","templated":true}]}}