{"id":27886,"date":"2025-07-01T08:47:27","date_gmt":"2025-07-01T11:47:27","guid":{"rendered":"https:\/\/imais.online\/portal\/?p=27886"},"modified":"2025-07-01T08:48:37","modified_gmt":"2025-07-01T11:48:37","slug":"pedagios-sofrem-reajuste-a-partir-de-hoje-indaiatuba-passa-a-custar-r1940","status":"publish","type":"post","link":"https:\/\/imais.online\/portal\/pedagios-sofrem-reajuste-a-partir-de-hoje-indaiatuba-passa-a-custar-r1940\/","title":{"rendered":"Ped\u00e1gios sofrem reajuste a partir de hoje. Indaiatuba passa a custar R$19,40"},"content":{"rendered":"<div class=\"imais-before-content-placement\" id=\"imais-1355566545\"><script async src=\"\/\/pagead2.googlesyndication.com\/pagead\/js\/adsbygoogle.js?client=ca-pub-8787528412751566\" crossorigin=\"anonymous\"><\/script><ins class=\"adsbygoogle\" style=\"display:block;\" data-ad-client=\"ca-pub-8787528412751566\" \ndata-ad-slot=\"\" \ndata-ad-format=\"auto\"><\/ins>\n<script> \n(adsbygoogle = window.adsbygoogle || []).push({}); \n<\/script>\n<\/div>\n<p>A partir desta ter\u00e7a-feira, 1\u00ba de julho de 2025, as tarifas de ped\u00e1gio nas rodovias do Estado de S\u00e3o Paulo ser\u00e3o reajustadas. A medida foi autorizada pela Artesp (Ag\u00eancia Reguladora de Servi\u00e7os P\u00fablicos Delegados de Transporte do Estado de S\u00e3o Paulo).<\/p>\n\n\n\n<p>O reajuste m\u00e9dio das tarifas de ped\u00e1gio \u00e9 de 5,31%, percentual que corresponde \u00e0 varia\u00e7\u00e3o do \u00cdndice de Pre\u00e7os ao Consumidor Amplo (IPCA) acumulada entre junho de 2024 e maio de 2025. Os novos valores foram publicados no Di\u00e1rio Oficial do Estado em 24 de junho.<\/p>\n\n\n\n<p>As concession\u00e1rias afetadas pelo reajuste incluem Autoban (Sistema Anhanguera-Bandeirantes), Intervias (rodovias do interior), Rota das Bandeiras (corredor D. Pedro I), Renovias, Rodovias das Colinas, CART (Raposo Tavares), ViaRondon, SPVias, Rodovias do Tiet\u00ea, Ecovias (Sistema Anchieta-Imigrantes), Ecovias do Leste Paulista, Rodoanel Oeste, SPMar e Rodovia dos Tamoios.<\/p>\n\n\n\n<h2 class=\"wp-block-heading\">Ped\u00e1gio de Indaiatuba<\/h2>\n\n\n\n<p>Na Rodovia Eng\u00ba. Erm\u00eanio de Oliveira Penteado (SP-075), na pra\u00e7a de ped\u00e1gio de Indaiatuba, a tarifa passar\u00e1 de R$18,10 para R$ 19,40. Este valor representa um aumento de R$ 1,30, ou 7,18%.<\/p>\n\n\n\n<h2 class=\"wp-block-heading\">Justificativa Oficial<\/h2>\n\n\n\n<p>De acordo com a Artesp, os novos valores foram definidos com base nas regras contratuais de reajuste e na aplica\u00e7\u00e3o de medidas cautelares da Secretaria de Parcerias em Investimentos do Estado (SPI). Essas medidas visam a mitiga\u00e7\u00e3o de desequil\u00edbrios econ\u00f4mico-financeiros em sete trechos concedidos.<\/p>\n\n\n\n<p>O Estado de S\u00e3o Paulo possui 227 postos de ped\u00e1gio em opera\u00e7\u00e3o, incluindo os novos p\u00f3rticos de free flow (ped\u00e1gio sem cabine). O aumento nas tarifas de ped\u00e1gio pode impactar os custos de passagens de \u00f4nibus intermunicipais e os fretes rodovi\u00e1rios.<\/p>\n","protected":false},"excerpt":{"rendered":"<p>A partir desta ter\u00e7a-feira, 1\u00ba de julho de 2025, as tarifas de ped\u00e1gio nas rodovias do Estado de S\u00e3o Paulo ser\u00e3o reajustadas. A medida foi autorizada pela Artesp (Ag\u00eancia Reguladora de Servi\u00e7os P\u00fablicos Delegados de Transporte do Estado de S\u00e3o Paulo). O reajuste m\u00e9dio das tarifas de ped\u00e1gio \u00e9 de 5,31%, percentual que corresponde \u00e0 [&hellip;]<\/p>\n","protected":false},"author":7,"featured_media":27887,"comment_status":"closed","ping_status":"open","sticky":false,"template":"","format":"standard","meta":{"rop_custom_images_group":[],"rop_custom_messages_group":[],"rop_publish_now":"initial","rop_publish_now_accounts":[],"rop_publish_now_history":[],"rop_publish_now_status":"pending","footnotes":""},"categories":[195],"tags":[73],"class_list":["post-27886","post","type-post","status-publish","format-standard","has-post-thumbnail","hentry","category-sao-paulo","tag-featured"],"amp_enabled":true,"_links":{"self":[{"href":"https:\/\/imais.online\/portal\/wp-json\/wp\/v2\/posts\/27886","targetHints":{"allow":["GET"]}}],"collection":[{"href":"https:\/\/imais.online\/portal\/wp-json\/wp\/v2\/posts"}],"about":[{"href":"https:\/\/imais.online\/portal\/wp-json\/wp\/v2\/types\/post"}],"author":[{"embeddable":true,"href":"https:\/\/imais.online\/portal\/wp-json\/wp\/v2\/users\/7"}],"replies":[{"embeddable":true,"href":"https:\/\/imais.online\/portal\/wp-json\/wp\/v2\/comments?post=27886"}],"version-history":[{"count":1,"href":"https:\/\/imais.online\/portal\/wp-json\/wp\/v2\/posts\/27886\/revisions"}],"predecessor-version":[{"id":27888,"href":"https:\/\/imais.online\/portal\/wp-json\/wp\/v2\/posts\/27886\/revisions\/27888"}],"wp:featuredmedia":[{"embeddable":true,"href":"https:\/\/imais.online\/portal\/wp-json\/wp\/v2\/media\/27887"}],"wp:attachment":[{"href":"https:\/\/imais.online\/portal\/wp-json\/wp\/v2\/media?parent=27886"}],"wp:term":[{"taxonomy":"category","embeddable":true,"href":"https:\/\/imais.online\/portal\/wp-json\/wp\/v2\/categories?post=27886"},{"taxonomy":"post_tag","embeddable":true,"href":"https:\/\/imais.online\/portal\/wp-json\/wp\/v2\/tags?post=27886"}],"curies":[{"name":"wp","href":"https:\/\/api.w.org\/{rel}","templated":true}]}}