{"id":27890,"date":"2025-07-01T09:05:43","date_gmt":"2025-07-01T12:05:43","guid":{"rendered":"https:\/\/imais.online\/portal\/?p=27890"},"modified":"2025-07-01T09:05:44","modified_gmt":"2025-07-01T12:05:44","slug":"homicidios-e-latrocinios-tem-menor-numero-em-25-anos-no-interior-de-sp","status":"publish","type":"post","link":"https:\/\/imais.online\/portal\/homicidios-e-latrocinios-tem-menor-numero-em-25-anos-no-interior-de-sp\/","title":{"rendered":"Homic\u00eddios e latroc\u00ednios t\u00eam menor n\u00famero em 25 anos no interior de SP"},"content":{"rendered":"<div class=\"imais-before-content-placement\" id=\"imais-2881160616\"><script async src=\"\/\/pagead2.googlesyndication.com\/pagead\/js\/adsbygoogle.js?client=ca-pub-8787528412751566\" crossorigin=\"anonymous\"><\/script><ins class=\"adsbygoogle\" style=\"display:block;\" data-ad-client=\"ca-pub-8787528412751566\" \ndata-ad-slot=\"\" \ndata-ad-format=\"auto\"><\/ins>\n<script> \n(adsbygoogle = window.adsbygoogle || []).push({}); \n<\/script>\n<\/div>\n<p class=\"has-text-align-center\">As regi\u00f5es de Campinas e S\u00e3o Jos\u00e9 dos Campos tiveram as maiores quedas nos latroc\u00ednios neste ano<\/p>\n\n\n\n<p>Dados da Secretaria de Seguran\u00e7a P\u00fablica mostram que o interior do Estado de S\u00e3o Paulo registrou, entre janeiro e maio deste ano, os menores \u00edndices de homic\u00eddios dolosos e latroc\u00ednios desde o in\u00edcio da s\u00e9rie hist\u00f3rica, em 2001.<\/p>\n\n\n\n<p>Os homic\u00eddios dolosos ca\u00edram 10,9% no per\u00edodo, passando de 676 casos em 2024 para 602 neste ano. Apenas em maio, as cidades do interior do estado registraram 118 mortes intencionais, seis a menos que no mesmo m\u00eas do ano anterior.<\/p>\n\n\n\n<p>Os latroc\u00ednios \u2014 roubos seguidos de morte \u2014 tiveram queda ainda mais acentuada: recuaram 45%, de 40 para 22 ocorr\u00eancias em cinco meses. Em maio, houve um registro de roubo seguido de morte no interior do estado, contra 11 crimes em maio de 2024.<\/p>\n\n\n\n<p>\u201cA queda expressiva nos \u00edndices \u00e9 resultado da nossa estrat\u00e9gia, que prioriza uma abordagem integrada entre as Pol\u00edcias Militar e Civil, cruzando informa\u00e7\u00f5es para identificar e prender lideran\u00e7as criminosas, desse modo, desarticulando redes de recepta\u00e7\u00e3o que fomentam os crimes patrimoniais\u201d, destacou o secret\u00e1rio da Seguran\u00e7a P\u00fablica, Guilherme Derrite.<\/p>\n\n\n\n<p>As regi\u00f5es de Campinas e S\u00e3o Jos\u00e9 dos Campos tiveram as maiores quedas nos latroc\u00ednios neste ano. At\u00e9 maio, as duas regi\u00f5es registraram um roubo seguido de morte cada.<\/p>\n\n\n\n<p>\u201cA Pol\u00edcia Civil de Campinas, por meio dos servi\u00e7os de intelig\u00eancia e investiga\u00e7\u00e3o, realizou um levantamento das \u00e1reas e pontos sens\u00edveis com maior incid\u00eancia de latroc\u00ednios, para monitoramento espec\u00edfico. Isso resultou na queda dos \u00edndices neste ano\u201d, explicou o delegado-chefe do Departamento de Pol\u00edcia Judici\u00e1ria de Campinas (Deinter 2), Fernando Manoel Bardi.<\/p>\n\n\n\n<p><strong>Interior de SP registra queda nos casos de feminic\u00eddios<\/strong><\/p>\n\n\n\n<p>As Delegacias de Defesa da Mulher (DDM) de S\u00e3o Paulo registraram redu\u00e7\u00e3o nos casos de feminic\u00eddios nas cidades do interior paulista neste ano.<\/p>\n\n\n\n<p>At\u00e9 maio deste ano, aconteceram 59 casos. De janeiro a maio do ano passado, foram 71 crimes cometidos contra mulheres.<\/p>\n\n\n\n<p>Ainda conforme a DDM, no per\u00edodo as den\u00fancias de estupros tiveram um aumento de 3,9%. Os registros passaram de 3.497 no ano passado para 3.635 at\u00e9 maio de 2025.<\/p>\n\n\n\n<p>O monitoramento constante dos dados permite que as autoridades desenvolvam iniciativas e pol\u00edticas p\u00fablicas eficazes para contribuir com a prote\u00e7\u00e3o das mulheres. O fortalecimento das a\u00e7\u00f5es em todo o estado, desde o recebimento da den\u00fancia, investiga\u00e7\u00e3o at\u00e9 a oferta de redes de apoio, \u00e9 crucial no enfrentamento desse tipo de crime, combatendo a subnotifica\u00e7\u00e3o.<\/p>\n","protected":false},"excerpt":{"rendered":"<p>As regi\u00f5es de Campinas e S\u00e3o Jos\u00e9 dos Campos tiveram as maiores quedas nos latroc\u00ednios neste ano Dados da Secretaria de Seguran\u00e7a P\u00fablica mostram que o interior do Estado de S\u00e3o Paulo registrou, entre janeiro e maio deste ano, os menores \u00edndices de homic\u00eddios dolosos e latroc\u00ednios desde o in\u00edcio da s\u00e9rie hist\u00f3rica, em 2001. [&hellip;]<\/p>\n","protected":false},"author":7,"featured_media":27891,"comment_status":"closed","ping_status":"open","sticky":false,"template":"","format":"standard","meta":{"rop_custom_images_group":[],"rop_custom_messages_group":[],"rop_publish_now":"initial","rop_publish_now_accounts":[],"rop_publish_now_history":[],"rop_publish_now_status":"pending","footnotes":""},"categories":[230],"tags":[],"class_list":["post-27890","post","type-post","status-publish","format-standard","has-post-thumbnail","hentry","category-interior"],"amp_enabled":true,"_links":{"self":[{"href":"https:\/\/imais.online\/portal\/wp-json\/wp\/v2\/posts\/27890","targetHints":{"allow":["GET"]}}],"collection":[{"href":"https:\/\/imais.online\/portal\/wp-json\/wp\/v2\/posts"}],"about":[{"href":"https:\/\/imais.online\/portal\/wp-json\/wp\/v2\/types\/post"}],"author":[{"embeddable":true,"href":"https:\/\/imais.online\/portal\/wp-json\/wp\/v2\/users\/7"}],"replies":[{"embeddable":true,"href":"https:\/\/imais.online\/portal\/wp-json\/wp\/v2\/comments?post=27890"}],"version-history":[{"count":1,"href":"https:\/\/imais.online\/portal\/wp-json\/wp\/v2\/posts\/27890\/revisions"}],"predecessor-version":[{"id":27892,"href":"https:\/\/imais.online\/portal\/wp-json\/wp\/v2\/posts\/27890\/revisions\/27892"}],"wp:featuredmedia":[{"embeddable":true,"href":"https:\/\/imais.online\/portal\/wp-json\/wp\/v2\/media\/27891"}],"wp:attachment":[{"href":"https:\/\/imais.online\/portal\/wp-json\/wp\/v2\/media?parent=27890"}],"wp:term":[{"taxonomy":"category","embeddable":true,"href":"https:\/\/imais.online\/portal\/wp-json\/wp\/v2\/categories?post=27890"},{"taxonomy":"post_tag","embeddable":true,"href":"https:\/\/imais.online\/portal\/wp-json\/wp\/v2\/tags?post=27890"}],"curies":[{"name":"wp","href":"https:\/\/api.w.org\/{rel}","templated":true}]}}