{"id":27893,"date":"2025-07-01T08:10:00","date_gmt":"2025-07-01T11:10:00","guid":{"rendered":"https:\/\/imais.online\/portal\/?p=27893"},"modified":"2025-07-01T09:12:15","modified_gmt":"2025-07-01T12:12:15","slug":"governo-de-sp-sanciona-lei-que-cria-cadastro-de-estupradores-em-sp","status":"publish","type":"post","link":"https:\/\/imais.online\/portal\/governo-de-sp-sanciona-lei-que-cria-cadastro-de-estupradores-em-sp\/","title":{"rendered":"Governo de SP sanciona lei que cria cadastro de estupradores em SP"},"content":{"rendered":"<div class=\"imais-before-content-placement\" id=\"imais-2853438834\"><script async src=\"\/\/pagead2.googlesyndication.com\/pagead\/js\/adsbygoogle.js?client=ca-pub-8787528412751566\" crossorigin=\"anonymous\"><\/script><ins class=\"adsbygoogle\" style=\"display:block;\" data-ad-client=\"ca-pub-8787528412751566\" \ndata-ad-slot=\"\" \ndata-ad-format=\"auto\"><\/ins>\n<script> \n(adsbygoogle = window.adsbygoogle || []).push({}); \n<\/script>\n<\/div>\n<p class=\"has-text-align-center\">Ferramenta vai reunir dados de pessoas com condena\u00e7\u00e3o transitada em julgado por estupro; vetos parciais preservam constitucionalidade da proposta<\/p>\n\n\n\n<p>O governador Tarc\u00edsio de Freitas sancionou a Lei n\u00ba 18.157\/2025, que cria o Cadastro Estadual de Pessoas Condenadas por Crime de Estupro em S\u00e3o Paulo. A nova norma, publicada no Di\u00e1rio Oficial em 30 de junho, amplia o enfrentamento \u00e0 viol\u00eancia sexual e contribui para a seguran\u00e7a p\u00fablica por meio do monitoramento de pessoas com condena\u00e7\u00e3o transitada em julgada \u2014 que n\u00e3o cabe mais recursos \u2014 por esse tipo de crime.<\/p>\n\n\n\n<p>A medida, que ser\u00e1 regulamentada ainda pela Secretaria da Seguran\u00e7a P\u00fablica, foi publicada no Di\u00e1rio Oficial nesta segunda-feira (30) com vetos parciais, que n\u00e3o comprometem o m\u00e9rito do projeto.<\/p>\n\n\n\n<p>A nova legisla\u00e7\u00e3o, de iniciativa parlamentar, determina que pessoas com condena\u00e7\u00e3o definitiva por estupro passem a integrar um banco de dados sob responsabilidade da Secretaria de Seguran\u00e7a P\u00fablica. O cadastro deve conter informa\u00e7\u00f5es como dados pessoais, foto, caracter\u00edsticas f\u00edsicas, identifica\u00e7\u00e3o datilosc\u00f3pica e material gen\u00e9tico (DNA) dos condenados<\/p>\n\n\n\n<p>\u201cAcolho a iniciativa em seus aspectos principais, por entender que representa uma importante contribui\u00e7\u00e3o para o enfrentamento e preven\u00e7\u00e3o da viol\u00eancia e melhoria da seguran\u00e7a p\u00fablica\u201d, afirmou o governador Tarc\u00edsio de Freitas em mensagem \u00e0 Assembleia Legislativa de S\u00e3o Paulo (Alesp).<\/p>\n\n\n\n<p><strong>Vetos preservam legalidade<\/strong><\/p>\n\n\n\n<p>O governador vetou tr\u00eas trechos do projeto original por motivos de inconstitucionalidade ou inadequa\u00e7\u00e3o t\u00e9cnica:<\/p>\n\n\n\n<ul class=\"wp-block-list\">\n<li>o item 3 do par\u00e1grafo 2\u00ba do artigo 1\u00ba d\u00e1 tratamento diferente aos inscritos na lista;<\/li>\n\n\n\n<li>o artigo 2\u00ba impedia a entrada dos indiv\u00edduos inscritos no cadastro em cargos p\u00fablicos da administra\u00e7\u00e3o p\u00fablica direta, indireta, autarquias e funda\u00e7\u00f5es, no \u00e2mbito do Estado de S\u00e3o Paulo, decis\u00e3o que cabe exclusivamente ao Poder Executivo;<\/li>\n\n\n\n<li>o artigo 4\u00ba foi vetado porque previa regras para acesso e operacionaliza\u00e7\u00e3o do cadastro, o que ser\u00e1 motivo de&nbsp;regulamenta\u00e7\u00e3o.<\/li>\n<\/ul>\n","protected":false},"excerpt":{"rendered":"<p>Ferramenta vai reunir dados de pessoas com condena\u00e7\u00e3o transitada em julgado por estupro; vetos parciais preservam constitucionalidade da proposta O governador Tarc\u00edsio de Freitas sancionou a Lei n\u00ba 18.157\/2025, que cria o Cadastro Estadual de Pessoas Condenadas por Crime de Estupro em S\u00e3o Paulo. A nova norma, publicada no Di\u00e1rio Oficial em 30 de junho, [&hellip;]<\/p>\n","protected":false},"author":7,"featured_media":27894,"comment_status":"closed","ping_status":"open","sticky":false,"template":"","format":"standard","meta":{"rop_custom_images_group":[],"rop_custom_messages_group":[],"rop_publish_now":"initial","rop_publish_now_accounts":[],"rop_publish_now_history":[],"rop_publish_now_status":"pending","footnotes":""},"categories":[195],"tags":[73],"class_list":["post-27893","post","type-post","status-publish","format-standard","has-post-thumbnail","hentry","category-sao-paulo","tag-featured"],"amp_enabled":true,"_links":{"self":[{"href":"https:\/\/imais.online\/portal\/wp-json\/wp\/v2\/posts\/27893","targetHints":{"allow":["GET"]}}],"collection":[{"href":"https:\/\/imais.online\/portal\/wp-json\/wp\/v2\/posts"}],"about":[{"href":"https:\/\/imais.online\/portal\/wp-json\/wp\/v2\/types\/post"}],"author":[{"embeddable":true,"href":"https:\/\/imais.online\/portal\/wp-json\/wp\/v2\/users\/7"}],"replies":[{"embeddable":true,"href":"https:\/\/imais.online\/portal\/wp-json\/wp\/v2\/comments?post=27893"}],"version-history":[{"count":1,"href":"https:\/\/imais.online\/portal\/wp-json\/wp\/v2\/posts\/27893\/revisions"}],"predecessor-version":[{"id":27895,"href":"https:\/\/imais.online\/portal\/wp-json\/wp\/v2\/posts\/27893\/revisions\/27895"}],"wp:featuredmedia":[{"embeddable":true,"href":"https:\/\/imais.online\/portal\/wp-json\/wp\/v2\/media\/27894"}],"wp:attachment":[{"href":"https:\/\/imais.online\/portal\/wp-json\/wp\/v2\/media?parent=27893"}],"wp:term":[{"taxonomy":"category","embeddable":true,"href":"https:\/\/imais.online\/portal\/wp-json\/wp\/v2\/categories?post=27893"},{"taxonomy":"post_tag","embeddable":true,"href":"https:\/\/imais.online\/portal\/wp-json\/wp\/v2\/tags?post=27893"}],"curies":[{"name":"wp","href":"https:\/\/api.w.org\/{rel}","templated":true}]}}