{"id":27931,"date":"2025-07-07T19:58:39","date_gmt":"2025-07-07T22:58:39","guid":{"rendered":"https:\/\/imais.online\/portal\/?p=27931"},"modified":"2025-07-07T19:58:39","modified_gmt":"2025-07-07T22:58:39","slug":"sarampo-volta-a-preocupar-e-governo-de-sp-reforca-importancia-da-imunizacao","status":"publish","type":"post","link":"https:\/\/imais.online\/portal\/sarampo-volta-a-preocupar-e-governo-de-sp-reforca-importancia-da-imunizacao\/","title":{"rendered":"Sarampo volta a preocupar e Governo de SP refor\u00e7a import\u00e2ncia da imuniza\u00e7\u00e3o"},"content":{"rendered":"<div class=\"imais-before-content-placement\" id=\"imais-3793597644\"><script async src=\"\/\/pagead2.googlesyndication.com\/pagead\/js\/adsbygoogle.js?client=ca-pub-8787528412751566\" crossorigin=\"anonymous\"><\/script><ins class=\"adsbygoogle\" style=\"display:block;\" data-ad-client=\"ca-pub-8787528412751566\" \ndata-ad-slot=\"\" \ndata-ad-format=\"auto\"><\/ins>\n<script> \n(adsbygoogle = window.adsbygoogle || []).push({}); \n<\/script>\n<\/div>\n<p class=\"has-text-align-center\">No Brasil, j\u00e1 foram registrados cinco casos da doen\u00e7a, um deles no estado de S\u00e3o Paulo<\/p>\n\n\n\n<p>O Governo de S\u00e3o Paulo refor\u00e7a a&nbsp;<a href=\"https:\/\/www.agenciasp.sp.gov.br\/secretario-da-saude-explica-estrategias-para-aumentar-a-vacinacao-infantil-em-sp\/\">import\u00e2ncia da vacina\u00e7\u00e3o contra o sarampo<\/a>&nbsp;frente ao alerta epidemiol\u00f3gico emitido por pa\u00edses vizinhos ao Brasil. Com o in\u00edcio das f\u00e9rias escolares, e as viagens nacionais e internacionais, a Secretaria de Estado da Sa\u00fade de S\u00e3o Paulo (SES-SP) ressalta o cuidado ao risco de exposi\u00e7\u00e3o e reintrodu\u00e7\u00e3o do v\u00edrus no pa\u00eds.<\/p>\n\n\n\n<p>A vacina tr\u00edplice viral \u00e9 a medida de preven\u00e7\u00e3o mais segura e eficaz contra o sarampo, protegendo tamb\u00e9m contra a rub\u00e9ola e a caxumba.<\/p>\n\n\n\n<p>Desde 2024, todas as regi\u00f5es da Organiza\u00e7\u00e3o Mundial da Sa\u00fade (OMS) registraram aumento no n\u00famero de casos da doen\u00e7a. No Brasil, somente neste ano, foram confirmados cinco casos de sarampo at\u00e9 o momento, sendo um deles no estado de S\u00e3o Paulo, de fonte de infec\u00e7\u00e3o desconhecida.<\/p>\n\n\n\n<p>\u201cO sarampo \u00e9 transmitido de pessoa para pessoa atrav\u00e9s do contato com secre\u00e7\u00f5es respirat\u00f3rias no qual o v\u00edrus pode ser eliminado ao tossir, espirrar ou falar. Ap\u00f3s a transmiss\u00e3o, os sintomas costumam aparecer entre 7 e 21 dias. A pessoa infectada pode transmitir o v\u00edrus desde seis dias antes at\u00e9 quatro dias depois do surgimento das manchas vermelhas na pele\u201d, explica Tatiana Lang, diretora do&nbsp;<a href=\"https:\/\/www.saude.sp.gov.br\/cve-centro-de-vigilancia-epidemiologica-prof.-alexandre-vranjac\/\" target=\"_blank\" rel=\"noreferrer noopener\">Centro de Vigil\u00e2ncia Epidemiol\u00f3gica (CVE) da SES-SP<\/a>.<\/p>\n\n\n\n<p>Para aqueles que forem viajar, \u00e9 necess\u00e1rio atualizar a caderneta de vacina\u00e7\u00e3o pelo menos 15 dias antes do embarque. Os viajantes que apresentarem febre e exantema at\u00e9 21 dias ap\u00f3s o retorno devem evitar contato com outras pessoas, procurar atendimento m\u00e9dico imediato e informar seu hist\u00f3rico de deslocamento ao profissional de sa\u00fade.<\/p>\n\n\n\n<h2 class=\"wp-block-heading\">Aumento na cobertura vacinal do calend\u00e1rio b\u00e1sico<\/h2>\n\n\n\n<p><a href=\"https:\/\/www.agenciasp.sp.gov.br\/sao-paulo-amplia-cobertura-vacinal-de-todos-os-imunizantes-do-calendario-infantil\/\">O Estado melhorou a cobertura vacinal de todos os imunizantes<\/a>&nbsp;e sete se destacam no&nbsp;<a href=\"https:\/\/www.agenciasp.sp.gov.br\/especiais\/vacinacao-infantil-como-funcionam-as-campanhas-em-sao-paulo\/\">calend\u00e1rio b\u00e1sico infantil<\/a>&nbsp;ao apresentarem crescimento expressivo. A primeira dose da vacina tr\u00edplice viral, que protege contra sarampo, caxumba e rub\u00e9ola, subiu de 78,42% em 2022 para 98,65% em 2024, um aumento de 20,23 pontos percentuais. A cobertura da vacina contra&nbsp;<a href=\"https:\/\/www.agenciasp.sp.gov.br\/febre-amarela-duvidas-sobre-a-doenca\/\">febre amarela<\/a>&nbsp;tamb\u00e9m cresceu, passando de 64,40% para 81,16%, avan\u00e7ando 16,75 pontos percentuais.<\/p>\n\n\n\n<p>Outras vacinas tamb\u00e9m apresentaram aumento significativo: a pentavalente passou de 76,74% para 91,77% (15,03 pontos percentuais), a poliomielite cresceu de 77,13% para 91,73% (14,6 pontos percentuais), a vacina contra rotav\u00edrus subiu de 77,21% para 90,13% (12,92 pontos percentuais), a meningoc\u00f3cica C de 78,19% para 90,15% (+11,96 pontos percentuais) e a BCG avan\u00e7ou de 82,13% para 90,25% (8,12 pontos percentuais) atingindo a meta nacional de 90%.<\/p>\n\n\n\n<h2 class=\"wp-block-heading\">Quem deve se vacinar contra o sarampo<\/h2>\n\n\n\n<p>Crian\u00e7as de 6 a 11 meses: Dose Zero (D0) (vacina\u00e7\u00e3o com vacina com o componente sarampo para crian\u00e7as de 6 meses a 11 meses e 29 dias de idade), em contexto de risco aumentado de exposi\u00e7\u00e3o ao v\u00edrus. Esta dose n\u00e3o \u00e9 v\u00e1lida para a rotina, devendo-se manter as indica\u00e7\u00f5es estabelecidas no&nbsp;<a href=\"http:\/\/saude.sp.gov.br\/cve-centro-de-vigilancia-epidemiologica-prof.-alexandre-vranjac\/areas-de-vigilancia\/imunizacao\/calendario-vacinal\" target=\"_blank\" rel=\"noreferrer noopener\">Calend\u00e1rio Nacional e Estadual de Vacina\u00e7\u00e3o<\/a>.<\/p>\n\n\n\n<p><strong>Pessoas na faixa et\u00e1ria de 12 meses a 29 anos:<\/strong><\/p>\n\n\n\n<p>Crian\u00e7as de 12 meses a menores de cinco anos: atualizar situa\u00e7\u00e3o vacinal conforme indica\u00e7\u00f5es do Calend\u00e1rio Nacional e Estadual de Vacina\u00e7\u00e3o para a idade, isto \u00e9, primeira dose (D1) aos 12 meses com a tr\u00edplice viral e aos 15 meses (D2), Dose de tetraviral (ou tr\u00edplice viral + varicela monovalente).<\/p>\n\n\n\n<p>Pessoas de cinco a 29 anos: iniciar ou completar o esquema de duas doses da vacina tr\u00edplice viral, com o intervalo m\u00ednimo de 30 dias entre elas.<\/p>\n\n\n\n<p>Pessoas na faixa et\u00e1ria de 30 a 59 anos: administrar uma dose de tr\u00edplice viral naquelas que n\u00e3o comprovarem vacina\u00e7\u00e3o anterior contra o sarampo.<\/p>\n\n\n\n<p>Profissionais da sa\u00fade, turismo, hotelaria, transporte, alimenta\u00e7\u00e3o e educa\u00e7\u00e3o devem estar com esquema vacinal completo.<\/p>\n\n\n\n<h2 class=\"wp-block-heading\">D\u00favidas sobre a vacina\u00e7\u00e3o?<\/h2>\n\n\n\n<p>O Governo de SP, por meio da Secretaria de Estado da Sa\u00fade, criou o portal \u201cVacina 100 D\u00favidas\u201d com as 100 perguntas mais frequentes sobre vacina\u00e7\u00e3o nos buscadores da internet. A ferramenta esclarece quest\u00f5es como efeitos colaterais, efic\u00e1cia das vacinas, doen\u00e7as imunopreven\u00edveis e quais os perigos ao n\u00e3o se imunizar. O acesso est\u00e1 dispon\u00edvel no link:&nbsp;<a href=\"http:\/\/www.vacina100duvidas.sp.gov.br\/\" target=\"_blank\" rel=\"noreferrer noopener\">www.vacina100duvidas.sp.gov.br<\/a>.<\/p>\n","protected":false},"excerpt":{"rendered":"<p>No Brasil, j\u00e1 foram registrados cinco casos da doen\u00e7a, um deles no estado de S\u00e3o Paulo O Governo de S\u00e3o Paulo refor\u00e7a a&nbsp;import\u00e2ncia da vacina\u00e7\u00e3o contra o sarampo&nbsp;frente ao alerta epidemiol\u00f3gico emitido por pa\u00edses vizinhos ao Brasil. Com o in\u00edcio das f\u00e9rias escolares, e as viagens nacionais e internacionais, a Secretaria de Estado da Sa\u00fade [&hellip;]<\/p>\n","protected":false},"author":7,"featured_media":27932,"comment_status":"closed","ping_status":"open","sticky":false,"template":"","format":"standard","meta":{"rop_custom_images_group":[],"rop_custom_messages_group":[],"rop_publish_now":"initial","rop_publish_now_accounts":[],"rop_publish_now_history":[],"rop_publish_now_status":"pending","footnotes":""},"categories":[195],"tags":[73],"class_list":["post-27931","post","type-post","status-publish","format-standard","has-post-thumbnail","hentry","category-sao-paulo","tag-featured"],"amp_enabled":true,"_links":{"self":[{"href":"https:\/\/imais.online\/portal\/wp-json\/wp\/v2\/posts\/27931","targetHints":{"allow":["GET"]}}],"collection":[{"href":"https:\/\/imais.online\/portal\/wp-json\/wp\/v2\/posts"}],"about":[{"href":"https:\/\/imais.online\/portal\/wp-json\/wp\/v2\/types\/post"}],"author":[{"embeddable":true,"href":"https:\/\/imais.online\/portal\/wp-json\/wp\/v2\/users\/7"}],"replies":[{"embeddable":true,"href":"https:\/\/imais.online\/portal\/wp-json\/wp\/v2\/comments?post=27931"}],"version-history":[{"count":1,"href":"https:\/\/imais.online\/portal\/wp-json\/wp\/v2\/posts\/27931\/revisions"}],"predecessor-version":[{"id":27933,"href":"https:\/\/imais.online\/portal\/wp-json\/wp\/v2\/posts\/27931\/revisions\/27933"}],"wp:featuredmedia":[{"embeddable":true,"href":"https:\/\/imais.online\/portal\/wp-json\/wp\/v2\/media\/27932"}],"wp:attachment":[{"href":"https:\/\/imais.online\/portal\/wp-json\/wp\/v2\/media?parent=27931"}],"wp:term":[{"taxonomy":"category","embeddable":true,"href":"https:\/\/imais.online\/portal\/wp-json\/wp\/v2\/categories?post=27931"},{"taxonomy":"post_tag","embeddable":true,"href":"https:\/\/imais.online\/portal\/wp-json\/wp\/v2\/tags?post=27931"}],"curies":[{"name":"wp","href":"https:\/\/api.w.org\/{rel}","templated":true}]}}