{"id":2794,"date":"2021-11-03T14:29:24","date_gmt":"2021-11-03T17:29:24","guid":{"rendered":"https:\/\/imais.online\/portal\/?p=2794"},"modified":"2021-11-03T14:29:25","modified_gmt":"2021-11-03T17:29:25","slug":"comite-preve-fim-do-uso-de-mascaras-em-dezembro-no-estado-de-sp","status":"publish","type":"post","link":"https:\/\/imais.online\/portal\/comite-preve-fim-do-uso-de-mascaras-em-dezembro-no-estado-de-sp\/","title":{"rendered":"Comit\u00ea prev\u00ea fim do uso de m\u00e1scaras em dezembro no estado de SP"},"content":{"rendered":"<div class=\"imais-before-content-placement\" id=\"imais-315686633\"><script async src=\"\/\/pagead2.googlesyndication.com\/pagead\/js\/adsbygoogle.js?client=ca-pub-8787528412751566\" crossorigin=\"anonymous\"><\/script><ins class=\"adsbygoogle\" style=\"display:block;\" data-ad-client=\"ca-pub-8787528412751566\" \ndata-ad-slot=\"\" \ndata-ad-format=\"auto\"><\/ins>\n<script> \n(adsbygoogle = window.adsbygoogle || []).push({}); \n<\/script>\n<\/div>\n<p class=\"has-text-align-center\">\u00d3rg\u00e3o ir\u00e1 monitorar a dissemina\u00e7\u00e3o do v\u00edrus e a cobertura vacinal. Previs\u00e3o \u00e9 que n\u00fameros sejam atingidos em novembro<\/p>\n\n\n\n<p>O Comit\u00ea Cient\u00edfico de S\u00e3o Paulo prev\u00ea a flexibiliza\u00e7\u00e3o do uso de m\u00e1scara em todo o Estado no m\u00eas de dezembro. O \u00f3rg\u00e3o, entretanto, condicionou a possibilidade ao cumprimento de indicadores que monitoram a dissemina\u00e7\u00e3o do v\u00edrus.<\/p>\n\n\n\n<p>&#8220;A posi\u00e7\u00e3o do comit\u00ea \u00e9 que esse momento ainda n\u00e3o \u00e9 seguro e adequado a libera\u00e7\u00e3o do uso de m\u00e1scaras. Estamos numa transi\u00e7\u00e3o importante em que n\u00e3o vai mais haver distanciamento m\u00ednimo. Est\u00e1dios de futebol v\u00e3o poder receber pessoas de acordo com a sua capacidade e outras atividades voltando \u00e0 normalidade, esperamos observar melhor essas quest\u00f5es antes da libera\u00e7\u00e3o das m\u00e1scaras&#8221;, afirmou Jo\u00e3o Gabbardo, coordenador executivo do \u00f3rg\u00e3o.\u00a0<\/p>\n\n\n\n<p>Segundo Gabbardo, o comit\u00ea elaborou tr\u00eas indicadores relacionados ao controle da pandemia, para mostrar a circula\u00e7\u00e3o do v\u00edrus, o n\u00famero de pessoas que apresentam a doen\u00e7a em sua forma grave, que precisam de interna\u00e7\u00e3o hospitalar ou que venham a \u00f3bito e o indicador que vai acompanhar a cobertura vacinal.&nbsp;<\/p>\n\n\n\n<p>&#8220;Quando isso acontecer o Comit\u00ea encaminhar\u00e1 a libera\u00e7\u00e3o de m\u00e1scaras em ambientes abertos e sem aglomera\u00e7\u00e3o. Se continuarmos com os indicadores caindo nessa mesma velocidade que foi apresentado pelo secret\u00e1rio Jean (Gorinchteyn), na \u00faltima semana do m\u00eas de novembro poderemos atingir os quatro indicadores estipulados e, assim, em na primeira semana de dezembro, \u00e9 poss\u00edvel que haja a libera\u00e7\u00e3o do uso de m\u00e1scaras em ambientes abertos e sem aglomera\u00e7\u00e3o.&#8221;<\/p>\n\n\n\n<p>Em rela\u00e7\u00e3o \u00e0 cobertura vacinal, Gabbardo e Regiane de Paula afirmaram que a campanha est\u00e1 atualmente em 68,5%. A expectativa \u00e9 que se alcance o percentual de 75% da popula\u00e7\u00e3o vacinada. Em rela\u00e7\u00e3o \u00e0 circula\u00e7\u00e3o do v\u00edrus, s\u00e3o os novos casos: no pior momento da pandemia eram 18 mil casos di\u00e1rios. Hoje existem, o n\u00famero \u00e9 de aproximadamente 800. &#8220;Entendemos que esse n\u00famero j\u00e1 \u00e9 adequado, a meta estabelecida era de menos de 1.100 casos di\u00e1rios na m\u00e9dia m\u00f3vel de sete dias.&#8221;<\/p>\n\n\n\n<p>As interna\u00e7\u00f5es chegaram, no pico da pandemia, 4 mil interna\u00e7\u00f5es di\u00e1rias. &#8220;Hoje estamos trabalhamos com a meta de 400&nbsp; interna\u00e7\u00f5es como m\u00e9dia m\u00f3vel. Temos como indicador ficar abaixo das 300 interna\u00e7\u00f5es para atingir essa meta.&#8221; Em rela\u00e7\u00e3o ao n\u00famero de \u00f3bitos, nos meses de pior momento foram 800 mortes por dia. Hoje, s\u00e3o registradas 62 casos di\u00e1rios. A previs\u00e3o \u00e9 ficar abaixo de 50 mortes di\u00e1rias.<\/p>\n\n\n\n<p>Doria lembrou ainda que o equipamento de prote\u00e7\u00e3o \u00e9 obrigat\u00f3rio por lei no Estado. &#8220;At\u00e9 o final desse m\u00eas de novembro quando, possivelmente, teremos a libera\u00e7\u00e3o do uso, as m\u00e1scaras continuam obrigat\u00f3rias. Nessa ocasi\u00e3o poderemos rever o uso baseados no cumprimento dos indicadores&#8221;, disse o governador.\u00a0<\/p>\n\n\n\n<p>Fonte: R7.COM<\/p>\n","protected":false},"excerpt":{"rendered":"<p>\u00d3rg\u00e3o ir\u00e1 monitorar a dissemina\u00e7\u00e3o do v\u00edrus e a cobertura vacinal. Previs\u00e3o \u00e9 que n\u00fameros sejam atingidos em novembro O Comit\u00ea Cient\u00edfico de S\u00e3o Paulo prev\u00ea a flexibiliza\u00e7\u00e3o do uso de m\u00e1scara em todo o Estado no m\u00eas de dezembro. O \u00f3rg\u00e3o, entretanto, condicionou a possibilidade ao cumprimento de indicadores que monitoram a dissemina\u00e7\u00e3o do [&hellip;]<\/p>\n","protected":false},"author":7,"featured_media":2795,"comment_status":"closed","ping_status":"open","sticky":false,"template":"","format":"standard","meta":{"rop_custom_images_group":[],"rop_custom_messages_group":[],"rop_publish_now":"initial","rop_publish_now_accounts":[],"rop_publish_now_history":[],"rop_publish_now_status":"pending","footnotes":""},"categories":[195],"tags":[73],"class_list":["post-2794","post","type-post","status-publish","format-standard","has-post-thumbnail","hentry","category-sao-paulo","tag-featured"],"amp_enabled":true,"_links":{"self":[{"href":"https:\/\/imais.online\/portal\/wp-json\/wp\/v2\/posts\/2794","targetHints":{"allow":["GET"]}}],"collection":[{"href":"https:\/\/imais.online\/portal\/wp-json\/wp\/v2\/posts"}],"about":[{"href":"https:\/\/imais.online\/portal\/wp-json\/wp\/v2\/types\/post"}],"author":[{"embeddable":true,"href":"https:\/\/imais.online\/portal\/wp-json\/wp\/v2\/users\/7"}],"replies":[{"embeddable":true,"href":"https:\/\/imais.online\/portal\/wp-json\/wp\/v2\/comments?post=2794"}],"version-history":[{"count":1,"href":"https:\/\/imais.online\/portal\/wp-json\/wp\/v2\/posts\/2794\/revisions"}],"predecessor-version":[{"id":2796,"href":"https:\/\/imais.online\/portal\/wp-json\/wp\/v2\/posts\/2794\/revisions\/2796"}],"wp:featuredmedia":[{"embeddable":true,"href":"https:\/\/imais.online\/portal\/wp-json\/wp\/v2\/media\/2795"}],"wp:attachment":[{"href":"https:\/\/imais.online\/portal\/wp-json\/wp\/v2\/media?parent=2794"}],"wp:term":[{"taxonomy":"category","embeddable":true,"href":"https:\/\/imais.online\/portal\/wp-json\/wp\/v2\/categories?post=2794"},{"taxonomy":"post_tag","embeddable":true,"href":"https:\/\/imais.online\/portal\/wp-json\/wp\/v2\/tags?post=2794"}],"curies":[{"name":"wp","href":"https:\/\/api.w.org\/{rel}","templated":true}]}}