{"id":27940,"date":"2025-07-07T20:13:49","date_gmt":"2025-07-07T23:13:49","guid":{"rendered":"https:\/\/imais.online\/portal\/?p=27940"},"modified":"2025-07-07T20:13:50","modified_gmt":"2025-07-07T23:13:50","slug":"defesa-civil-alerta-para-queda-de-temperatura-no-estado-de-sao-paulo","status":"publish","type":"post","link":"https:\/\/imais.online\/portal\/defesa-civil-alerta-para-queda-de-temperatura-no-estado-de-sao-paulo\/","title":{"rendered":"Defesa Civil alerta para queda de temperatura no estado de S\u00e3o Paulo"},"content":{"rendered":"<div class=\"imais-before-content-placement\" id=\"imais-1082755362\"><script async src=\"\/\/pagead2.googlesyndication.com\/pagead\/js\/adsbygoogle.js?client=ca-pub-8787528412751566\" crossorigin=\"anonymous\"><\/script><ins class=\"adsbygoogle\" style=\"display:block;\" data-ad-client=\"ca-pub-8787528412751566\" \ndata-ad-slot=\"\" \ndata-ad-format=\"auto\"><\/ins>\n<script> \n(adsbygoogle = window.adsbygoogle || []).push({}); \n<\/script>\n<\/div>\n<p class=\"has-text-align-center\">M\u00ednimas podem chegar a 6\u00b0C na Serra e a 9\u00b0C na Regi\u00e3o Metropolitana<\/p>\n\n\n\n<p><strong>As temperaturas devem voltar a cair em todo o estado de S\u00e3o Paulo entre esta segunda-feira (7) e a pr\u00f3xima sexta-feira (11).<\/strong>&nbsp;Segundo a Defesa Civil do Estado de S\u00e3o Paulo, a&nbsp;perman\u00eancia de uma massa de ar frio sobre o territ\u00f3rio paulista pode provocar queda significativa tanto nas temperaturas m\u00ednimas quanto m\u00e1ximas.&nbsp;<img decoding=\"async\" src=\"https:\/\/agenciabrasil.ebc.com.br\/ebc.png?id=1649944&amp;o=node\"><img decoding=\"async\" src=\"https:\/\/agenciabrasil.ebc.com.br\/ebc.gif?id=1649944&amp;o=node\"><\/p>\n\n\n\n<p><strong>A m\u00ednima pode chegar a 6\u00b0C nas regi\u00f5es da Serra da Mantiqueira, Vale do Ribeira e Itapeva&nbsp;<\/strong>e alcan\u00e7ar 8\u00b0C nas regi\u00f5es do Vale do Para\u00edba, Sorocaba, Campinas, Bauru e Araraquara. J\u00e1 na regi\u00e3o metropolitana de S\u00e3o Paulo e nas regi\u00f5es de Presidente Prudente e Mar\u00edlia, a m\u00ednima pode chegar a 9\u00b0C.<\/p>\n\n\n\n<p>No litoral paulista, tanto na Baixada Santista quanto no Litoral Norte, a temperatura m\u00ednima pode chegar a 14\u00b0C. J\u00e1 nas regi\u00f5es de Ara\u00e7atuba e S\u00e3o Jos\u00e9 do Rio Preto, a m\u00ednima deve ser de 11\u00b0C.<\/p>\n\n\n\n<p>Por causa da queda na temperatura durante esta semana no estado,&nbsp;<strong>a Defesa Civil est\u00e1 refor\u00e7ando a necessidade de se dar uma aten\u00e7\u00e3o especial para as popula\u00e7\u00f5es mais vulner\u00e1veis como idosos, crian\u00e7as e pessoas com problemas de sa\u00fade e em situa\u00e7\u00e3o de rua<\/strong>, que s\u00e3o as mais suscet\u00edveis aos efeitos do frio intenso.<\/p>\n\n\n\n<p><strong>A recomenda\u00e7\u00e3o do \u00f3rg\u00e3o \u00e9 para que a popula\u00e7\u00e3o redobre seus cuidados com agasalho e hidrata\u00e7\u00e3o e mantenha os ambientes com uma ventila\u00e7\u00e3o adequada.<\/strong><\/p>\n","protected":false},"excerpt":{"rendered":"<p>M\u00ednimas podem chegar a 6\u00b0C na Serra e a 9\u00b0C na Regi\u00e3o Metropolitana As temperaturas devem voltar a cair em todo o estado de S\u00e3o Paulo entre esta segunda-feira (7) e a pr\u00f3xima sexta-feira (11).&nbsp;Segundo a Defesa Civil do Estado de S\u00e3o Paulo, a&nbsp;perman\u00eancia de uma massa de ar frio sobre o territ\u00f3rio paulista pode [&hellip;]<\/p>\n","protected":false},"author":7,"featured_media":27941,"comment_status":"closed","ping_status":"open","sticky":false,"template":"","format":"standard","meta":{"rop_custom_images_group":[],"rop_custom_messages_group":[],"rop_publish_now":"initial","rop_publish_now_accounts":[],"rop_publish_now_history":[],"rop_publish_now_status":"pending","footnotes":""},"categories":[195],"tags":[],"class_list":["post-27940","post","type-post","status-publish","format-standard","has-post-thumbnail","hentry","category-sao-paulo"],"amp_enabled":true,"_links":{"self":[{"href":"https:\/\/imais.online\/portal\/wp-json\/wp\/v2\/posts\/27940","targetHints":{"allow":["GET"]}}],"collection":[{"href":"https:\/\/imais.online\/portal\/wp-json\/wp\/v2\/posts"}],"about":[{"href":"https:\/\/imais.online\/portal\/wp-json\/wp\/v2\/types\/post"}],"author":[{"embeddable":true,"href":"https:\/\/imais.online\/portal\/wp-json\/wp\/v2\/users\/7"}],"replies":[{"embeddable":true,"href":"https:\/\/imais.online\/portal\/wp-json\/wp\/v2\/comments?post=27940"}],"version-history":[{"count":1,"href":"https:\/\/imais.online\/portal\/wp-json\/wp\/v2\/posts\/27940\/revisions"}],"predecessor-version":[{"id":27942,"href":"https:\/\/imais.online\/portal\/wp-json\/wp\/v2\/posts\/27940\/revisions\/27942"}],"wp:featuredmedia":[{"embeddable":true,"href":"https:\/\/imais.online\/portal\/wp-json\/wp\/v2\/media\/27941"}],"wp:attachment":[{"href":"https:\/\/imais.online\/portal\/wp-json\/wp\/v2\/media?parent=27940"}],"wp:term":[{"taxonomy":"category","embeddable":true,"href":"https:\/\/imais.online\/portal\/wp-json\/wp\/v2\/categories?post=27940"},{"taxonomy":"post_tag","embeddable":true,"href":"https:\/\/imais.online\/portal\/wp-json\/wp\/v2\/tags?post=27940"}],"curies":[{"name":"wp","href":"https:\/\/api.w.org\/{rel}","templated":true}]}}