{"id":27949,"date":"2025-07-08T08:47:31","date_gmt":"2025-07-08T11:47:31","guid":{"rendered":"https:\/\/imais.online\/portal\/?p=27949"},"modified":"2025-07-08T08:47:31","modified_gmt":"2025-07-08T11:47:31","slug":"parque-maeda-amplia-funcionamento-em-julho-e-arraia-na-pousada-e-destaque-nas-ferias","status":"publish","type":"post","link":"https:\/\/imais.online\/portal\/parque-maeda-amplia-funcionamento-em-julho-e-arraia-na-pousada-e-destaque-nas-ferias\/","title":{"rendered":"Parque Maeda amplia funcionamento em julho e &#8216;Arrai\u00e1&#8217; na pousada \u00e9 destaque nas f\u00e9rias"},"content":{"rendered":"<div class=\"imais-before-content-placement\" id=\"imais-2240445638\"><script async src=\"\/\/pagead2.googlesyndication.com\/pagead\/js\/adsbygoogle.js?client=ca-pub-8787528412751566\" crossorigin=\"anonymous\"><\/script><ins class=\"adsbygoogle\" style=\"display:block;\" data-ad-client=\"ca-pub-8787528412751566\" \ndata-ad-slot=\"\" \ndata-ad-format=\"auto\"><\/ins>\n<script> \n(adsbygoogle = window.adsbygoogle || []).push({}); \n<\/script>\n<\/div>\n<p>O Parque Maeda, tradicional complexo de lazer em Itu (SP), ter\u00e1 funcionamento especial durante o m\u00eas de julho para atender o aumento na procura por atividades em fam\u00edlia nas f\u00e9rias escolares. A partir do dia 7, o parque estar\u00e1 aberto de quinta a segunda-feira, permanecendo fechado \u00e0s ter\u00e7as e quartas para manuten\u00e7\u00e3o das atra\u00e7\u00f5es \u2014 com exce\u00e7\u00e3o do dia 9 de julho (quarta-feira), feriado estadual, quando abrir\u00e1 normalmente.<\/p>\n\n\n\n<p>\u201cDurante as f\u00e9rias, percebemos um crescimento significativo no n\u00famero de visitantes. Por isso, ampliar os dias de funcionamento oferece mais oportunidades para que as fam\u00edlias aproveitem o parque com mais conforto e flexibilidade\u201d, destaca Henrique Maeda, um dos administradores do complexo.<\/p>\n\n\n\n<p>Outra atra\u00e7\u00e3o imperd\u00edvel do per\u00edodo \u00e9 o tradicional \u2018Arrai\u00e1\u2019 da Pousada Maeda, festa junina exclusiva para h\u00f3spedes que se estender\u00e1 durante o m\u00eas de julho. O evento, que re\u00fane comidas t\u00edpicas, m\u00fasica e divers\u00e3o para todas as idades, acontecer\u00e1 nos dias 12, 19 e 26 de julho.<\/p>\n\n\n\n<p>Com a possibilidade de hospedagem na pr\u00f3pria pousada, muitas fam\u00edlias escolhem passar alguns dias no local, curtindo tanto a festa quanto as diversas atra\u00e7\u00f5es de lazer do parque. As reservas est\u00e3o abertas e podem ser feitas diretamente pelo site do Parque Maeda.<\/p>\n\n\n\n<figure class=\"wp-block-image size-full\"><img loading=\"lazy\" decoding=\"async\" width=\"800\" height=\"533\" src=\"https:\/\/imais.online\/portal\/wp-content\/uploads\/2025\/07\/Rodas-DAgua-Parque-Maeda.jpeg\" alt=\"\" class=\"wp-image-27951\" srcset=\"https:\/\/imais.online\/portal\/wp-content\/uploads\/2025\/07\/Rodas-DAgua-Parque-Maeda.jpeg 800w, https:\/\/imais.online\/portal\/wp-content\/uploads\/2025\/07\/Rodas-DAgua-Parque-Maeda-300x200.jpeg 300w, https:\/\/imais.online\/portal\/wp-content\/uploads\/2025\/07\/Rodas-DAgua-Parque-Maeda-768x512.jpeg 768w\" sizes=\"auto, (max-width: 800px) 100vw, 800px\" \/><\/figure>\n\n\n\n<p><strong>Sobre o parque<\/strong><\/p>\n\n\n\n<p>O Maeda conta com infraestrutura completa de lazer e hospedagem ao visitante, incluindo pesqueiro, um dos maiores restaurantes self-services do pa\u00eds e um dos maiores jardins japoneses do Brasil. \u00c9 poss\u00edvel ter acesso ao Parque Maeda pelo passaporte day use. O passaporte \u00e9 um pacote que j\u00e1 inclui o almo\u00e7o, passeios como jardim japon\u00eas, \u00e1rvore gigante e rodas d&#8217;\u00e1gua, parque aqu\u00e1tico, pesca esportiva, passeios de trenzinho e de telef\u00e9rico, pedalinho e quadriciclo. Com o passaporte day use, o almo\u00e7o \u00e9 \u00e0 vontade com uma grande variedade de pratos quentes, comida japonesa e bebida n\u00e3o alco\u00f3lica. O passaporte pode ser adquirido antecipadamente pelo site.&nbsp;&nbsp;&nbsp;&nbsp;&nbsp;&nbsp;&nbsp;&nbsp;&nbsp;&nbsp;&nbsp;&nbsp;&nbsp;&nbsp;&nbsp;&nbsp;&nbsp;&nbsp;&nbsp;&nbsp;&nbsp;&nbsp;&nbsp;&nbsp;&nbsp;&nbsp;&nbsp;&nbsp;&nbsp;&nbsp;&nbsp;&nbsp;&nbsp;&nbsp;&nbsp;&nbsp;&nbsp;&nbsp;&nbsp;&nbsp;&nbsp;&nbsp;&nbsp;<\/p>\n\n\n\n<p>O parque aqu\u00e1tico do Maeda tem piscinas com tobo\u00e1guas para crian\u00e7as e adultos e conta com o apoio e a seguran\u00e7a de monitores e salva-vidas. H\u00e1, ainda, passeios a cavalo e voo de helic\u00f3ptero por todo o per\u00edmetro do parque. A vista panor\u00e2mica \u00e9 incr\u00edvel e atrai muita gente.<\/p>\n\n\n\n<p><strong>Pesca esportiva e hospedagem<\/strong><\/p>\n\n\n\n<p>Para quem gosta de pesca esportiva, o Maeda \u00e9 o lugar certo. O complexo de lazer tem diversos espa\u00e7os para a pr\u00e1tica da pesca, sendo eles: Tanc\u00e3o, Tanques de Engorda e os tanques do pr\u00f3prio parque.&nbsp; Em todos eles \u00e9 poss\u00edvel fisgar esp\u00e9cies diferenciadas em meio a uma exuberante paisagem natural, repleta de verde e ar fresco.&nbsp;<\/p>\n\n\n\n<p>Para ter uma experi\u00eancia ainda mais bacana e aproveitar com calma, hospede-se na Pousada Maeda. A pousada j\u00e1 conta com uma piscina privativa e fica ao lado do Parque Maeda. H\u00e1 apartamentos e chal\u00e9s para casais e fam\u00edlias com banheiro, TV, frigobar e roupas de cama e banho.<\/p>\n","protected":false},"excerpt":{"rendered":"<p>O Parque Maeda, tradicional complexo de lazer em Itu (SP), ter\u00e1 funcionamento especial durante o m\u00eas de julho para atender o aumento na procura por atividades em fam\u00edlia nas f\u00e9rias escolares. A partir do dia 7, o parque estar\u00e1 aberto de quinta a segunda-feira, permanecendo fechado \u00e0s ter\u00e7as e quartas para manuten\u00e7\u00e3o das atra\u00e7\u00f5es \u2014 [&hellip;]<\/p>\n","protected":false},"author":7,"featured_media":27950,"comment_status":"closed","ping_status":"open","sticky":false,"template":"","format":"standard","meta":{"rop_custom_images_group":[],"rop_custom_messages_group":[],"rop_publish_now":"initial","rop_publish_now_accounts":[],"rop_publish_now_history":[],"rop_publish_now_status":"pending","footnotes":""},"categories":[271,194],"tags":[],"class_list":["post-27949","post","type-post","status-publish","format-standard","has-post-thumbnail","hentry","category-itu","category-regia"],"amp_enabled":true,"_links":{"self":[{"href":"https:\/\/imais.online\/portal\/wp-json\/wp\/v2\/posts\/27949","targetHints":{"allow":["GET"]}}],"collection":[{"href":"https:\/\/imais.online\/portal\/wp-json\/wp\/v2\/posts"}],"about":[{"href":"https:\/\/imais.online\/portal\/wp-json\/wp\/v2\/types\/post"}],"author":[{"embeddable":true,"href":"https:\/\/imais.online\/portal\/wp-json\/wp\/v2\/users\/7"}],"replies":[{"embeddable":true,"href":"https:\/\/imais.online\/portal\/wp-json\/wp\/v2\/comments?post=27949"}],"version-history":[{"count":1,"href":"https:\/\/imais.online\/portal\/wp-json\/wp\/v2\/posts\/27949\/revisions"}],"predecessor-version":[{"id":27952,"href":"https:\/\/imais.online\/portal\/wp-json\/wp\/v2\/posts\/27949\/revisions\/27952"}],"wp:featuredmedia":[{"embeddable":true,"href":"https:\/\/imais.online\/portal\/wp-json\/wp\/v2\/media\/27950"}],"wp:attachment":[{"href":"https:\/\/imais.online\/portal\/wp-json\/wp\/v2\/media?parent=27949"}],"wp:term":[{"taxonomy":"category","embeddable":true,"href":"https:\/\/imais.online\/portal\/wp-json\/wp\/v2\/categories?post=27949"},{"taxonomy":"post_tag","embeddable":true,"href":"https:\/\/imais.online\/portal\/wp-json\/wp\/v2\/tags?post=27949"}],"curies":[{"name":"wp","href":"https:\/\/api.w.org\/{rel}","templated":true}]}}