{"id":27994,"date":"2025-07-13T14:14:40","date_gmt":"2025-07-13T17:14:40","guid":{"rendered":"https:\/\/imais.online\/portal\/?p=27994"},"modified":"2025-07-13T14:14:41","modified_gmt":"2025-07-13T17:14:41","slug":"ia-pode-eliminar-ate-92-milhoes-de-empregos-mas-essas-profissoes-devem-sobreviver","status":"publish","type":"post","link":"https:\/\/imais.online\/portal\/ia-pode-eliminar-ate-92-milhoes-de-empregos-mas-essas-profissoes-devem-sobreviver\/","title":{"rendered":"IA pode eliminar at\u00e9 92 milh\u00f5es de empregos, mas essas profiss\u00f5es devem sobreviver"},"content":{"rendered":"<div class=\"imais-before-content-placement\" id=\"imais-3198385188\"><script async src=\"\/\/pagead2.googlesyndication.com\/pagead\/js\/adsbygoogle.js?client=ca-pub-8787528412751566\" crossorigin=\"anonymous\"><\/script><ins class=\"adsbygoogle\" style=\"display:block;\" data-ad-client=\"ca-pub-8787528412751566\" \ndata-ad-slot=\"\" \ndata-ad-format=\"auto\"><\/ins>\n<script> \n(adsbygoogle = window.adsbygoogle || []).push({}); \n<\/script>\n<\/div>\n<h2 class=\"wp-block-heading\">Microsoft, Shopify, mais recentemente Amazon, n\u00e3o fazem segredo: IA possibilitar\u00e1 cortes profundos em seus quadros. Pol\u00edticos e at\u00e9 o papa advertem para riscos \u00e0 sociedade, enquanto economistas est\u00e3o mais otimistas.<\/h2>\n\n\n\n<p>O diretor executivo da Amazon, Andy Jassy, anunciou que a&nbsp;<strong>companhia reduzir\u00e1 sua for\u00e7a de trabalho,&nbsp;<\/strong>\u00e0 medida que a intelig\u00eancia artificial (IA) vai&nbsp;<strong>substituindo os funcion\u00e1rios humanos<\/strong>, acrescentando que a tecnologia&nbsp;afetar\u00e1 um grande n\u00famero de empregos e setores.<\/p>\n\n\n\n<p>Diversas outras firmas t\u00eam expedido advert\u00eancias semelhantes. Em maio, o presidente da startup de IA Anthropic comentou ao website de not\u00edcias Axios que,&nbsp;<strong>dentro de um a cinco anos<\/strong>, essa tecnologia talvez&nbsp;<strong>elimine a metade de todas as vagas para iniciantes&nbsp;<\/strong>em setores n\u00e3o manuais.<\/p>\n\n\n\n<p><em>(Abaixo, veja quais profiss\u00f5es est\u00e3o mais amea\u00e7adas pela IA e quais devem resistir)<\/em><\/p>\n\n\n\n<p>Desde 2022, as empresas p\u00fablicas dos Estados Unidos reduziram seu pessoal de escrit\u00f3rio em 3,5%, e um quinto das companhias cotadas no S&amp;P 500 encolheram, informou Wall Street Journal, citando o servi\u00e7o Live Data Technologies.<\/p>\n\n\n\n<p>Nos \u00faltimos anos, grandes firmas como Microsoft, Hewlett Packard e Procter &amp; Gamble t\u00eam anunciado milhares de demiss\u00f5es.<\/p>\n\n\n\n<p>A plataforma de vendas online Shopify explicou recentemente que&nbsp;suas equipes que solicitem pessoal adicional ter\u00e3o antes provar que a IA n\u00e3o \u00e9 capaz de executar as tarefas em quest\u00e3o.&nbsp;E a firma do aplicativo de aprendizagem de idiomas&nbsp;<strong>Duolingo planeja substituir gradualmente seus empregados externos&nbsp;<\/strong>por intelig\u00eancia artificial.<\/p>\n\n\n\n<h2 class=\"wp-block-heading\">Faca de dois gumes<\/h2>\n\n\n\n<p>A Organiza\u00e7\u00e3o para Coopera\u00e7\u00e3o e Desenvolvimento Econ\u00f4mico (OCDE) estima que um<strong>&nbsp;quarto dos postos de trabalho em todo o mundo enfrentam grave risco de se tornar obsoleto devido \u00e0 IA<\/strong>. Contudo tamb\u00e9m h\u00e1 expectativas de que ela v\u00e1 criar novas oportunidades e aumentar a produtividade.<\/p>\n\n\n\n<p>Segundo uma previs\u00e3o do F\u00f3rum Econ\u00f4mico Mundial, divulgado no in\u00edcio de 2025,&nbsp;a reviravolta tecnol\u00f3gica poder\u00e1 eliminar 92 milh\u00f5es de empregos existentes at\u00e9 o ano 2030, mas, ao mesmo tempo, tamb\u00e9m criar 170 milh\u00f5es de novos postos.<\/p>\n\n\n\n<figure class=\"wp-block-image\"><img decoding=\"async\" src=\"https:\/\/s2-g1.glbimg.com\/WYJUoL1lF31S9fHz8mZ17uF0Wws=\/0x0:1110x624\/984x0\/smart\/filters:strip_icc()\/i.s3.glbimg.com\/v1\/AUTH_59edd422c0c84a879bd37670ae4f538a\/internal_photos\/bs\/2025\/c\/V\/BAYitOTW6Pzj9BN1T2Zw\/56435699-906.jpg\" alt=\"Presidente da Amazon, Andy Jassy, n\u00e3o tem receio de anunciar cortes de pessoal futuros devido \u00e0 IA \u2014 Foto: Patrick Fallon\/ZUMA Wire\/picture alliance\"\/><\/figure>\n\n\n\n<p class=\"has-small-font-size\">Presidente da Amazon, Andy Jassy, n\u00e3o tem receio de anunciar cortes de pessoal futuros devido \u00e0 IA \u2014 Foto: Patrick Fallon\/ZUMA Wire\/picture alliance<\/p>\n\n\n\n<p>O maior impacto seria para as economias desenvolvidas,&nbsp;<strong>com 60% dos empregos afetados<\/strong>, segundo an\u00e1lise de 2024 do Fundo Monet\u00e1rio Internacional (FMI) \u2013 a metade deles de modo negativo, a outra, positivamente.<\/p>\n\n\n\n<p>J\u00e1 nas economias emergentes, 40% das vagas sentiriam os efeitos da IA, e, nos pa\u00edses de baixa renda, 26%. Por outro lado, apesar de afetados em menor escala, esses mercados tamb\u00e9m se beneficiariam menos do aumento de produtividade que prometem as novas tecnologias.<\/p>\n\n\n\n<p>Nos avan\u00e7os tecnol\u00f3gicos passados,&nbsp;<strong>os mais prejudicados foram os empregados menos qualificados e trabalhadores manuais<\/strong>, como os oper\u00e1rios de f\u00e1bricas substitu\u00eddos por rob\u00f4s.<\/p>\n\n\n\n<p>Por\u00e9m agora a expectativa \u00e9 de que a<strong>&nbsp;ado\u00e7\u00e3o ampla da IA v\u00e1 atingir os empregados de n\u00edvel educacional mais alto<\/strong>, nas tarefas de escrit\u00f3rio, sobretudo onde o desempenho dos algoritmos seja compar\u00e1vel ou melhor do que o humano.<\/p>\n\n\n\n<p>Um estudo do think tank Pew Research Center revelou que:<\/p>\n\n\n\n<ul class=\"wp-block-list\">\n<li><strong>Entre as mais amea\u00e7adas<\/strong>, est\u00e3o as&nbsp;ocupa\u00e7\u00f5es envolvendo coleta de informa\u00e7\u00f5es e an\u00e1lise de dados, como programa\u00e7\u00e3o de websites, textos t\u00e9cnicos, contabilidade e inser\u00e7\u00e3o de dados (data entry).<\/li>\n\n\n\n<li><strong>Entre os mais resistentes<\/strong>, em contrapartida, estariam os&nbsp;empregos envolvendo trabalho manual intenso, mais dif\u00edceis de automatizar, como oper\u00e1rio de constru\u00e7\u00e3o, cuidador infantil ou bombeiro.<\/li>\n<\/ul>\n\n\n\n<h2 class=\"wp-block-heading\">Otimismo de economista<\/h2>\n\n\n\n<figure class=\"wp-block-image\"><img decoding=\"async\" src=\"https:\/\/s2-g1.glbimg.com\/7eXMV4Vrmmq-FdGPMKJ5BngKXOI=\/0x0:590x332\/984x0\/smart\/filters:strip_icc()\/i.s3.glbimg.com\/v1\/AUTH_59edd422c0c84a879bd37670ae4f538a\/internal_photos\/bs\/2025\/F\/h\/ODkJ8IR9ao1VZTav3azg\/4516658-7.jpg\" alt=\"Empregos de escrit\u00f3rio para iniciantes: esp\u00e9cie em extin\u00e7\u00e3o \u2014 Foto: picture alliance \/ abaca\"\/><\/figure>\n\n\n\n<p>Empregos de escrit\u00f3rio para iniciantes: esp\u00e9cie em extin\u00e7\u00e3o \u2014 Foto: picture alliance \/ abaca<\/p>\n\n\n\n<p>A possibilidade de desemprego em massa colocou em foco os efeitos desagregadores da IA sobre o mundo profissional e a sociedade, atraindo a aten\u00e7\u00e3o de pol\u00edticos e at\u00e9 de l\u00edderes religiosos. O papa Le\u00e3o 14, que assumiu o pontificado em maio, j\u00e1 alertou para os riscos da intelig\u00eancia artificial para a subsist\u00eancia e dignidade humanas.<\/p>\n\n\n\n<p>Por sua vez, o especialista em mercado de trabalho Enzo Weber, do Instituto de Pesquisa sobre o Trabalho (IAB) alem\u00e3o, sediado em Nuremberg, argumenta que tais apreens\u00f5es n\u00e3o procedem: para ele, os atuais progressos tecnol\u00f3gicos abririam uma ampla gama de possibilidades econ\u00f4micas, mais provavelmente ajudando os trabalhadores do que causando desemprego em massa.<\/p>\n\n\n\n<blockquote class=\"wp-block-quote is-layout-flow wp-block-quote-is-layout-flow\">\n<p>&#8220;A IA primariamente transforma o trabalho, mas n\u00e3o o elimina fundamentalmente&#8221;, afirma: na maioria dos casos, ela assistiria os humanos para &#8220;desenvolverem novas tarefas e execut\u00e1-las melhor, ao inv\u00e9s de substitu\u00ed-los&#8221;.<\/p>\n<\/blockquote>\n\n\n\n<p>Um estudo publicado em janeiro de 2025 defende um ponto de vista semelhante:&nbsp;<strong>a automa\u00e7\u00e3o de tarefas no trabalho &#8220;n\u00e3o reduz necessariamente a ocupa\u00e7\u00e3o&#8221;, podendo at\u00e9 resultar em &#8220;ganhos de postos em alguns setores&#8221; da economia<\/strong>.<\/p>\n\n\n\n<p>&#8220;Em princ\u00edpio, poder automatizar uma tarefa antes laboriosa pode tornar os trabalhadores t\u00e3o mais produtivos, que o output adicional compensa o fato de que parte de seu trabalho agora \u00e9 feito por uma m\u00e1quina&#8221;, afirmam os economistas David Deming, Christopher Ong e Lawrence H. Summers, da Universidade de Harvard.<\/p>\n\n\n\n<p>Reconhecendo que o impacto da IA provavelmente ser\u00e1 &#8220;abrangente e duradouro&#8221;, eles ressalvam que &#8220;a hist\u00f3ria nos ensina que, mesmo que a IA desestabilize o mercado de trabalho, seu impacto se desdobrar\u00e1 ao longo de muitas d\u00e9cadas&#8221;.<\/p>\n\n\n\n<h2 class=\"wp-block-heading\">Cooperar com o progresso \u2013 ou tornar-se obsoleto<\/h2>\n\n\n\n<p>\u00c9 dif\u00edcil determinar qual o real impacto de longo prazo das tecnologias de intelig\u00eancia artificial sobre os mercados de trabalho globais, uma vez que ela ainda est\u00e1 em seus est\u00e1gios iniciais.<\/p>\n\n\n\n<p>A efic\u00e1cia de diversas ferramentas de IA tamb\u00e9m depender\u00e1 de uma boa integra\u00e7\u00e3o nos locais de trabalho, assim como da disposi\u00e7\u00e3o e capacidade dos funcion\u00e1rios de empreg\u00e1-las. Se eles se recusarem a utiliz\u00e1-las integralmente, temendo por seus postos, isso poder\u00e1 comprometer o aumento de produtividade que a nova tecnologia promete.<\/p>\n\n\n\n<p>O especialista alem\u00e3o em mercado de trabalho Weber urge as empresas e os funcion\u00e1rios a se adaptarem ao panorama tecnol\u00f3gico em muta\u00e7\u00e3o e a aproveitarem as oportunidades.<\/p>\n\n\n\n<p>Para ele, a IA \u00e9 um &#8220;game changer&#8221;: &#8220;Ela apresenta oportunidades, mas elas precisam ser agarradas. \u00c9 essencial mais desenvolvimento e treinamento ativo dos funcion\u00e1rios. N\u00e3o s\u00f3 para acompanhar o passo, mas para avan\u00e7ar o m\u00e1ximo poss\u00edvel.&#8221;<\/p>\n\n\n\n<p>Fonte G1 <\/p>\n","protected":false},"excerpt":{"rendered":"<p>Microsoft, Shopify, mais recentemente Amazon, n\u00e3o fazem segredo: IA possibilitar\u00e1 cortes profundos em seus quadros. Pol\u00edticos e at\u00e9 o papa advertem para riscos \u00e0 sociedade, enquanto economistas est\u00e3o mais otimistas. O diretor executivo da Amazon, Andy Jassy, anunciou que a&nbsp;companhia reduzir\u00e1 sua for\u00e7a de trabalho,&nbsp;\u00e0 medida que a intelig\u00eancia artificial (IA) vai&nbsp;substituindo os funcion\u00e1rios humanos, [&hellip;]<\/p>\n","protected":false},"author":8,"featured_media":27995,"comment_status":"closed","ping_status":"open","sticky":false,"template":"","format":"standard","meta":{"rop_custom_images_group":[],"rop_custom_messages_group":[],"rop_publish_now":"initial","rop_publish_now_accounts":[],"rop_publish_now_history":[],"rop_publish_now_status":"pending","footnotes":""},"categories":[15],"tags":[73],"class_list":["post-27994","post","type-post","status-publish","format-standard","has-post-thumbnail","hentry","category-business","tag-featured"],"amp_enabled":true,"_links":{"self":[{"href":"https:\/\/imais.online\/portal\/wp-json\/wp\/v2\/posts\/27994","targetHints":{"allow":["GET"]}}],"collection":[{"href":"https:\/\/imais.online\/portal\/wp-json\/wp\/v2\/posts"}],"about":[{"href":"https:\/\/imais.online\/portal\/wp-json\/wp\/v2\/types\/post"}],"author":[{"embeddable":true,"href":"https:\/\/imais.online\/portal\/wp-json\/wp\/v2\/users\/8"}],"replies":[{"embeddable":true,"href":"https:\/\/imais.online\/portal\/wp-json\/wp\/v2\/comments?post=27994"}],"version-history":[{"count":1,"href":"https:\/\/imais.online\/portal\/wp-json\/wp\/v2\/posts\/27994\/revisions"}],"predecessor-version":[{"id":27996,"href":"https:\/\/imais.online\/portal\/wp-json\/wp\/v2\/posts\/27994\/revisions\/27996"}],"wp:featuredmedia":[{"embeddable":true,"href":"https:\/\/imais.online\/portal\/wp-json\/wp\/v2\/media\/27995"}],"wp:attachment":[{"href":"https:\/\/imais.online\/portal\/wp-json\/wp\/v2\/media?parent=27994"}],"wp:term":[{"taxonomy":"category","embeddable":true,"href":"https:\/\/imais.online\/portal\/wp-json\/wp\/v2\/categories?post=27994"},{"taxonomy":"post_tag","embeddable":true,"href":"https:\/\/imais.online\/portal\/wp-json\/wp\/v2\/tags?post=27994"}],"curies":[{"name":"wp","href":"https:\/\/api.w.org\/{rel}","templated":true}]}}