{"id":28063,"date":"2025-07-16T11:02:44","date_gmt":"2025-07-16T14:02:44","guid":{"rendered":"https:\/\/imais.online\/portal\/?p=28063"},"modified":"2025-07-16T11:02:44","modified_gmt":"2025-07-16T14:02:44","slug":"arraia-do-ban-traz-clima-de-festa-julina-para-o-shopping-parque-das-bandeiras-com-shows-ao-vivo-comidas-tipicas-e-diversao-gratuita","status":"publish","type":"post","link":"https:\/\/imais.online\/portal\/arraia-do-ban-traz-clima-de-festa-julina-para-o-shopping-parque-das-bandeiras-com-shows-ao-vivo-comidas-tipicas-e-diversao-gratuita\/","title":{"rendered":"Arrai\u00e1 do Ban traz clima de festa julina para o Shopping Parque das Bandeiras com shows ao vivo, comidas t\u00edpicas e divers\u00e3o gratuita"},"content":{"rendered":"<div class=\"imais-before-content-placement\" id=\"imais-759863933\"><script async src=\"\/\/pagead2.googlesyndication.com\/pagead\/js\/adsbygoogle.js?client=ca-pub-8787528412751566\" crossorigin=\"anonymous\"><\/script><ins class=\"adsbygoogle\" style=\"display:block;\" data-ad-client=\"ca-pub-8787528412751566\" \ndata-ad-slot=\"\" \ndata-ad-format=\"auto\"><\/ins>\n<script> \n(adsbygoogle = window.adsbygoogle || []).push({}); \n<\/script>\n<\/div>\n<p class=\"has-text-align-center\"><em>Evento acontece de 18 a 20 de julho com entrada gratuita, barracas tem\u00e1ticas, espa\u00e7o kids e apresenta\u00e7\u00f5es musicais para toda a fam\u00edlia<\/em><\/p>\n\n\n\n<p>O clima de festa julina vai tomar conta do <strong>Shopping Parque das Bandeiras<\/strong> entre os dias 18 e 20 de julho com o tradicional Arrai\u00e1 do Ban. Com entrada gratuita, o evento promete encantar toda a fam\u00edlia com barracas de comidas t\u00edpicas, shows ao vivo e um espa\u00e7o kids repleto de atra\u00e7\u00f5es para os pequenos. A programa\u00e7\u00e3o acontece no estacionamento do shopping, com uma ambienta\u00e7\u00e3o especial que remete \u00e0s festas do interior com muita m\u00fasica, dan\u00e7a e sabores t\u00edpicos.<\/p>\n\n\n\n<p>Durante os tr\u00eas dias de evento, o p\u00fablico poder\u00e1 se deliciar com pratos como past\u00e9is, lanche de pernil, lanche de lingui\u00e7a, salgados no cone, batata frita no cone e churros e muito mais. A programa\u00e7\u00e3o de shows contar\u00e1 com atra\u00e7\u00f5es ao vivo para embalar a festan\u00e7a, com destaque para artistas e bandas como a Confisco, com tributo ao Charlie Brown Jr.<\/p>\n\n\n\n<p>A festan\u00e7a tamb\u00e9m contar\u00e1 com bingo gratuito onde os pr\u00eamios ser\u00e3o uma air fryer, escova secadora e fone de ouvido bluetooth, e uma \u00e1rea kids pensada especialmente para as crian\u00e7as totalmente gratuita.<\/p>\n\n\n\n<p>\u201cO Arrai\u00e1 do Ban j\u00e1 virou uma tradi\u00e7\u00e3o no nosso calend\u00e1rio e \u00e9 uma oportunidade de celebrarmos essa \u00e9poca t\u00e3o querida pelo p\u00fablico. Pensamos em um evento para toda a fam\u00edlia, com uma estrutura acolhedora e atra\u00e7\u00f5es que unem gastronomia, m\u00fasica e lazer. Esperamos que todos possam vivenciar momentos especiais no nosso shopping\u201d, afirma Rodrigo Cenatti, Gerente de Marketing do Shopping Parque das Bandeiras.<\/p>\n\n\n\n<p>Os hor\u00e1rios variam de acordo com os dias, come\u00e7ando na sexta-feira (18) \u00e0s 17h at\u00e9 22h, s\u00e1bado (19) das 12h \u00e0s 22h e domingo (20) das 12h \u00e0s 21h.<\/p>\n\n\n\n<p><strong>Servi\u00e7o:<\/strong><\/p>\n\n\n\n<p><strong>Arrai\u00e1 do Ban \u2013 Shopping Parque das Bandeiras<\/strong><\/p>\n\n\n\n<p><strong>Local:<\/strong> Estacionamento externo do Shopping Parque das Bandeiras \u2013 Av. John Boyd Dunlop, 3900 \u2013 Jardim Ipaussurama, Campinas \u2013 SP<br><strong>Datas:<\/strong> 18 a 20 de julho<\/p>\n\n\n\n<p><strong>Entrada gratuita<\/strong><br><strong>Hor\u00e1rios:<\/strong><br>Sexta-feira (18): das 17h \u00e0s 22h<br>S\u00e1bado (19): das 12h \u00e0s 22h<br>Domingo (20): das 12h \u00e0s 21h<\/p>\n\n\n\n<p><strong>Programa\u00e7\u00e3o de shows:<\/strong><\/p>\n\n\n\n<p><strong>Sexta-Feira (18\/07):<\/strong><br>19h \u2013 <em>Confisco<\/em> (Tributo a Charlie Brown Jr)<\/p>\n\n\n\n<p><strong>S\u00e1bado (19\/07):<\/strong><br>13h \u2013 <em>Leidy Medeiros<\/em><br>17h \u2013 <em>Bingo com brindes especiais<\/em><br>19h \u2013 <em>Kamila Lima<\/em><\/p>\n\n\n\n<p><strong>Domingo (20\/07):<\/strong><br>13h \u2013 <em>S\u00edlvio Rodrigo<\/em><br>16h \u2013 <em>Bingo com brindes especiais<\/em><br>18h \u2013 <em>Patr\u00edcia Ferrari e Gu Santana<\/em><\/p>\n","protected":false},"excerpt":{"rendered":"<p>Evento acontece de 18 a 20 de julho com entrada gratuita, barracas tem\u00e1ticas, espa\u00e7o kids e apresenta\u00e7\u00f5es musicais para toda a fam\u00edlia O clima de festa julina vai tomar conta do Shopping Parque das Bandeiras entre os dias 18 e 20 de julho com o tradicional Arrai\u00e1 do Ban. Com entrada gratuita, o evento promete [&hellip;]<\/p>\n","protected":false},"author":7,"featured_media":28064,"comment_status":"closed","ping_status":"open","sticky":false,"template":"","format":"standard","meta":{"rop_custom_images_group":[],"rop_custom_messages_group":[],"rop_publish_now":"initial","rop_publish_now_accounts":[],"rop_publish_now_history":[],"rop_publish_now_status":"pending","footnotes":""},"categories":[272],"tags":[],"class_list":["post-28063","post","type-post","status-publish","format-standard","has-post-thumbnail","hentry","category-campinas"],"amp_enabled":true,"_links":{"self":[{"href":"https:\/\/imais.online\/portal\/wp-json\/wp\/v2\/posts\/28063","targetHints":{"allow":["GET"]}}],"collection":[{"href":"https:\/\/imais.online\/portal\/wp-json\/wp\/v2\/posts"}],"about":[{"href":"https:\/\/imais.online\/portal\/wp-json\/wp\/v2\/types\/post"}],"author":[{"embeddable":true,"href":"https:\/\/imais.online\/portal\/wp-json\/wp\/v2\/users\/7"}],"replies":[{"embeddable":true,"href":"https:\/\/imais.online\/portal\/wp-json\/wp\/v2\/comments?post=28063"}],"version-history":[{"count":1,"href":"https:\/\/imais.online\/portal\/wp-json\/wp\/v2\/posts\/28063\/revisions"}],"predecessor-version":[{"id":28065,"href":"https:\/\/imais.online\/portal\/wp-json\/wp\/v2\/posts\/28063\/revisions\/28065"}],"wp:featuredmedia":[{"embeddable":true,"href":"https:\/\/imais.online\/portal\/wp-json\/wp\/v2\/media\/28064"}],"wp:attachment":[{"href":"https:\/\/imais.online\/portal\/wp-json\/wp\/v2\/media?parent=28063"}],"wp:term":[{"taxonomy":"category","embeddable":true,"href":"https:\/\/imais.online\/portal\/wp-json\/wp\/v2\/categories?post=28063"},{"taxonomy":"post_tag","embeddable":true,"href":"https:\/\/imais.online\/portal\/wp-json\/wp\/v2\/tags?post=28063"}],"curies":[{"name":"wp","href":"https:\/\/api.w.org\/{rel}","templated":true}]}}