{"id":28093,"date":"2025-07-17T09:39:12","date_gmt":"2025-07-17T12:39:12","guid":{"rendered":"https:\/\/imais.online\/portal\/?p=28093"},"modified":"2025-07-17T09:39:12","modified_gmt":"2025-07-17T12:39:12","slug":"8a-maratona-de-campinas-acontece-neste-domingo-com-recorde-de-inscritos-e-integra-aniversario-da-cidade","status":"publish","type":"post","link":"https:\/\/imais.online\/portal\/8a-maratona-de-campinas-acontece-neste-domingo-com-recorde-de-inscritos-e-integra-aniversario-da-cidade\/","title":{"rendered":"8\u00aa Maratona de Campinas acontece neste domingo com recorde de inscritos e integra anivers\u00e1rio da cidade"},"content":{"rendered":"<div class=\"imais-before-content-placement\" id=\"imais-3348482865\"><script async src=\"\/\/pagead2.googlesyndication.com\/pagead\/js\/adsbygoogle.js?client=ca-pub-8787528412751566\" crossorigin=\"anonymous\"><\/script><ins class=\"adsbygoogle\" style=\"display:block;\" data-ad-client=\"ca-pub-8787528412751566\" \ndata-ad-slot=\"\" \ndata-ad-format=\"auto\"><\/ins>\n<script> \n(adsbygoogle = window.adsbygoogle || []).push({}); \n<\/script>\n<\/div>\n<p class=\"has-text-align-center\">A prova, com largada programada para \u00e0s 6h30, ter\u00e1 a participa\u00e7\u00e3o de 2,5 mil atletas que se inscreveram nos 7km, 14km, 21km e 42km<\/p>\n\n\n\n<p>A 8\u00aa Maratona de Campinas ser\u00e1 neste domingo, 20 de julho, como parte da programa\u00e7\u00e3o oficial dos 251 anos de Campinas. O evento esportivo, que j\u00e1 se tornou tradi\u00e7\u00e3o na cidade, bateu recorde de participa\u00e7\u00e3o este ano, com 2.513 atletas inscritos.<\/p>\n\n\n\n<p>A largada est\u00e1 marcada para as 6h30, na Avenida Jos\u00e9 de Souza Campos (Norte-Sul), na altura do n\u00famero 1.300, no bairro Cambu\u00ed. A maratona conta com diferentes percursos, com dist\u00e2ncias de 7 km, 14 km, 21 km (meia maratona) e o trajeto completo de 42 km (maratona oficial).<\/p>\n\n\n\n<p><strong>Retirada dos kits para inscritos<\/strong><\/p>\n\n\n\n<p>A retirada dos kits para os corredores ser\u00e1 na sexta-feira e no s\u00e1bado, 18 e 19 de julho, das 10h \u00e0s 20h, no Shopping Iguatemi Campinas. O ponto de entrega ser\u00e1 ao lado da loja C&amp;A, no piso 1 do centro de compras. Os atletas que completarem a maratona receber\u00e3o uma camiseta finisher, item de reconhecimento pela prova conclu\u00edda. A prova \u00e9 organizada pela Prefeitura de Campinas, em parceria com a VTV SBT.<\/p>\n\n\n\n<p><strong>Campinas lidera n\u00famero de atletas inscritos<\/strong><\/p>\n\n\n\n<p>Os atletas campineiros s\u00e3o maioria entre os participantes, com 1.077 inscritos. O evento tamb\u00e9m atraiu corredores de diversas cidades da Regi\u00e3o Metropolitana e do Estado de S\u00e3o Paulo:<\/p>\n\n\n\n<p>\u2022 Valinhos: 80 atletas<\/p>\n\n\n\n<p>\u2022 S\u00e3o Paulo (capital): 64 atletas<\/p>\n\n\n\n<p>\u2022 Hortol\u00e2ndia: 57 atletas<\/p>\n\n\n\n<p>\u2022 Paul\u00ednia: 54 atletas<\/p>\n\n\n\n<p><br>Entre os destaques da competi\u00e7\u00e3o, 364 atletas ir\u00e3o disputar a maratona completa (42 km), enquanto a meia maratona (21 km) reunir\u00e1 659 corredores.<\/p>\n\n\n\n<p><br><strong>Estrutura<\/strong><\/p>\n\n\n\n<p>A corrida ser\u00e1 acompanhada por profissionais que atuar\u00e3o diretamente no suporte aos atletas participantes. Os vencedores das provas masculina e feminina, no percurso de 42 km, ganhar\u00e3o o pr\u00eamio de R$ 6 mil. Nos outros percursos, os cinco primeiros colocados receber\u00e3o trof\u00e9us e todos os que conclu\u00edrem a prova ganhar\u00e3o medalha personalizada.\u00a0<\/p>\n\n\n\n<p>A organiza\u00e7\u00e3o oferecer\u00e1 toda a estrutura de hidrata\u00e7\u00e3o e frutas. Profissionais da sa\u00fade tamb\u00e9m estar\u00e3o presentes para realizar o atendimento m\u00e9dico em caso de necessidade.<\/p>\n\n\n\n<p><br><strong>N\u00famero recorde de inscritos<\/strong><\/p>\n\n\n\n<p>O n\u00famero recorde de corredores refor\u00e7a a inten\u00e7\u00e3o da secretaria de Esportes e Lazer de projetar Campinas como um dos principais munic\u00edpios do pa\u00eds, na pr\u00e1tica da atividade f\u00edsica, utilizando a maratona como importante ferramenta para disseminar este desafio.<\/p>\n\n\n\n<p>\u201cO crescente interesse dos atletas em participar da Maratona de Campinas \u00e9 o reflexo da boa organiza\u00e7\u00e3o, da qualidade de excel\u00eancia que a prova apresenta no geral e o reconhecimento da import\u00e2ncia que o esporte tem na vida de todos n\u00f3s. Aliado ao aspecto t\u00e9cnico, tem a parte simb\u00f3lica do evento que integra o calend\u00e1rio das festividades do anivers\u00e1rio da cidade\u201d, afirmou Eduardo Moraes secret\u00e1rio de Esportes e Lazer em exerc\u00edcio.<br><br>O diretor Executivo da VTV SBT Marcus Mansur, organizador do evento, tamb\u00e9m falou sobre a for\u00e7a da Maratona de Campinas. \u201d\u00c9 uma honra para a VTV poder fazer parte da organiza\u00e7\u00e3o deste grandioso evento que se tornou a Maratona de Campinas. Nesta 8\u00aa edi\u00e7\u00e3o chegamos ao recorde de inscritos, isso mostra que al\u00e9m do atleta campineiro, a regi\u00e3o prestigia o evento na semana de anivers\u00e1rio da cidade. Importante refor\u00e7ar que as corridas de rua tem se tornado o esporte queridinho de grandes marcas locais e nacionais, neste ano mais de 12 empresas est\u00e3o apoiando o evento\u201d.<br><br>As inscri\u00e7\u00f5es foram feitas no site oficial da competi\u00e7\u00e3o:\u00a0<a href=\"https:\/\/minhasinscricoes.com.br\/Evento\/MaratonadeCampinas\">minhasinscricoes.com.br\/Evento\/MaratonadeCampinas<\/a>\u00a0. Os valores ficaram na faixa de R$ 165 a R$ 230 e ofereceram ao corredor a possibilidade de adquirir o kit de participa\u00e7\u00e3o, do b\u00e1sico ao premium.<br>\u00a0<\/p>\n\n\n\n<p><strong>Servi\u00e7o 8\u00aa Maratona de Campinas<\/strong><br><strong>Provas:<\/strong>\u00a07 km, 14 km, 21 km e 42 km<br><strong>Dia:<\/strong>\u00a020 de julho<br><strong>Local:<\/strong>\u00a0Avenida Jos\u00e9 de Sousa Campos (Norte Sul), n\u00ba 1300<br><strong>Largada:<\/strong>\u00a0\u00e0s 6h30<\/p>\n","protected":false},"excerpt":{"rendered":"<p>A prova, com largada programada para \u00e0s 6h30, ter\u00e1 a participa\u00e7\u00e3o de 2,5 mil atletas que se inscreveram nos 7km, 14km, 21km e 42km A 8\u00aa Maratona de Campinas ser\u00e1 neste domingo, 20 de julho, como parte da programa\u00e7\u00e3o oficial dos 251 anos de Campinas. O evento esportivo, que j\u00e1 se tornou tradi\u00e7\u00e3o na cidade, [&hellip;]<\/p>\n","protected":false},"author":7,"featured_media":28094,"comment_status":"closed","ping_status":"open","sticky":false,"template":"","format":"standard","meta":{"rop_custom_images_group":[],"rop_custom_messages_group":[],"rop_publish_now":"initial","rop_publish_now_accounts":[],"rop_publish_now_history":[],"rop_publish_now_status":"pending","footnotes":""},"categories":[272],"tags":[219],"class_list":["post-28093","post","type-post","status-publish","format-standard","has-post-thumbnail","hentry","category-campinas","tag-campinas"],"amp_enabled":true,"_links":{"self":[{"href":"https:\/\/imais.online\/portal\/wp-json\/wp\/v2\/posts\/28093","targetHints":{"allow":["GET"]}}],"collection":[{"href":"https:\/\/imais.online\/portal\/wp-json\/wp\/v2\/posts"}],"about":[{"href":"https:\/\/imais.online\/portal\/wp-json\/wp\/v2\/types\/post"}],"author":[{"embeddable":true,"href":"https:\/\/imais.online\/portal\/wp-json\/wp\/v2\/users\/7"}],"replies":[{"embeddable":true,"href":"https:\/\/imais.online\/portal\/wp-json\/wp\/v2\/comments?post=28093"}],"version-history":[{"count":1,"href":"https:\/\/imais.online\/portal\/wp-json\/wp\/v2\/posts\/28093\/revisions"}],"predecessor-version":[{"id":28095,"href":"https:\/\/imais.online\/portal\/wp-json\/wp\/v2\/posts\/28093\/revisions\/28095"}],"wp:featuredmedia":[{"embeddable":true,"href":"https:\/\/imais.online\/portal\/wp-json\/wp\/v2\/media\/28094"}],"wp:attachment":[{"href":"https:\/\/imais.online\/portal\/wp-json\/wp\/v2\/media?parent=28093"}],"wp:term":[{"taxonomy":"category","embeddable":true,"href":"https:\/\/imais.online\/portal\/wp-json\/wp\/v2\/categories?post=28093"},{"taxonomy":"post_tag","embeddable":true,"href":"https:\/\/imais.online\/portal\/wp-json\/wp\/v2\/tags?post=28093"}],"curies":[{"name":"wp","href":"https:\/\/api.w.org\/{rel}","templated":true}]}}