{"id":28096,"date":"2025-07-19T09:39:37","date_gmt":"2025-07-19T12:39:37","guid":{"rendered":"https:\/\/imais.online\/portal\/?p=28096"},"modified":"2025-07-17T09:43:10","modified_gmt":"2025-07-17T12:43:10","slug":"campinas-regulamenta-horario-especial-de-funcionamento-para-comercio-e-servicos","status":"publish","type":"post","link":"https:\/\/imais.online\/portal\/campinas-regulamenta-horario-especial-de-funcionamento-para-comercio-e-servicos\/","title":{"rendered":"Campinas regulamenta hor\u00e1rio especial de funcionamento para com\u00e9rcio e servi\u00e7os"},"content":{"rendered":"<div class=\"imais-before-content-placement\" id=\"imais-3663322552\"><script async src=\"\/\/pagead2.googlesyndication.com\/pagead\/js\/adsbygoogle.js?client=ca-pub-8787528412751566\" crossorigin=\"anonymous\"><\/script><ins class=\"adsbygoogle\" style=\"display:block;\" data-ad-client=\"ca-pub-8787528412751566\" \ndata-ad-slot=\"\" \ndata-ad-format=\"auto\"><\/ins>\n<script> \n(adsbygoogle = window.adsbygoogle || []).push({}); \n<\/script>\n<\/div>\n<p class=\"has-text-align-center\">Novo decreto detalha condi\u00e7\u00f5es para empresas funcionarem al\u00e9m do hor\u00e1rio padr\u00e3o das 7h \u00e0s 22h; classifica\u00e7\u00e3o divide empresas entre as que causam baixa, m\u00e9dia ou alta incomodidade<\/p>\n\n\n\n<p>A Prefeitura de Campinas publicou na ter\u00e7a-feira,\u00a015 de julho, o Decreto 23.955, que regulamenta o funcionamento em hor\u00e1rio especial de estabelecimentos comerciais, de servi\u00e7os, institucionais e industriais instalados na cidade. Com a mudan\u00e7a, estabelecimentos de baixo incomodidade poder\u00e3o funcionar durante a madrugada ou 24 horas em Campinas (saiba mais abaixo).<\/p>\n\n\n\n<p>O novo texto substitui o Decreto n\u00ba 22.242\/2022 e detalha as condi\u00e7\u00f5es para que empresas operem al\u00e9m do hor\u00e1rio padr\u00e3o das 7h \u00e0s 22h, ou seja, de madrugada, respeitando normas ambientais, de seguran\u00e7a e de incomodidade urbana. Vale destacar que para funcionar \u00e9 preciso fazer a solicita\u00e7\u00e3o junto a Administra\u00e7\u00e3o &#8211;&nbsp; veja mais abaixo.<br>&nbsp;<\/p>\n\n\n\n<p><strong>Entenda a classifica\u00e7\u00e3o por grau de incomodidade\u00a0<\/strong><\/p>\n\n\n\n<p>Com foco em assegurar o sossego p\u00fablico, o novo decreto estabelece uma classifica\u00e7\u00e3o dos estabelecimentos conforme o grau de incomodidade (baixa, m\u00e9dia e alta) e o tipo de atividade (varejo, atacado, servi\u00e7os, institui\u00e7\u00f5es e ind\u00fastrias).<\/p>\n\n\n\n<p>\u201cA principal mudan\u00e7a introduzida pelo novo decreto \u00e9 justamente a distin\u00e7\u00e3o entre os n\u00edveis de incomodidade das atividades \u2014 classificadas em baixa, m\u00e9dia e alta. Essa diferencia\u00e7\u00e3o tem como objetivo conciliar o exerc\u00edcio das atividades comerciais e o desenvolvimento econ\u00f4mico com o bem-estar social dos moradores do entorno, evitando que atividades com alto potencial de incomodidade provoquem impactos negativos na qualidade de vida dos moradores pr\u00f3ximos\u201d, explicou Monna Hamssi Taha De Divitiis, secret\u00e1ria de Urbanismo em exerc\u00edcio.<br>&nbsp;<\/p>\n\n\n\n<p><strong>A classifica\u00e7\u00e3o \u00e9 organizada da seguinte forma:<\/strong><br><br>\u00a0 \u00a0\u00a0\u2022\u00a0 \u00a0 Atividades de Baixa Incomodidade (BI): incluem Com\u00e9rcio Varejista (CVBI), Com\u00e9rcio Atacadista (CABI), Servi\u00e7os (SBI), Institui\u00e7\u00f5es (EBI) e Ind\u00fastrias (IBI).<br>\u00a0 \u00a0\u00a0\u2022\u00a0 \u00a0 Atividades de M\u00e9dia Incomodidade (MI): englobam Com\u00e9rcio Varejista (CVMI), Com\u00e9rcio Atacadista (CAMI), Servi\u00e7os (SMI), Institui\u00e7\u00f5es (EMI) e Ind\u00fastrias (IMI).<br>\u00a0 \u00a0\u00a0\u2022\u00a0 \u00a0 Atividades de Alta Incomodidade (AI): compreendem Com\u00e9rcio Varejista (CVAI), Servi\u00e7os (SAI), Com\u00e9rcio Atacadista (CAAI), Ind\u00fastrias (IAI) e Institui\u00e7\u00f5es (EAI).<\/p>\n\n\n\n<p>\u201cAs empresas j\u00e1 sabem o seu CNAE (Classifica\u00e7\u00e3o Nacional de Atividades Econ\u00f4micas) e com ela conseguem consultar, nesse novo decreto, em qual grau de incomodidade se encaixam. Mas a informa\u00e7\u00e3o tamb\u00e9m pode ser consultada no sistema de zoneamento online da Prefeitura de Campinas\u201d, afirmou Monna.<\/p>\n\n\n\n<p>Os MEI tamb\u00e9m poder\u00e3o funcionar em hor\u00e1rio especial, inclusive ap\u00f3s \u00e0s 22h, desde que possuam Certificado de Licenciamento Integrado (CLI) ou Alvar\u00e1 de Uso v\u00e1lidos. &#8220;Al\u00e9m disso \u00e9 preciso que observem as demais normas municipais aplic\u00e1veis, inclusive os limites de emiss\u00e3o sonora estabelecidos na ABNT NBR 10151 e nos regulamentos correlatos&#8221;, ponderou.<br>&nbsp;<\/p>\n\n\n\n<p><strong>Veja a documenta\u00e7\u00e3o exigida para funcionamento noturno<\/strong><br>&nbsp;<\/p>\n\n\n\n<p>Estabelecimentos que desejam operar em hor\u00e1rio especial dever\u00e3o apresentar \u00e0 Prefeitura:<br><br>&nbsp; &nbsp;&nbsp;\u2022&nbsp; &nbsp; Certificado de Licenciamento Integrado (CLI) ou Alvar\u00e1 de Uso;<br>&nbsp; &nbsp;&nbsp;\u2022&nbsp; &nbsp; Laudos t\u00e9cnicos sobre seguran\u00e7a da edifica\u00e7\u00e3o e instala\u00e7\u00f5es;<br>&nbsp; &nbsp;&nbsp;\u2022&nbsp; &nbsp; AVCB dos Bombeiros;<br>&nbsp; &nbsp;&nbsp;\u2022&nbsp; &nbsp; Laudo ac\u00fastico (para casas com m\u00fasica ao vivo);<br>&nbsp; &nbsp;&nbsp;\u2022&nbsp; &nbsp; Projeto ac\u00fastico e memorial descritivo;<br>&nbsp; &nbsp;&nbsp;\u2022&nbsp; &nbsp; Laudo de capacidade de p\u00fablico (quando aplic\u00e1vel);<br>&nbsp; &nbsp;&nbsp;\u2022&nbsp; &nbsp; Termo de quita\u00e7\u00e3o do Estudo de Impacto de Vizinhan\u00e7a (EIV), se exigido.<br><br>Para locais de entretenimento, o decreto determina que portas e janelas permane\u00e7am fechadas durante o funcionamento e pro\u00edbe o uso de \u00e1reas abertas que favore\u00e7am a propaga\u00e7\u00e3o de som, como varandas e terra\u00e7os.<br>&nbsp;<\/p>\n\n\n\n<p><strong>Fiscaliza\u00e7\u00e3o e penalidades<\/strong><br>&nbsp;<\/p>\n\n\n\n<p>A Guarda Municipal e a Secretaria Municipal de Urbanismo (Semurb) ser\u00e3o respons\u00e1veis pela fiscaliza\u00e7\u00e3o e aplica\u00e7\u00e3o de san\u00e7\u00f5es. Em caso de irregularidades, o decreto prev\u00ea:<br><br>\u00a0 \u00a0\u00a0\u2022\u00a0 \u00a0 Intima\u00e7\u00e3o com prazo de cinco dias para corre\u00e7\u00f5es;<br>\u00a0 \u00a0\u00a0\u2022\u00a0 \u00a0 Multa e poss\u00edvel interdi\u00e7\u00e3o;<br>\u00a0 \u00a0\u00a0\u2022\u00a0 \u00a0 Cassa\u00e7\u00e3o do alvar\u00e1 e lacra\u00e7\u00e3o do estabelecimento em casos mais graves.<br>\u00a0O texto mant\u00e9m a validade das penalidades previstas na Lei n\u00ba 14.011\/2011, que trata das infra\u00e7\u00f5es urban\u00edsticas e ambientais no munic\u00edpio.<br><\/p>\n\n\n\n<p><strong>Locais com funcionamento liberado 24h<\/strong><br><br>Alguns tipos de estabelecimento j\u00e1 possuem libera\u00e7\u00e3o autom\u00e1tica para operar em hor\u00e1rio especial, como:<br><br>\u00a0 \u00a0\u00a0\u2022\u00a0 \u00a0 Aeroportos, rodovi\u00e1rias e esta\u00e7\u00f5es ferrovi\u00e1rias;<br>\u00a0 \u00a0\u00a0\u2022\u00a0 \u00a0 Hospitais e unidades de sa\u00fade;<br>\u00a0 \u00a0\u00a0\u2022\u00a0 \u00a0 Hot\u00e9is, mot\u00e9is e pousadas.<\/p>\n","protected":false},"excerpt":{"rendered":"<p>Novo decreto detalha condi\u00e7\u00f5es para empresas funcionarem al\u00e9m do hor\u00e1rio padr\u00e3o das 7h \u00e0s 22h; classifica\u00e7\u00e3o divide empresas entre as que causam baixa, m\u00e9dia ou alta incomodidade A Prefeitura de Campinas publicou na ter\u00e7a-feira,\u00a015 de julho, o Decreto 23.955, que regulamenta o funcionamento em hor\u00e1rio especial de estabelecimentos comerciais, de servi\u00e7os, institucionais e industriais instalados [&hellip;]<\/p>\n","protected":false},"author":7,"featured_media":28097,"comment_status":"closed","ping_status":"open","sticky":false,"template":"","format":"standard","meta":{"rop_custom_images_group":[],"rop_custom_messages_group":[],"rop_publish_now":"initial","rop_publish_now_accounts":[],"rop_publish_now_history":[],"rop_publish_now_status":"pending","footnotes":""},"categories":[272],"tags":[],"class_list":["post-28096","post","type-post","status-publish","format-standard","has-post-thumbnail","hentry","category-campinas"],"amp_enabled":true,"_links":{"self":[{"href":"https:\/\/imais.online\/portal\/wp-json\/wp\/v2\/posts\/28096","targetHints":{"allow":["GET"]}}],"collection":[{"href":"https:\/\/imais.online\/portal\/wp-json\/wp\/v2\/posts"}],"about":[{"href":"https:\/\/imais.online\/portal\/wp-json\/wp\/v2\/types\/post"}],"author":[{"embeddable":true,"href":"https:\/\/imais.online\/portal\/wp-json\/wp\/v2\/users\/7"}],"replies":[{"embeddable":true,"href":"https:\/\/imais.online\/portal\/wp-json\/wp\/v2\/comments?post=28096"}],"version-history":[{"count":1,"href":"https:\/\/imais.online\/portal\/wp-json\/wp\/v2\/posts\/28096\/revisions"}],"predecessor-version":[{"id":28098,"href":"https:\/\/imais.online\/portal\/wp-json\/wp\/v2\/posts\/28096\/revisions\/28098"}],"wp:featuredmedia":[{"embeddable":true,"href":"https:\/\/imais.online\/portal\/wp-json\/wp\/v2\/media\/28097"}],"wp:attachment":[{"href":"https:\/\/imais.online\/portal\/wp-json\/wp\/v2\/media?parent=28096"}],"wp:term":[{"taxonomy":"category","embeddable":true,"href":"https:\/\/imais.online\/portal\/wp-json\/wp\/v2\/categories?post=28096"},{"taxonomy":"post_tag","embeddable":true,"href":"https:\/\/imais.online\/portal\/wp-json\/wp\/v2\/tags?post=28096"}],"curies":[{"name":"wp","href":"https:\/\/api.w.org\/{rel}","templated":true}]}}