{"id":28099,"date":"2025-07-18T09:48:48","date_gmt":"2025-07-18T12:48:48","guid":{"rendered":"https:\/\/imais.online\/portal\/?p=28099"},"modified":"2025-07-17T09:50:13","modified_gmt":"2025-07-17T12:50:13","slug":"1o-arraia-de-itu-tera-o-maior-quentao-do-mundo","status":"publish","type":"post","link":"https:\/\/imais.online\/portal\/1o-arraia-de-itu-tera-o-maior-quentao-do-mundo\/","title":{"rendered":"1\u00ba Arrai\u00e1 de Itu ter\u00e1 o Maior Quent\u00e3o do Mundo"},"content":{"rendered":"<div class=\"imais-before-content-placement\" id=\"imais-1797864492\"><script async src=\"\/\/pagead2.googlesyndication.com\/pagead\/js\/adsbygoogle.js?client=ca-pub-8787528412751566\" crossorigin=\"anonymous\"><\/script><ins class=\"adsbygoogle\" style=\"display:block;\" data-ad-client=\"ca-pub-8787528412751566\" \ndata-ad-slot=\"\" \ndata-ad-format=\"auto\"><\/ins>\n<script> \n(adsbygoogle = window.adsbygoogle || []).push({}); \n<\/script>\n<\/div>\n<p>Uma das atra\u00e7\u00f5es do 1\u00ba Arrai\u00e1 de Itu, que ocorre nos pr\u00f3ximos dias 19 e 20 de julho, a partir das 15h, ser\u00e1 o Maior Quent\u00e3o do Mundo. O 1\u00ba Arrai\u00e1 de Itu ser\u00e1 realizado pela Prefeitura, por meio da Secretaria Municipal de Cultura e do Patrim\u00f4nio Hist\u00f3rico, na Pra\u00e7a Washington Luiz, s\/n\u00ba, Vila Nova.<\/p>\n\n\n\n<p>O Maior Quent\u00e3o do Mundo, que \u00e9 de Itu e foi idealizado pela Cacha\u00e7aria Ituana, estar\u00e1 \u00e0 venda no 1\u00ba Arrai\u00e1 de Itu em copos e tamb\u00e9m em garrafas edi\u00e7\u00e3o especial (50 unidades), uma op\u00e7\u00e3o para levar o quent\u00e3o para ser consumido em casa. O p\u00fablico poder\u00e1 aproveitar o Lounge da Ituana, conhecer e degustar produtos da marca, e fazer fotos junto ao tonel de inox com capacidade de 1.200 litros e identidade do Maior Quent\u00e3o do Mundo.<\/p>\n\n\n\n<p>Para o Maior Quent\u00e3o do Mundo ser\u00e3o utilizados entre 150 e 200 litros de cacha\u00e7a, em torno de 250 quilos de a\u00e7\u00facar, de 30 a 50 quilos de lim\u00e3o e a mesma quantidade de laranjas frescas, e \u00e1gua. Com essa quantidade de ingredientes ser\u00e3o totalizados mais de 1.000 litros de quent\u00e3o.<\/p>\n\n\n\n<p>Al\u00e9m do ambiente receber decora\u00e7\u00e3o especial, o 1\u00ba Arrai\u00e1 de Itu ter\u00e1 uma Vila Gastron\u00f4mica com o que h\u00e1 de melhor na culin\u00e1ria junina, uma excelente op\u00e7\u00e3o de almo\u00e7o para as fam\u00edlias. Haver\u00e1 ainda quadrilha, brincadeiras juninas e parquinho tem\u00e1tico. O evento, que conta com apoio de Chopp Fast, Top Solution Eventos e Cacha\u00e7aria Ituana, tem como objetivo resgatar a tradi\u00e7\u00e3o caipira.<\/p>\n\n\n\n<p>Confira a programa\u00e7\u00e3o completa:<\/p>\n\n\n\n<p><strong>S\u00e1bado (19\/07):<\/strong><\/p>\n\n\n\n<ul class=\"wp-block-list\">\n<li>15h \u2013 Abertura da Vila Gastron\u00f4mica com m\u00fasica ao vivo<\/li>\n\n\n\n<li>15h \u2013 Trio da Terra (Vila Gastron\u00f4mica)<\/li>\n\n\n\n<li>17h \u2013 Brincadeiras Juninas<\/li>\n\n\n\n<li>18h \u2013 Quadrilha Hit Mania (aberto ao p\u00fablico): chame seu par e participe do casamento na ro\u00e7a \u2013 venha a car\u00e1ter<\/li>\n\n\n\n<li>19h \u2013 N\u00facleo Arte em Movimento \u2013 Espet\u00e1culo: No cora\u00e7\u00e3o do Arrai\u00e1 \u2013 Dire\u00e7\u00e3o e Coreografia por Francisco Amante<\/li>\n\n\n\n<li>19h30 \u2013 Cantora Teka<\/li>\n\n\n\n<li>21h \u2013 Banda da Feira<\/li>\n<\/ul>\n\n\n\n<p><strong>Domingo (20\/07):<\/strong><\/p>\n\n\n\n<ul class=\"wp-block-list\">\n<li>13h \u2013 Abertura da Vila Gastron\u00f4mica \u2013 venham almo\u00e7ar no nosso Arrai\u00e1 \u2013 comidas t\u00edpicas nordestinas<\/li>\n\n\n\n<li>13h \u2013 Dill da Viola e Silas Rodrigues<\/li>\n\n\n\n<li>16h \u2013 Brincadeiras Juninas<\/li>\n\n\n\n<li>17h \u2013 Concurso da Princesa e Pr\u00edncipe do Arrai\u00e1 \u2013 Desfile das crian\u00e7as \u2013 venham a car\u00e1ter<\/li>\n\n\n\n<li>17h30 \u2013 Concurso da Rainha e do Rei do Arrai\u00e1 \u2013 Desfile dos adultos \u2013 venham a car\u00e1ter<\/li>\n\n\n\n<li>18h \u2013 Quadrilha Hit Mania (aberto ao p\u00fablico) \u2013 chame seu par e participe do casamento na ro\u00e7a, venha a car\u00e1ter<\/li>\n\n\n\n<li>19h \u2013 Thalisson e Thiago<\/li>\n\n\n\n<li>20h30 \u2013 Jill Reis<\/li>\n<\/ul>\n","protected":false},"excerpt":{"rendered":"<p>Uma das atra\u00e7\u00f5es do 1\u00ba Arrai\u00e1 de Itu, que ocorre nos pr\u00f3ximos dias 19 e 20 de julho, a partir das 15h, ser\u00e1 o Maior Quent\u00e3o do Mundo. O 1\u00ba Arrai\u00e1 de Itu ser\u00e1 realizado pela Prefeitura, por meio da Secretaria Municipal de Cultura e do Patrim\u00f4nio Hist\u00f3rico, na Pra\u00e7a Washington Luiz, s\/n\u00ba, Vila Nova. [&hellip;]<\/p>\n","protected":false},"author":7,"featured_media":28100,"comment_status":"closed","ping_status":"open","sticky":false,"template":"","format":"standard","meta":{"rop_custom_images_group":[],"rop_custom_messages_group":[],"rop_publish_now":"initial","rop_publish_now_accounts":[],"rop_publish_now_history":[],"rop_publish_now_status":"pending","footnotes":""},"categories":[271],"tags":[73],"class_list":["post-28099","post","type-post","status-publish","format-standard","has-post-thumbnail","hentry","category-itu","tag-featured"],"amp_enabled":true,"_links":{"self":[{"href":"https:\/\/imais.online\/portal\/wp-json\/wp\/v2\/posts\/28099","targetHints":{"allow":["GET"]}}],"collection":[{"href":"https:\/\/imais.online\/portal\/wp-json\/wp\/v2\/posts"}],"about":[{"href":"https:\/\/imais.online\/portal\/wp-json\/wp\/v2\/types\/post"}],"author":[{"embeddable":true,"href":"https:\/\/imais.online\/portal\/wp-json\/wp\/v2\/users\/7"}],"replies":[{"embeddable":true,"href":"https:\/\/imais.online\/portal\/wp-json\/wp\/v2\/comments?post=28099"}],"version-history":[{"count":1,"href":"https:\/\/imais.online\/portal\/wp-json\/wp\/v2\/posts\/28099\/revisions"}],"predecessor-version":[{"id":28101,"href":"https:\/\/imais.online\/portal\/wp-json\/wp\/v2\/posts\/28099\/revisions\/28101"}],"wp:featuredmedia":[{"embeddable":true,"href":"https:\/\/imais.online\/portal\/wp-json\/wp\/v2\/media\/28100"}],"wp:attachment":[{"href":"https:\/\/imais.online\/portal\/wp-json\/wp\/v2\/media?parent=28099"}],"wp:term":[{"taxonomy":"category","embeddable":true,"href":"https:\/\/imais.online\/portal\/wp-json\/wp\/v2\/categories?post=28099"},{"taxonomy":"post_tag","embeddable":true,"href":"https:\/\/imais.online\/portal\/wp-json\/wp\/v2\/tags?post=28099"}],"curies":[{"name":"wp","href":"https:\/\/api.w.org\/{rel}","templated":true}]}}