{"id":28155,"date":"2025-07-21T10:06:00","date_gmt":"2025-07-21T13:06:00","guid":{"rendered":"https:\/\/imais.online\/portal\/?p=28155"},"modified":"2025-07-20T20:09:19","modified_gmt":"2025-07-20T23:09:19","slug":"itu-ja-se-prepara-para-receber-gigantes-da-musica-brasileira-em-festival-a-altura-da-fama-da-cidade","status":"publish","type":"post","link":"https:\/\/imais.online\/portal\/itu-ja-se-prepara-para-receber-gigantes-da-musica-brasileira-em-festival-a-altura-da-fama-da-cidade\/","title":{"rendered":"Itu j\u00e1 se prepara para receber \u2018gigantes\u2019 da m\u00fasica brasileira em festival \u00e0 altura da fama da cidade"},"content":{"rendered":"<div class=\"imais-before-content-placement\" id=\"imais-2625371822\"><script async src=\"\/\/pagead2.googlesyndication.com\/pagead\/js\/adsbygoogle.js?client=ca-pub-8787528412751566\" crossorigin=\"anonymous\"><\/script><ins class=\"adsbygoogle\" style=\"display:block;\" data-ad-client=\"ca-pub-8787528412751566\" \ndata-ad-slot=\"\" \ndata-ad-format=\"auto\"><\/ins>\n<script> \n(adsbygoogle = window.adsbygoogle || []).push({}); \n<\/script>\n<\/div>\n<p class=\"has-text-align-center\"><em>Com Jorge &amp; Mateus, Z\u00e9 Neto &amp; Cristiano, Alok e Thiaguinho entre as atra\u00e7\u00f5es, Rodeio Itu Festival ser\u00e1 realizado de 05 a 13 de setembro, refor\u00e7ando a sua posi\u00e7\u00e3o entre os cinco maiores eventos do pa\u00eds<\/em><\/p>\n\n\n\n<p>A montagem da estrutura de um dos cinco maiores festivais sertanejos do pa\u00eds j\u00e1 teve in\u00edcio. O Rodeio Itu Festival, que comemora 19 anos em 2025, refor\u00e7a a fama de Itu como a \u201cTerra das coisas gigantes\u201d ao reunir \u00edcones da m\u00fasica nacional, como Jorge &amp; Mateus, Z\u00e9 Neto &amp; Cristiano, Alok e Thiaguinho. O evento ser\u00e1 realizado na Arena Itu, a 80 quil\u00f4metros da capital paulista, entre os dias 05 e 13 de setembro.<\/p>\n\n\n\n<p>A programa\u00e7\u00e3o musical ter\u00e1 in\u00edcio na sexta-feira, 05 de setembro, com os shows de Ana Castela e Alok. No s\u00e1bado, 06 de setembro, v\u00e9spera de feriado nacional, o p\u00fablico poder\u00e1 curtir Z\u00e9 Neto &amp; Cristiano e Luan Santana. J\u00e1 na sexta-feira, 12 de setembro, Bruno &amp; Marrone e Thiaguinho subir\u00e3o ao palco. O encerramento, no s\u00e1bado, 13 de setembro, ser\u00e1 com Jorge &amp; Mateus e Guilherme &amp; Benuto.<\/p>\n\n\n\n<p>A apresenta\u00e7\u00e3o de Jorge &amp; Mateus, inclusive, est\u00e1 entre as mais aguardadas, j\u00e1 que ela faz parte da turn\u00ea de 20 anos da dupla. A celebra\u00e7\u00e3o marca um momento especial da carreira dos artistas, que dever\u00e3o realizar uma breve pausa na carreira ap\u00f3s essa s\u00e9rie de shows.<\/p>\n\n\n\n<p>O evento tamb\u00e9m promete uma experi\u00eancia marcante ao unir m\u00fasica de qualidade com a atmosfera acolhedora e vibrante de Itu. Herculano Neto, CEO da NLN Eventos e idealizador do festival, destaca que a curadoria musical foi pensada para contemplar um p\u00fablico diverso, oriundo de v\u00e1rias regi\u00f5es do Estado e do pa\u00eds. \u201cO nosso slogan, \u2018Onde todo mundo se encontra\u2019, traduz bem o esp\u00edrito da festa. A arena se transforma em um verdadeiro ponto de encontro, reunindo desde adolescentes e fam\u00edlias com crian\u00e7as at\u00e9 jovens e idosos &#8211; todos com um interesse comum: a paix\u00e3o pela m\u00fasica brasileira\u201d, complementa.<\/p>\n\n\n\n<p>Al\u00e9m disso, pelo quarto ano consecutivo, o festival n\u00e3o contar\u00e1 com montarias em touros. A decis\u00e3o reflete o foco do evento na m\u00fasica e na experi\u00eancia do p\u00fablico. O Rodeio Itu tamb\u00e9m \u00e9 pioneiro, no Brasil, na neutraliza\u00e7\u00e3o de carbono, adotando pr\u00e1ticas sustent\u00e1veis para reduzir o impacto ambiental das suas opera\u00e7\u00f5es.<\/p>\n\n\n\n<p><strong>Estrutura e novidades<\/strong><\/p>\n\n\n\n<p>Al\u00e9m do line-up \u201cde peso\u201d, o Rodeio Itu Festival tamb\u00e9m dever\u00e1 surpreender com inova\u00e7\u00f5es na estrutura. A edi\u00e7\u00e3o de 2025 trar\u00e1 novidades na arena e no palco, que contar\u00e1 com ainda mais pain\u00e9is de LED para enriquecer a experi\u00eancia visual dos shows.<\/p>\n\n\n\n<p>Os setores, por sua vez, seguir\u00e3o com propostas diferenciadas. O Backstage, por exemplo, oferecer\u00e1 open bar e open food, possibilidade de assistir aos shows ao lado dos artistas e acesso a todos os setores da festa. Outros destaques ser\u00e3o o Prime (open bar e vis\u00e3o privilegiada do palco), o Corporativo (espa\u00e7o personaliz\u00e1vel com acesso pelo hall VIP) e o \u00danico (afters com grandes nomes do cen\u00e1rio nacional, \u00e2ngulo especial para assistir \u00e0s apresenta\u00e7\u00f5es e pra\u00e7a gastron\u00f4mica).<\/p>\n\n\n\n<p>O evento contar\u00e1, ainda, com provas dos tr\u00eas tambores, brinquedos e a tradicional pra\u00e7a de alimenta\u00e7\u00e3o, com variedades para todos os gostos.<\/p>\n\n\n\n<p>Na comunica\u00e7\u00e3o, a novidade \u00e9 o mascote oficial da festa, o Estrelitu, j\u00e1 presente em diversas a\u00e7\u00f5es promocionais do festival. \u201cA chegada do Estrelitu traz ainda mais alegria e identidade para a nossa comunica\u00e7\u00e3o. Paralelamente, n\u00f3s seguimos trabalhando em cada detalhe para que esta edi\u00e7\u00e3o seja a melhor de todas. A qualidade da m\u00fasica, a seguran\u00e7a, a estrutura e o conforto do p\u00fablico s\u00e3o as nossas prioridades\u201d, acrescenta Herculano.<\/p>\n\n\n\n<p>Os ingressos j\u00e1 est\u00e3o dispon\u00edveis no site oficial.&nbsp;<\/p>\n\n\n\n<p><strong><u>Programa\u00e7\u00e3o<\/u><\/strong><\/p>\n\n\n\n<p>05.09 (sexta-feira): Ana Castela e Alok<\/p>\n\n\n\n<p>06.09 (s\u00e1bado, v\u00e9spera de feriado nacional): Z\u00e9 Neto &amp; Cristiano e Luan Santana<\/p>\n\n\n\n<p>12.09 (sexta-feira): Bruno &amp; Marrone e Thiaguinho<\/p>\n\n\n\n<p>13.09 (s\u00e1bado): Jorge &amp; Mateus e Guilherme &amp; Benuto<\/p>\n\n\n\n<p><strong><u>Servi\u00e7o<\/u><\/strong><\/p>\n\n\n\n<p>Site:&nbsp;<a href=\"http:\/\/www.rodeioitu.com.br\/\" target=\"_blank\" rel=\"noreferrer noopener\">www.rodeioitu.com.br<\/a><\/p>\n\n\n\n<p>Redes sociais: @rodeioitu (Tik Tok, Instagram, Facebook e YouTube)<\/p>\n\n\n\n<p>Contato: (11) 2429-1414 ou (11) 98163-4820 (WhatsApp)<\/p>\n","protected":false},"excerpt":{"rendered":"<p>Com Jorge &amp; Mateus, Z\u00e9 Neto &amp; Cristiano, Alok e Thiaguinho entre as atra\u00e7\u00f5es, Rodeio Itu Festival ser\u00e1 realizado de 05 a 13 de setembro, refor\u00e7ando a sua posi\u00e7\u00e3o entre os cinco maiores eventos do pa\u00eds A montagem da estrutura de um dos cinco maiores festivais sertanejos do pa\u00eds j\u00e1 teve in\u00edcio. O Rodeio Itu [&hellip;]<\/p>\n","protected":false},"author":7,"featured_media":28156,"comment_status":"closed","ping_status":"open","sticky":false,"template":"","format":"standard","meta":{"rop_custom_images_group":[],"rop_custom_messages_group":[],"rop_publish_now":"initial","rop_publish_now_accounts":[],"rop_publish_now_history":[],"rop_publish_now_status":"pending","footnotes":""},"categories":[271],"tags":[],"class_list":["post-28155","post","type-post","status-publish","format-standard","has-post-thumbnail","hentry","category-itu"],"amp_enabled":true,"_links":{"self":[{"href":"https:\/\/imais.online\/portal\/wp-json\/wp\/v2\/posts\/28155","targetHints":{"allow":["GET"]}}],"collection":[{"href":"https:\/\/imais.online\/portal\/wp-json\/wp\/v2\/posts"}],"about":[{"href":"https:\/\/imais.online\/portal\/wp-json\/wp\/v2\/types\/post"}],"author":[{"embeddable":true,"href":"https:\/\/imais.online\/portal\/wp-json\/wp\/v2\/users\/7"}],"replies":[{"embeddable":true,"href":"https:\/\/imais.online\/portal\/wp-json\/wp\/v2\/comments?post=28155"}],"version-history":[{"count":2,"href":"https:\/\/imais.online\/portal\/wp-json\/wp\/v2\/posts\/28155\/revisions"}],"predecessor-version":[{"id":28158,"href":"https:\/\/imais.online\/portal\/wp-json\/wp\/v2\/posts\/28155\/revisions\/28158"}],"wp:featuredmedia":[{"embeddable":true,"href":"https:\/\/imais.online\/portal\/wp-json\/wp\/v2\/media\/28156"}],"wp:attachment":[{"href":"https:\/\/imais.online\/portal\/wp-json\/wp\/v2\/media?parent=28155"}],"wp:term":[{"taxonomy":"category","embeddable":true,"href":"https:\/\/imais.online\/portal\/wp-json\/wp\/v2\/categories?post=28155"},{"taxonomy":"post_tag","embeddable":true,"href":"https:\/\/imais.online\/portal\/wp-json\/wp\/v2\/tags?post=28155"}],"curies":[{"name":"wp","href":"https:\/\/api.w.org\/{rel}","templated":true}]}}