{"id":28165,"date":"2025-07-21T10:50:15","date_gmt":"2025-07-21T13:50:15","guid":{"rendered":"https:\/\/imais.online\/portal\/?p=28165"},"modified":"2025-07-21T10:50:15","modified_gmt":"2025-07-21T13:50:15","slug":"estudo-identifica-proteinas-envolvidas-na-eficacia-de-imunoterapia-usada-contra-cancer-no-sangue","status":"publish","type":"post","link":"https:\/\/imais.online\/portal\/estudo-identifica-proteinas-envolvidas-na-eficacia-de-imunoterapia-usada-contra-cancer-no-sangue\/","title":{"rendered":"Estudo identifica prote\u00ednas envolvidas na efic\u00e1cia de imunoterapia usada contra c\u00e2ncer no sangue"},"content":{"rendered":"<div class=\"imais-before-content-placement\" id=\"imais-1718709077\"><script async src=\"\/\/pagead2.googlesyndication.com\/pagead\/js\/adsbygoogle.js?client=ca-pub-8787528412751566\" crossorigin=\"anonymous\"><\/script><ins class=\"adsbygoogle\" style=\"display:block;\" data-ad-client=\"ca-pub-8787528412751566\" \ndata-ad-slot=\"\" \ndata-ad-format=\"auto\"><\/ins>\n<script> \n(adsbygoogle = window.adsbygoogle || []).push({}); \n<\/script>\n<\/div>\n<p class=\"has-text-align-center\">Pesquisadores do Centro de Terapia Celular da USP encontraram 14 prote\u00ednas que podem ser alvos para aprimorar terapias \u00e0 base de c\u00e9lulas CAR-T<\/p>\n\n\n\n<p>Estudo conduzido por pesquisadores do\u00a0Centro de Terapia Celular\u00a0(CTC) destaca prote\u00ednas-chave e vias de sinaliza\u00e7\u00e3o envolvidas na efic\u00e1cia de uma imunoterapia \u00e0 base de c\u00e9lulas CAR-T (linf\u00f3citos modificados em laborat\u00f3rio para combater o c\u00e2ncer).<\/p>\n\n\n\n<p>O CTC \u00e9 um Centro de Pesquisa, Inova\u00e7\u00e3o e Difus\u00e3o (CEPID) da FAPESP sediado na Faculdade de Medicina de Ribeir\u00e3o Preto da Universidade de S\u00e3o Paulo (FMRP-USP).<\/p>\n\n\n\n<p>A pesquisa,\u00a0publicada\u00a0no\u00a0<em>Journal of Proteome Research<\/em>, foi conduzida por\u00a0John Oluwafemi Teibo, doutorando na FMRP-USP e\u00a0bolsista da FAPESP, sob a orienta\u00e7\u00e3o do professor\u00a0Vitor Fa\u00e7a.<\/p>\n\n\n\n<p>\u201cA terapia celular CAR-T \u00e9 inovadora e trouxe um avan\u00e7o incr\u00edvel contra doen\u00e7as hematol\u00f3gicas. Existem muitas constru\u00e7\u00f5es de c\u00e9lulas CAR-T em aprova\u00e7\u00e3o para uso cl\u00ednico. Mas n\u00e3o entendemos completamente como funcionam em termos de mecanismos moleculares, quais s\u00e3o as vias de sinaliza\u00e7\u00e3o e os efetores moleculares envolvidos nisso. Essa \u00e9 a motiva\u00e7\u00e3o para esse estudo\u201d, disse Teibo em v\u00eddeo publicado no canal do Hemocentro de S\u00e3o Paulo no YouTube.<\/p>\n\n\n\n<p>A pesquisa buscou identificar efetores moleculares relacionados \u00e0 terapia com c\u00e9lulas CAR-T em bancos de dados como PubMed e Scopus. Efetores moleculares (geralmente prote\u00ednas) desempenham um papel crucial na resposta a est\u00edmulos e na realiza\u00e7\u00e3o de processos celulares espec\u00edficos, como a resposta imune ou a transdu\u00e7\u00e3o de sinal (qualquer processo pelo qual uma c\u00e9lula converte um tipo de sinal ou est\u00edmulo em outro).<\/p>\n\n\n\n<p>A proposta resultou na identifica\u00e7\u00e3o de prote\u00ednas que podem ser alvos-chave para aprimorar a efic\u00e1cia da terapia. \u201cEncontramos 14 prote\u00ednas, que foram classificadas em quatro categorias. Primeiro s\u00e3o as citocinas, em que n\u00f3s temos interferon, CCL3, interferon gama e tantas outras. Tamb\u00e9m temos as quinases, como LCK, ITK, JAK2 e B-Raf, e receptores, como CD80 e CD20, que est\u00e3o envolvidos na ativa\u00e7\u00e3o da terapia. Por \u00faltimo, h\u00e1 as proteases e os mensageiros qu\u00edmicos, como Granzyme B e TNF-\u03b1\u201d, detalhou Teibo.<\/p>\n\n\n\n<p>A utiliza\u00e7\u00e3o da prote\u00f4mica (an\u00e1lise do conjunto de prote\u00ednas de uma amostra) permitir\u00e1 uma compreens\u00e3o mais profunda das altera\u00e7\u00f5es nessas mol\u00e9culas, abrindo caminho para novos avan\u00e7os no tratamento. \u201cPor exemplo, temos interferon gama e tamb\u00e9m IL-2, que podem ser usados como biomarcadores substitutos. Isso pode ajudar a superar alguns dos desafios da terapia com c\u00e9lulas CAR-T\u201d, contou o pesquisador.<\/p>\n\n\n\n<p>Al\u00e9m disso, com os avan\u00e7os recentes em espectrometria de massas, novas possibilidades para analisar a abund\u00e2ncia, localiza\u00e7\u00e3o celular, s\u00edntese\/degrada\u00e7\u00e3o e modifica\u00e7\u00f5es p\u00f3s-traducionais das prote\u00ednas tornam-se vi\u00e1veis. Isso permite uma compreens\u00e3o mais detalhada e integrada de processos fisiol\u00f3gicos e celulares, essencial para o aprimoramento da terapia.<\/p>\n","protected":false},"excerpt":{"rendered":"<p>Pesquisadores do Centro de Terapia Celular da USP encontraram 14 prote\u00ednas que podem ser alvos para aprimorar terapias \u00e0 base de c\u00e9lulas CAR-T Estudo conduzido por pesquisadores do\u00a0Centro de Terapia Celular\u00a0(CTC) destaca prote\u00ednas-chave e vias de sinaliza\u00e7\u00e3o envolvidas na efic\u00e1cia de uma imunoterapia \u00e0 base de c\u00e9lulas CAR-T (linf\u00f3citos modificados em laborat\u00f3rio para combater o [&hellip;]<\/p>\n","protected":false},"author":7,"featured_media":28166,"comment_status":"closed","ping_status":"open","sticky":false,"template":"","format":"standard","meta":{"rop_custom_images_group":[],"rop_custom_messages_group":[],"rop_publish_now":"initial","rop_publish_now_accounts":[],"rop_publish_now_history":[],"rop_publish_now_status":"pending","footnotes":""},"categories":[205],"tags":[],"class_list":["post-28165","post","type-post","status-publish","format-standard","has-post-thumbnail","hentry","category-saude"],"amp_enabled":true,"_links":{"self":[{"href":"https:\/\/imais.online\/portal\/wp-json\/wp\/v2\/posts\/28165","targetHints":{"allow":["GET"]}}],"collection":[{"href":"https:\/\/imais.online\/portal\/wp-json\/wp\/v2\/posts"}],"about":[{"href":"https:\/\/imais.online\/portal\/wp-json\/wp\/v2\/types\/post"}],"author":[{"embeddable":true,"href":"https:\/\/imais.online\/portal\/wp-json\/wp\/v2\/users\/7"}],"replies":[{"embeddable":true,"href":"https:\/\/imais.online\/portal\/wp-json\/wp\/v2\/comments?post=28165"}],"version-history":[{"count":1,"href":"https:\/\/imais.online\/portal\/wp-json\/wp\/v2\/posts\/28165\/revisions"}],"predecessor-version":[{"id":28167,"href":"https:\/\/imais.online\/portal\/wp-json\/wp\/v2\/posts\/28165\/revisions\/28167"}],"wp:featuredmedia":[{"embeddable":true,"href":"https:\/\/imais.online\/portal\/wp-json\/wp\/v2\/media\/28166"}],"wp:attachment":[{"href":"https:\/\/imais.online\/portal\/wp-json\/wp\/v2\/media?parent=28165"}],"wp:term":[{"taxonomy":"category","embeddable":true,"href":"https:\/\/imais.online\/portal\/wp-json\/wp\/v2\/categories?post=28165"},{"taxonomy":"post_tag","embeddable":true,"href":"https:\/\/imais.online\/portal\/wp-json\/wp\/v2\/tags?post=28165"}],"curies":[{"name":"wp","href":"https:\/\/api.w.org\/{rel}","templated":true}]}}