{"id":28212,"date":"2025-07-23T09:42:00","date_gmt":"2025-07-23T12:42:00","guid":{"rendered":"https:\/\/imais.online\/portal\/?p=28212"},"modified":"2025-07-22T14:43:51","modified_gmt":"2025-07-22T17:43:51","slug":"parque-dom-pedro-promove-adocao-de-caes-e-gatos-neste-sabado-dia-26","status":"publish","type":"post","link":"https:\/\/imais.online\/portal\/parque-dom-pedro-promove-adocao-de-caes-e-gatos-neste-sabado-dia-26\/","title":{"rendered":"Parque Dom Pedro promove ado\u00e7\u00e3o de c\u00e3es e gatos neste s\u00e1bado, dia 26"},"content":{"rendered":"<div class=\"imais-before-content-placement\" id=\"imais-1295463050\"><script async src=\"\/\/pagead2.googlesyndication.com\/pagead\/js\/adsbygoogle.js?client=ca-pub-8787528412751566\" crossorigin=\"anonymous\"><\/script><ins class=\"adsbygoogle\" style=\"display:block;\" data-ad-client=\"ca-pub-8787528412751566\" \ndata-ad-slot=\"\" \ndata-ad-format=\"auto\"><\/ins>\n<script> \n(adsbygoogle = window.adsbygoogle || []).push({}); \n<\/script>\n<\/div>\n<p class=\"has-text-align-center\"><em>Evento gratuito acontece das 11h \u00e0s 15h, na Entrada \u00c1rvores; no primeiro semestre, mais de 80 animais foram adotados no Pet no Parque<\/em><\/p>\n\n\n\n<p>Os dias mais frios do ano podem ser o momento ideal para acolher um novo companheiro de quatro patas. No s\u00e1bado, 26, o Parque Dom Pedro realiza mais uma edi\u00e7\u00e3o do Pet no Parque, iniciativa que promove a ado\u00e7\u00e3o respons\u00e1vel de c\u00e3es e gatos resgatados. O evento acontece das 11h \u00e0s 15h, na Entrada \u00c1rvores.<\/p>\n\n\n\n<p>Ao longo do primeiro semestre, mais de 80 animais j\u00e1 encontraram um lar por meio da a\u00e7\u00e3o, que \u00e9 realizada em parceria com as ONGs Alian\u00e7a do Bem, OperaC\u00c3O e Toca dos Gatos. A proposta \u00e9 oferecer uma nova chance aos pets, especialmente durante o inverno, em que o acolhimento pode aquecer os lares.<\/p>\n\n\n\n<p>Segundo o Human Animal Bond Research Institute (HABRI), mais da metade dos adultos acima de 50 anos vivem com um pet, evidenciando que esse la\u00e7o \u00e9 tamb\u00e9m uma escolha frequente entre quem busca qualidade de vida e companhia nos anos mais maduros.<\/p>\n\n\n\n<p>\u201cO Pet no Parque \u00e9 um dos nossos principais eventos e vai al\u00e9m de promover a ado\u00e7\u00e3o, ele inspira encontros emocionantes, aproxima pessoas e traz felicidade a quem escolhe receber um novo amigo\u201d, afirma Tatiane De Conto, gerente de marketing do Parque Dom Pedro, administrado pela ALLOS.<\/p>\n\n\n\n<p>E, para esta edi\u00e7\u00e3o, uma novidade especial: o Parque Dom Pedro possui agora uma parceria com a ABPET (Associa\u00e7\u00e3o Brasileira de Produtos Pet). A entidade presentear\u00e1 as fam\u00edlias que adotam novos membros com uma cesta b\u00e1sica pet (tanto para cachorros, quanto para gatos). A cesta possui produtos diversos, que s\u00e3o modificados todos os meses, mas contemplam ra\u00e7\u00e3o, petiscos, snaks e comedouros, de maneira geral.<\/p>\n\n\n\n<p>O empreendimento tamb\u00e9m oferece estrutura para quem j\u00e1 tem um bichinho: h\u00e1 bebedouros distribu\u00eddos pelo espa\u00e7o, kits para coleta de dejetos e empr\u00e9stimo de carrinhos para pets de pequeno porte. Para garantir o bem-estar de todos, \u00e9 necess\u00e1rio seguir algumas regras, como o uso obrigat\u00f3rio de coleira e guia curta, al\u00e9m de restri\u00e7\u00f5es para ra\u00e7as de guarda.<\/p>\n\n\n\n<p><strong>Servi\u00e7o \u2013 Pet no Parque<\/strong>&nbsp;<\/p>\n\n\n\n<p><strong>Data:<\/strong> s\u00e1bado (26\/07)<\/p>\n\n\n\n<p><strong>Hor\u00e1rio:<\/strong> das 11h \u00e0s 15h<\/p>\n\n\n\n<p><strong>Local:<\/strong> Entrada \u00c1rvores, \u00e1rea externa<\/p>\n\n\n\n<p><strong>Endere\u00e7o:<\/strong> Av. Guilherme Campos, 500 \u2013 Jd. Santa Genebra \u2013 Campinas\/SP<\/p>\n\n\n\n<p><strong>Institui\u00e7\u00f5es parceiras: <\/strong>Alian\u00e7a do Bem, OperaC\u00c3O e Toca dos Gatos<\/p>\n","protected":false},"excerpt":{"rendered":"<p>Evento gratuito acontece das 11h \u00e0s 15h, na Entrada \u00c1rvores; no primeiro semestre, mais de 80 animais foram adotados no Pet no Parque Os dias mais frios do ano podem ser o momento ideal para acolher um novo companheiro de quatro patas. No s\u00e1bado, 26, o Parque Dom Pedro realiza mais uma edi\u00e7\u00e3o do Pet [&hellip;]<\/p>\n","protected":false},"author":7,"featured_media":28213,"comment_status":"closed","ping_status":"open","sticky":false,"template":"","format":"standard","meta":{"rop_custom_images_group":[],"rop_custom_messages_group":[],"rop_publish_now":"initial","rop_publish_now_accounts":[],"rop_publish_now_history":[],"rop_publish_now_status":"pending","footnotes":""},"categories":[272],"tags":[219],"class_list":["post-28212","post","type-post","status-publish","format-standard","has-post-thumbnail","hentry","category-campinas","tag-campinas"],"amp_enabled":true,"_links":{"self":[{"href":"https:\/\/imais.online\/portal\/wp-json\/wp\/v2\/posts\/28212","targetHints":{"allow":["GET"]}}],"collection":[{"href":"https:\/\/imais.online\/portal\/wp-json\/wp\/v2\/posts"}],"about":[{"href":"https:\/\/imais.online\/portal\/wp-json\/wp\/v2\/types\/post"}],"author":[{"embeddable":true,"href":"https:\/\/imais.online\/portal\/wp-json\/wp\/v2\/users\/7"}],"replies":[{"embeddable":true,"href":"https:\/\/imais.online\/portal\/wp-json\/wp\/v2\/comments?post=28212"}],"version-history":[{"count":1,"href":"https:\/\/imais.online\/portal\/wp-json\/wp\/v2\/posts\/28212\/revisions"}],"predecessor-version":[{"id":28214,"href":"https:\/\/imais.online\/portal\/wp-json\/wp\/v2\/posts\/28212\/revisions\/28214"}],"wp:featuredmedia":[{"embeddable":true,"href":"https:\/\/imais.online\/portal\/wp-json\/wp\/v2\/media\/28213"}],"wp:attachment":[{"href":"https:\/\/imais.online\/portal\/wp-json\/wp\/v2\/media?parent=28212"}],"wp:term":[{"taxonomy":"category","embeddable":true,"href":"https:\/\/imais.online\/portal\/wp-json\/wp\/v2\/categories?post=28212"},{"taxonomy":"post_tag","embeddable":true,"href":"https:\/\/imais.online\/portal\/wp-json\/wp\/v2\/tags?post=28212"}],"curies":[{"name":"wp","href":"https:\/\/api.w.org\/{rel}","templated":true}]}}