{"id":28259,"date":"2025-07-27T14:22:50","date_gmt":"2025-07-27T17:22:50","guid":{"rendered":"https:\/\/imais.online\/portal\/?p=28259"},"modified":"2025-07-27T14:23:10","modified_gmt":"2025-07-27T17:23:10","slug":"mulher-e-assassinada-a-facadas-em-casa-no-jardim-itamaraca-em-indaiatuba","status":"publish","type":"post","link":"https:\/\/imais.online\/portal\/mulher-e-assassinada-a-facadas-em-casa-no-jardim-itamaraca-em-indaiatuba\/","title":{"rendered":"Mulher \u00e9 assassinada a facadas em casa no Jardim Itamarac\u00e1, em Indaiatuba"},"content":{"rendered":"<div class=\"imais-before-content-placement\" id=\"imais-3383219988\"><script async src=\"\/\/pagead2.googlesyndication.com\/pagead\/js\/adsbygoogle.js?client=ca-pub-8787528412751566\" crossorigin=\"anonymous\"><\/script><ins class=\"adsbygoogle\" style=\"display:block;\" data-ad-client=\"ca-pub-8787528412751566\" \ndata-ad-slot=\"\" \ndata-ad-format=\"auto\"><\/ins>\n<script> \n(adsbygoogle = window.adsbygoogle || []).push({}); \n<\/script>\n<\/div>\n<p>Uma mulher de 37 anos foi brutalmente assassinada a facadas na tarde deste s\u00e1bado, em um crime chocante que abalou o Jardim Itamarac\u00e1, em Indaiatuba (SP). A v\u00edtima, cuja identidade n\u00e3o foi revelada, foi encontrada sem vida em sua resid\u00eancia, na Rua Homero Zoppi, com um ferimento fatal na regi\u00e3o do abd\u00f4men.<\/p>\n\n\n\n<p>A autora do crime, tamb\u00e9m uma mulher, fugiu imediatamente ap\u00f3s o ataque e permanece foragida. A Pol\u00edcia Militar foi acionada via Centro de Opera\u00e7\u00f5es da Pol\u00edcia Militar (Copom) e, ao chegar ao local, confirmou o \u00f3bito. A \u00e1rea foi prontamente isolada para a chegada da Per\u00edcia Cient\u00edfica de Campinas (SP), que realizou os procedimentos necess\u00e1rios antes da remo\u00e7\u00e3o do corpo para o Instituto M\u00e9dico Legal (IML).<\/p>\n\n\n\n<p>A Delegacia de Pol\u00edcia Civil de Indaiatuba informou que as investiga\u00e7\u00f5es est\u00e3o em andamento e o caso foi registrado como homic\u00eddio. A motiva\u00e7\u00e3o do crime ainda n\u00e3o foi divulgada.<\/p>\n","protected":false},"excerpt":{"rendered":"<p>Uma mulher de 37 anos foi brutalmente assassinada a facadas na tarde deste s\u00e1bado, em um crime chocante que abalou o Jardim Itamarac\u00e1, em Indaiatuba (SP). A v\u00edtima, cuja identidade n\u00e3o foi revelada, foi encontrada sem vida em sua resid\u00eancia, na Rua Homero Zoppi, com um ferimento fatal na regi\u00e3o do abd\u00f4men. A autora do [&hellip;]<\/p>\n","protected":false},"author":7,"featured_media":28260,"comment_status":"closed","ping_status":"open","sticky":false,"template":"","format":"standard","meta":{"rop_custom_images_group":[],"rop_custom_messages_group":[],"rop_publish_now":"initial","rop_publish_now_accounts":[],"rop_publish_now_history":[],"rop_publish_now_status":"pending","footnotes":""},"categories":[188],"tags":[73],"class_list":["post-28259","post","type-post","status-publish","format-standard","has-post-thumbnail","hentry","category-indaiatuba","tag-featured"],"amp_enabled":true,"_links":{"self":[{"href":"https:\/\/imais.online\/portal\/wp-json\/wp\/v2\/posts\/28259","targetHints":{"allow":["GET"]}}],"collection":[{"href":"https:\/\/imais.online\/portal\/wp-json\/wp\/v2\/posts"}],"about":[{"href":"https:\/\/imais.online\/portal\/wp-json\/wp\/v2\/types\/post"}],"author":[{"embeddable":true,"href":"https:\/\/imais.online\/portal\/wp-json\/wp\/v2\/users\/7"}],"replies":[{"embeddable":true,"href":"https:\/\/imais.online\/portal\/wp-json\/wp\/v2\/comments?post=28259"}],"version-history":[{"count":1,"href":"https:\/\/imais.online\/portal\/wp-json\/wp\/v2\/posts\/28259\/revisions"}],"predecessor-version":[{"id":28261,"href":"https:\/\/imais.online\/portal\/wp-json\/wp\/v2\/posts\/28259\/revisions\/28261"}],"wp:featuredmedia":[{"embeddable":true,"href":"https:\/\/imais.online\/portal\/wp-json\/wp\/v2\/media\/28260"}],"wp:attachment":[{"href":"https:\/\/imais.online\/portal\/wp-json\/wp\/v2\/media?parent=28259"}],"wp:term":[{"taxonomy":"category","embeddable":true,"href":"https:\/\/imais.online\/portal\/wp-json\/wp\/v2\/categories?post=28259"},{"taxonomy":"post_tag","embeddable":true,"href":"https:\/\/imais.online\/portal\/wp-json\/wp\/v2\/tags?post=28259"}],"curies":[{"name":"wp","href":"https:\/\/api.w.org\/{rel}","templated":true}]}}