{"id":28274,"date":"2025-07-28T19:07:05","date_gmt":"2025-07-28T22:07:05","guid":{"rendered":"https:\/\/imais.online\/portal\/?p=28274"},"modified":"2025-07-28T19:07:06","modified_gmt":"2025-07-28T22:07:06","slug":"junta-militar-convoca-jovens-para-divulgacao-dos-resultados-do-alistamento-militar","status":"publish","type":"post","link":"https:\/\/imais.online\/portal\/junta-militar-convoca-jovens-para-divulgacao-dos-resultados-do-alistamento-militar\/","title":{"rendered":"Junta Militar convoca jovens para divulga\u00e7\u00e3o dos resultados do Alistamento Militar"},"content":{"rendered":"<div class=\"imais-before-content-placement\" id=\"imais-2332821973\"><script async src=\"\/\/pagead2.googlesyndication.com\/pagead\/js\/adsbygoogle.js?client=ca-pub-8787528412751566\" crossorigin=\"anonymous\"><\/script><ins class=\"adsbygoogle\" style=\"display:block;\" data-ad-client=\"ca-pub-8787528412751566\" \ndata-ad-slot=\"\" \ndata-ad-format=\"auto\"><\/ins>\n<script> \n(adsbygoogle = window.adsbygoogle || []).push({}); \n<\/script>\n<\/div>\n<p><em><small>Objetivo foi informar sobre a convoca\u00e7\u00e3o para o Servi\u00e7o Militar ou a dispensa<\/small><\/em><\/p>\n\n\n\n<p>A Junta de Servi\u00e7o Militar de Indaiatuba realizou, entre os dias 21 e 25 de julho, a divulga\u00e7\u00e3o dos resultados do Alistamento Militar Obrigat\u00f3rio no Centro de Conven\u00e7\u00f5es Aydil Bonachella. O processo definiu a convoca\u00e7\u00e3o para o Servi\u00e7o Militar ou a dispensa das fileiras do Ex\u00e9rcito Brasileiro. Ao todo, cerca de 1.500 jovens compareceram. O alistamento \u00e9 obrigat\u00f3rio para os jovens nascidos em 2007, ou seja, que completam 18 anos em 2025.&nbsp;<\/p>\n\n\n\n<p>Na ocasi\u00e3o, o prefeito e presidente da Junta Militar de Indaiatuba, Dr. Cust\u00f3dio Tavares, acompanhado pelos secret\u00e1rios Sargento Garba Cardoso Pedro e Flavia Avanci, receberam o secret\u00e1rio municipal de Tecnologia, Inova\u00e7\u00e3o e Desenvolvimento, Jos\u00e9 Augusto Gon\u00e7alves; a superintendente da Fiec, Rita de C\u00e1ssia Trasferetti; al\u00e9m de representantes do Senai e do Posto de Atendimento ao Trabalhador (PAT).<\/p>\n\n\n\n<p>O objetivo do encontro foi apresentar aos jovens diversas oportunidades de qualifica\u00e7\u00e3o por meio de cursos profissionalizantes, t\u00e9cnicos e tecn\u00f3logos gratuitos, al\u00e9m de orienta\u00e7\u00f5es sobre concursos p\u00fablicos e vagas de emprego dispon\u00edveis na cidade, incentivando, assim, o ingresso no mercado de trabalho.<\/p>\n\n\n\n<p>Os jovens convocados dever\u00e3o participar da Sele\u00e7\u00e3o Militar no m\u00eas de agosto. J\u00e1 os dispensados comparecer\u00e3o \u00e0 cerim\u00f4nia de Juramento \u00e0 Bandeira. As datas ser\u00e3o informadas pela Junta de Servi\u00e7o Militar.&nbsp;<\/p>\n\n\n\n<p>Para d\u00favidas ou mais informa\u00e7\u00e3o entre em contato pelos telefones: (19) 3816-9267, (19) 3816-9268 &nbsp;ou pelo e-mail: gabinete.jsm@indaiatuba.sp.gov.br .&nbsp; As pessoas que quiserem comparecer presencialmente na Junta de Servi\u00e7o Militar o endere\u00e7o \u00e9: Rua Vinte e Quatro de Maio, 1670, Centro (Ponto Cidad\u00e3o ).&nbsp; O hor\u00e1rio de expediente \u00e9 das &nbsp;8h \u00e0s 12h e das 13h \u00e0s 17h, de segunda a sexta-feira.&nbsp;<\/p>\n\n\n\n<p><strong>#PraTodosVerem:&nbsp;<\/strong>Uma sala com muitos jovens sentados, atentos \u00e0 fala do Prefeito e Presidente da Junta Militar, Dr. Cust\u00f3dio Tavares. \u00c0 esquerda da imagem, h\u00e1 uma fileira de autoridades e representantes institucionais posicionados frente aos participantes. O local \u00e9 amplo e bem iluminado, com janelas grandes ao fundo que permitem a entrada de luz natural. Fim da descri\u00e7\u00e3o.<\/p>\n","protected":false},"excerpt":{"rendered":"<p>Objetivo foi informar sobre a convoca\u00e7\u00e3o para o Servi\u00e7o Militar ou a dispensa A Junta de Servi\u00e7o Militar de Indaiatuba realizou, entre os dias 21 e 25 de julho, a divulga\u00e7\u00e3o dos resultados do Alistamento Militar Obrigat\u00f3rio no Centro de Conven\u00e7\u00f5es Aydil Bonachella. O processo definiu a convoca\u00e7\u00e3o para o Servi\u00e7o Militar ou a dispensa [&hellip;]<\/p>\n","protected":false},"author":8,"featured_media":28275,"comment_status":"closed","ping_status":"open","sticky":false,"template":"","format":"standard","meta":{"rop_custom_images_group":[],"rop_custom_messages_group":[],"rop_publish_now":"initial","rop_publish_now_accounts":[],"rop_publish_now_history":[],"rop_publish_now_status":"pending","footnotes":""},"categories":[188],"tags":[],"class_list":["post-28274","post","type-post","status-publish","format-standard","has-post-thumbnail","hentry","category-indaiatuba"],"amp_enabled":true,"_links":{"self":[{"href":"https:\/\/imais.online\/portal\/wp-json\/wp\/v2\/posts\/28274","targetHints":{"allow":["GET"]}}],"collection":[{"href":"https:\/\/imais.online\/portal\/wp-json\/wp\/v2\/posts"}],"about":[{"href":"https:\/\/imais.online\/portal\/wp-json\/wp\/v2\/types\/post"}],"author":[{"embeddable":true,"href":"https:\/\/imais.online\/portal\/wp-json\/wp\/v2\/users\/8"}],"replies":[{"embeddable":true,"href":"https:\/\/imais.online\/portal\/wp-json\/wp\/v2\/comments?post=28274"}],"version-history":[{"count":1,"href":"https:\/\/imais.online\/portal\/wp-json\/wp\/v2\/posts\/28274\/revisions"}],"predecessor-version":[{"id":28276,"href":"https:\/\/imais.online\/portal\/wp-json\/wp\/v2\/posts\/28274\/revisions\/28276"}],"wp:featuredmedia":[{"embeddable":true,"href":"https:\/\/imais.online\/portal\/wp-json\/wp\/v2\/media\/28275"}],"wp:attachment":[{"href":"https:\/\/imais.online\/portal\/wp-json\/wp\/v2\/media?parent=28274"}],"wp:term":[{"taxonomy":"category","embeddable":true,"href":"https:\/\/imais.online\/portal\/wp-json\/wp\/v2\/categories?post=28274"},{"taxonomy":"post_tag","embeddable":true,"href":"https:\/\/imais.online\/portal\/wp-json\/wp\/v2\/tags?post=28274"}],"curies":[{"name":"wp","href":"https:\/\/api.w.org\/{rel}","templated":true}]}}