{"id":28284,"date":"2025-07-29T16:27:15","date_gmt":"2025-07-29T19:27:15","guid":{"rendered":"https:\/\/imais.online\/portal\/?p=28284"},"modified":"2025-07-29T16:27:16","modified_gmt":"2025-07-29T19:27:16","slug":"indaiatuba-recebe-primeiro-concerto-da-turne-lendas-do-rock","status":"publish","type":"post","link":"https:\/\/imais.online\/portal\/indaiatuba-recebe-primeiro-concerto-da-turne-lendas-do-rock\/","title":{"rendered":"Indaiatuba recebe primeiro concerto da turn\u00ea Lendas do Rock"},"content":{"rendered":"<div class=\"imais-before-content-placement\" id=\"imais-2267308768\"><script async src=\"\/\/pagead2.googlesyndication.com\/pagead\/js\/adsbygoogle.js?client=ca-pub-8787528412751566\" crossorigin=\"anonymous\"><\/script><ins class=\"adsbygoogle\" style=\"display:block;\" data-ad-client=\"ca-pub-8787528412751566\" \ndata-ad-slot=\"\" \ndata-ad-format=\"auto\"><\/ins>\n<script> \n(adsbygoogle = window.adsbygoogle || []).push({}); \n<\/script>\n<\/div>\n<p class=\"has-text-align-center\"><em>Encontro acontece em agosto na sala Acr\u00edsio de Camargo; ingressos j\u00e1 est\u00e3o \u00e0 venda<\/em><\/p>\n\n\n\n<p>A turn\u00ea&nbsp;<strong>Lendas do Rock<\/strong>, que promete emocionar o p\u00fablico brasileiro ao apresentar cl\u00e1ssicos do rock em um espet\u00e1culo onde o <strong>violino<\/strong> assume o papel do vocalista, abre sua temporada em <strong>Indaiatuba (SP), <\/strong>com um concerto no pr\u00f3ximo dia <strong>9 de agosto<\/strong>, \u00e0s <strong>19h<\/strong>, na <strong>sala Acr\u00edsio de Camargo<\/strong>, no Ciaei.<\/p>\n\n\n\n<p>Unindo a energia contagiante do rock \u00e0 sensibilidade da m\u00fasica cl\u00e1ssica, o show presta um tributo especial \u00e0s bandas <strong>Queen<\/strong>, <strong>Guns N\u2019 Roses<\/strong> e <strong>Bon Jovi<\/strong>, levando uma experi\u00eancia sonora \u00fanica a diferentes cidades.<\/p>\n\n\n\n<p><strong>CROSSOVER<\/strong> A fus\u00e3o entre m\u00fasica cl\u00e1ssica e rock n\u00e3o \u00e9 novidade, por\u00e9m, nestas can\u00e7\u00f5es cuidadosamente adaptadas &#8211; executada por uma banda de m\u00fasicos experientes (guitarra, baixo, bateria e teclado), que mant\u00e9m a ess\u00eancia dos arranjos originais, o protagonista \u00e9 o <strong>violino<\/strong>, acompanhado pelo p\u00fablico presente. \u201cConvidamos a plateia a cantar, vivenciando as m\u00fasicas sob uma perspectiva inovadora e emocionante\u201d, destaca FeOliver, que \u00e9 respons\u00e1vel pelo projeto.<\/p>\n\n\n\n<p><strong>SETLIST <\/strong>O repert\u00f3rio re\u00fane os maiores hits de Queen, Guns N\u2019 Roses e Bon Jovi, entre eles <em>We Are the Champions<\/em>, <em>Don\u2019t Stop Me Now<\/em>, <em>Livin\u2019 on a Prayer<\/em>, <em>These Days<\/em>, <em>Sweet Child o\u2019 Mine<\/em> e <em>Paradise City<\/em>. \u201cO setlist foi selecionado para garantir uma experi\u00eancia nost\u00e1lgica e surpreendente, com espa\u00e7o para improvisa\u00e7\u00e3o e surpresas a cada apresenta\u00e7\u00e3o\u201d, comenta Oliver.<\/p>\n\n\n\n<p><strong>HIST\u00d3RIA <\/strong>Com mais de 20 anos de carreira, o violinista e maestro <strong>FeOliver<\/strong>, transita entre os universos do erudito e do rock desde a adolesc\u00eancia, tocando guitarra em bandas e violino em orquestras. Inspirado pela vontade de unir suas duas paix\u00f5es, criou um formato de show que n\u00e3o encontra paralelo no Brasil, proporcionando interpreta\u00e7\u00f5es sofisticadas e cheias de energia para cl\u00e1ssicos do rock.<\/p>\n\n\n\n<p>O concerto <a href=\"https:\/\/classrock.com.br\/indaiatuba\/\"><strong>Lendas do Rock \u2013 Indaiatuba<\/strong><\/a>&nbsp;acontece no dia 9 de agosto, \u00e0s 19h, no Ciaei. Os ingressos do 1\u00ba lote \u2013 que variam de R$50 a R$160,00 \u2013, j\u00e1 est\u00e3o dispon\u00edveis para compra na plataforma Sympla, clicando <a href=\"https:\/\/www.sympla.com.br\/evento\/classrock-indaiatuba-09-08-as-19h-lendas-do-rock\/2964523?referrer=classrock.com.br\"><strong>aqui<\/strong><\/a>. Mais informa\u00e7\u00f5es pelo <strong>WhatsApp<\/strong> (19) 99144 3717.<\/p>\n\n\n\n<p>V\u00eddeo <a href=\"https:\/\/youtu.be\/wxuxE76q11Y\"><strong>aqui<\/strong><\/a>&nbsp;<br>Sugest\u00e3o de v\u00eddeo para redes sociais <a href=\"https:\/\/youtube.com\/shorts\/a5dtNR1EeS8\"><strong>aqui<\/strong><\/a>&nbsp;<\/p>\n\n\n\n<p><strong>SERVI\u00c7O<\/strong><strong><br>Lendas do Rock<br>Data:<\/strong> 09\/08 l<strong> Hor\u00e1rio:<\/strong> 19h<br><strong>Local: <\/strong>Sala Acr\u00edsio de Camargo &#8211; Ciaei (Centro Integrado de Apoio \u00e0 Educa\u00e7\u00e3o de Indaiatuba) l<strong> Endere\u00e7o:<\/strong> Avenida Engenheiro F\u00e1bio Roberto Barnab\u00e9, 3665 &#8211; Jardim Regina, Indaiatuba (SP) &#8211; <a href=\"https:\/\/maps.app.goo.gl\/hEBjxaoiy7UgmhQt5\"><strong>MAPA AQUI<\/strong>&nbsp;<\/a><br><strong>Ingressos:<\/strong> Dispon\u00edveis <a href=\"https:\/\/www.sympla.com.br\/evento\/classrock-indaiatuba-09-08-as-19h-lendas-do-rock\/2964523?referrer=classrock.com.br\"><strong>aqui<\/strong><\/a>&nbsp;<\/p>\n\n\n\n<p><strong>INFORMA\u00c7\u00d5ES<\/strong><strong><br>WhatsApp<\/strong> (19) 99144 3717<br><strong>E-mail <\/strong><a href=\"mailto:classrockart@gmail.com\">classrockart@gmail.com<\/a><br><strong>Instagram<\/strong> <a href=\"https:\/\/www.instagram.com\/classrockart\/\">classrockart<\/a>&nbsp;<br><strong>Saiba mais<\/strong> <a href=\"https:\/\/classrock.com.br\/\">aqui<\/a>&nbsp;<\/p>\n","protected":false},"excerpt":{"rendered":"<p>Encontro acontece em agosto na sala Acr\u00edsio de Camargo; ingressos j\u00e1 est\u00e3o \u00e0 venda A turn\u00ea&nbsp;Lendas do Rock, que promete emocionar o p\u00fablico brasileiro ao apresentar cl\u00e1ssicos do rock em um espet\u00e1culo onde o violino assume o papel do vocalista, abre sua temporada em Indaiatuba (SP), com um concerto no pr\u00f3ximo dia 9 de agosto, [&hellip;]<\/p>\n","protected":false},"author":7,"featured_media":28285,"comment_status":"closed","ping_status":"open","sticky":false,"template":"","format":"standard","meta":{"rop_custom_images_group":[],"rop_custom_messages_group":[],"rop_publish_now":"initial","rop_publish_now_accounts":[],"rop_publish_now_history":[],"rop_publish_now_status":"pending","footnotes":""},"categories":[188],"tags":[],"class_list":["post-28284","post","type-post","status-publish","format-standard","has-post-thumbnail","hentry","category-indaiatuba"],"amp_enabled":true,"_links":{"self":[{"href":"https:\/\/imais.online\/portal\/wp-json\/wp\/v2\/posts\/28284","targetHints":{"allow":["GET"]}}],"collection":[{"href":"https:\/\/imais.online\/portal\/wp-json\/wp\/v2\/posts"}],"about":[{"href":"https:\/\/imais.online\/portal\/wp-json\/wp\/v2\/types\/post"}],"author":[{"embeddable":true,"href":"https:\/\/imais.online\/portal\/wp-json\/wp\/v2\/users\/7"}],"replies":[{"embeddable":true,"href":"https:\/\/imais.online\/portal\/wp-json\/wp\/v2\/comments?post=28284"}],"version-history":[{"count":1,"href":"https:\/\/imais.online\/portal\/wp-json\/wp\/v2\/posts\/28284\/revisions"}],"predecessor-version":[{"id":28286,"href":"https:\/\/imais.online\/portal\/wp-json\/wp\/v2\/posts\/28284\/revisions\/28286"}],"wp:featuredmedia":[{"embeddable":true,"href":"https:\/\/imais.online\/portal\/wp-json\/wp\/v2\/media\/28285"}],"wp:attachment":[{"href":"https:\/\/imais.online\/portal\/wp-json\/wp\/v2\/media?parent=28284"}],"wp:term":[{"taxonomy":"category","embeddable":true,"href":"https:\/\/imais.online\/portal\/wp-json\/wp\/v2\/categories?post=28284"},{"taxonomy":"post_tag","embeddable":true,"href":"https:\/\/imais.online\/portal\/wp-json\/wp\/v2\/tags?post=28284"}],"curies":[{"name":"wp","href":"https:\/\/api.w.org\/{rel}","templated":true}]}}