{"id":28287,"date":"2025-07-29T16:32:32","date_gmt":"2025-07-29T19:32:32","guid":{"rendered":"https:\/\/imais.online\/portal\/?p=28287"},"modified":"2025-07-29T16:32:33","modified_gmt":"2025-07-29T19:32:33","slug":"cultura-abre-cadastro-em-banco-de-dados-para-profissionais-e-empresas-do-audiovisual","status":"publish","type":"post","link":"https:\/\/imais.online\/portal\/cultura-abre-cadastro-em-banco-de-dados-para-profissionais-e-empresas-do-audiovisual\/","title":{"rendered":"Cultura abre cadastro em banco de dados para profissionais e empresas do Audiovisual"},"content":{"rendered":"<div class=\"imais-before-content-placement\" id=\"imais-37998325\"><script async src=\"\/\/pagead2.googlesyndication.com\/pagead\/js\/adsbygoogle.js?client=ca-pub-8787528412751566\" crossorigin=\"anonymous\"><\/script><ins class=\"adsbygoogle\" style=\"display:block;\" data-ad-client=\"ca-pub-8787528412751566\" \ndata-ad-slot=\"\" \ndata-ad-format=\"auto\"><\/ins>\n<script> \n(adsbygoogle = window.adsbygoogle || []).push({}); \n<\/script>\n<\/div>\n<p class=\"has-text-align-center\"><em>O objetivo \u00e9 disponibilizar essas informa\u00e7\u00f5es diretamente para produtoras nacionais e internacionais<\/em><\/p>\n\n\n\n<p>A cidade de Indaiatuba est\u00e1 dando um importante passo no fortalecimento da economia criativa local. Com a recente sele\u00e7\u00e3o no Chamamento P\u00fablico 01\/2025 da S\u00e3o Paulo State Film Commission, realizado pelo Governo do Estado de S\u00e3o Paulo, atrav\u00e9s da Secretaria da Cultura, Economia e Ind\u00fastria Criativas, nosso munic\u00edpio passa a integrar oficialmente o roteiro de cidades aptas a receber produ\u00e7\u00f5es audiovisuais.<\/p>\n\n\n\n<p>E para garantir que este protagonismo se transforme em oportunidades reais para quem atua no setor, a Secretaria Municipal de Cultura est\u00e1 criando um Banco de Dados de Profissionais e Empresas do Audiovisual de Indaiatuba.<\/p>\n\n\n\n<p>Podem se cadastrar profissionais e empresas do Audiovisual como produtores, diretores, cineastas, fot\u00f3grafos, t\u00e9cnicos, est\u00fadios, empresas de equipamentos de luz e som, al\u00e9m de empresas de apoio e infraestrutura como hot\u00e9is, servi\u00e7os de catering, seguran\u00e7a, costureiros, maquiadores, restaurantes, motoristas e muito mais.<\/p>\n\n\n\n<p>O objetivo \u00e9 disponibilizar essas informa\u00e7\u00f5es diretamente para produtoras nacionais e internacionais que est\u00e3o em busca de cen\u00e1rios e infraestrutura para suas filmagens. A partir desse mapeamento, nossos talentos e empreendedores estar\u00e3o vis\u00edveis para o mercado audiovisual.<\/p>\n\n\n\n<p>Para fazer parte os interessados devem preencher o formul\u00e1rio de cadastro no link: &nbsp;<a href=\"https:\/\/docs.google.com\/forms\/d\/e\/1FAIpQLScBdkpvOuz24AHAbE_N12uFkqw4jHdc1LqEKCurgUkjx9fx7g\/viewform\">https:\/\/docs.google.com\/forms\/d\/e\/1FAIpQLScBdkpvOuz24AHAbE_N12uFkqw4jHdc1LqEKCurgUkjx9fx7g\/viewform<\/a><\/p>\n\n\n\n<p>A inclus\u00e3o de Indaiatuba e outras 10 cidades no programa estadual \u00e9 parte do Plano de Desenvolvimento da Ind\u00fastria Audiovisual Paulista, constru\u00eddo com apoio do Museu da Imagem e do Som (MIS), e busca impulsionar produ\u00e7\u00f5es, gerando empregos, renda e visibilidade para o munic\u00edpio.<\/p>\n","protected":false},"excerpt":{"rendered":"<p>O objetivo \u00e9 disponibilizar essas informa\u00e7\u00f5es diretamente para produtoras nacionais e internacionais A cidade de Indaiatuba est\u00e1 dando um importante passo no fortalecimento da economia criativa local. Com a recente sele\u00e7\u00e3o no Chamamento P\u00fablico 01\/2025 da S\u00e3o Paulo State Film Commission, realizado pelo Governo do Estado de S\u00e3o Paulo, atrav\u00e9s da Secretaria da Cultura, Economia [&hellip;]<\/p>\n","protected":false},"author":7,"featured_media":28288,"comment_status":"closed","ping_status":"open","sticky":false,"template":"","format":"standard","meta":{"rop_custom_images_group":[],"rop_custom_messages_group":[],"rop_publish_now":"initial","rop_publish_now_accounts":[],"rop_publish_now_history":[],"rop_publish_now_status":"pending","footnotes":""},"categories":[188],"tags":[],"class_list":["post-28287","post","type-post","status-publish","format-standard","has-post-thumbnail","hentry","category-indaiatuba"],"amp_enabled":true,"_links":{"self":[{"href":"https:\/\/imais.online\/portal\/wp-json\/wp\/v2\/posts\/28287","targetHints":{"allow":["GET"]}}],"collection":[{"href":"https:\/\/imais.online\/portal\/wp-json\/wp\/v2\/posts"}],"about":[{"href":"https:\/\/imais.online\/portal\/wp-json\/wp\/v2\/types\/post"}],"author":[{"embeddable":true,"href":"https:\/\/imais.online\/portal\/wp-json\/wp\/v2\/users\/7"}],"replies":[{"embeddable":true,"href":"https:\/\/imais.online\/portal\/wp-json\/wp\/v2\/comments?post=28287"}],"version-history":[{"count":1,"href":"https:\/\/imais.online\/portal\/wp-json\/wp\/v2\/posts\/28287\/revisions"}],"predecessor-version":[{"id":28289,"href":"https:\/\/imais.online\/portal\/wp-json\/wp\/v2\/posts\/28287\/revisions\/28289"}],"wp:featuredmedia":[{"embeddable":true,"href":"https:\/\/imais.online\/portal\/wp-json\/wp\/v2\/media\/28288"}],"wp:attachment":[{"href":"https:\/\/imais.online\/portal\/wp-json\/wp\/v2\/media?parent=28287"}],"wp:term":[{"taxonomy":"category","embeddable":true,"href":"https:\/\/imais.online\/portal\/wp-json\/wp\/v2\/categories?post=28287"},{"taxonomy":"post_tag","embeddable":true,"href":"https:\/\/imais.online\/portal\/wp-json\/wp\/v2\/tags?post=28287"}],"curies":[{"name":"wp","href":"https:\/\/api.w.org\/{rel}","templated":true}]}}