{"id":28301,"date":"2025-07-30T10:13:33","date_gmt":"2025-07-30T13:13:33","guid":{"rendered":"https:\/\/imais.online\/portal\/?p=28301"},"modified":"2025-07-30T10:14:32","modified_gmt":"2025-07-30T13:14:32","slug":"temperaturas-devem-voltar-a-subir-no-fim-de-semana-em-indaiatuba","status":"publish","type":"post","link":"https:\/\/imais.online\/portal\/temperaturas-devem-voltar-a-subir-no-fim-de-semana-em-indaiatuba\/","title":{"rendered":"Term\u00f4metros devem subir em Indaiatuba nos pr\u00f3ximos dias"},"content":{"rendered":"<div class=\"imais-before-content-placement\" id=\"imais-879911923\"><script async src=\"\/\/pagead2.googlesyndication.com\/pagead\/js\/adsbygoogle.js?client=ca-pub-8787528412751566\" crossorigin=\"anonymous\"><\/script><ins class=\"adsbygoogle\" style=\"display:block;\" data-ad-client=\"ca-pub-8787528412751566\" \ndata-ad-slot=\"\" \ndata-ad-format=\"auto\"><\/ins>\n<script> \n(adsbygoogle = window.adsbygoogle || []).push({}); \n<\/script>\n<\/div>\n<p>A cidade de Indaiatuba tem enfrentado dias de frio intenso, marcados pela atua\u00e7\u00e3o de uma massa de ar polar que derrubou as temperaturas na regi\u00e3o. Ap\u00f3s m\u00ednimas significativas nos \u00faltimos dias, a previs\u00e3o aponta para uma eleva\u00e7\u00e3o gradual, mas o frio ainda deve se fazer presente nas madrugadas e in\u00edcios de manh\u00e3. Na \u00faltima segunda-feira, 28 de julho, Indaiatuba registrou uma temperatura m\u00ednima de 13,7\u00b0C \u00e0s 8h10, conforme dados do Centro de Pesquisas Meteorol\u00f3gicas e Clim\u00e1ticas Aplicadas \u00e0 Agricultura (Cepagri) da Unicamp. <\/p>\n\n\n\n<p>O boletim da Defesa Civil do Estado de S\u00e3o Paulo j\u00e1 alertava para a chegada dessa massa de ar polar, que trouxe consigo quedas acentuadas nos term\u00f4metros, com m\u00ednimas pr\u00f3ximas dos 7\u00b0C em alguns pontos da regi\u00e3o. De acordo com o Climatempo, a quarta-feira, 30 de julho, ainda ser\u00e1 de temperaturas amenas, com m\u00ednima de 8\u00b0C e m\u00e1xima de 19\u00b0C, predominando sol com algumas nuvens \u00e0 tarde e noite estrelada. Para a quinta-feira, 31 de julho, a tend\u00eancia \u00e9 de leve eleva\u00e7\u00e3o, com m\u00ednima de 9\u00b0C e m\u00e1xima de 23\u00b0C, com tempo ensolarado e nevoeiro ao amanhecer. <\/p>\n\n\n\n<p>A sexta-feira, 1\u00ba de agosto, segue a mesma tend\u00eancia, com m\u00ednima de 11\u00b0C e m\u00e1xima de 26\u00b0C. O fim de semana trar\u00e1 temperaturas mais elevadas durante o dia, mas as madrugadas ainda ser\u00e3o frescas. No s\u00e1bado, 2 de agosto, a m\u00ednima ser\u00e1 de 12\u00b0C e a m\u00e1xima de 26\u00b0C, com sol e muitas nuvens. O domingo, 3 de agosto, ter\u00e1 m\u00ednima de 11\u00b0C e m\u00e1xima de 26\u00b0C, com sol e per\u00edodos de c\u00e9u nublado. <\/p>\n\n\n\n<p>A massa de ar polar que tem influenciado o clima em Indaiatuba \u00e9 a principal respons\u00e1vel pelas baixas temperaturas. Embora a intensidade do frio diminua nos pr\u00f3ximos dias, a influ\u00eancia dessa massa de ar ainda ser\u00e1 sentida, especialmente nas primeiras horas da manh\u00e3.<\/p>\n\n\n\n<p> A Defesa Civil havia alertado que essa onda de frio persistiria at\u00e9 a sexta-feira, 1\u00ba de agosto, o que se alinha com a previs\u00e3o de eleva\u00e7\u00e3o gradual das temperaturas a partir do fim de semana.<\/p>\n\n\n\n<p>Recomenda-se que a popula\u00e7\u00e3o continue atenta \u00e0s recomenda\u00e7\u00f5es da Defesa Civil, especialmente os grupos mais vulner\u00e1veis, para se protegerem das baixas temperaturas nas madrugadas e in\u00edcios de manh\u00e3.<\/p>\n","protected":false},"excerpt":{"rendered":"<p>A cidade de Indaiatuba tem enfrentado dias de frio intenso, marcados pela atua\u00e7\u00e3o de uma massa de ar polar que derrubou as temperaturas na regi\u00e3o. Ap\u00f3s m\u00ednimas significativas nos \u00faltimos dias, a previs\u00e3o aponta para uma eleva\u00e7\u00e3o gradual, mas o frio ainda deve se fazer presente nas madrugadas e in\u00edcios de manh\u00e3. Na \u00faltima segunda-feira, [&hellip;]<\/p>\n","protected":false},"author":7,"featured_media":28302,"comment_status":"closed","ping_status":"open","sticky":false,"template":"","format":"standard","meta":{"rop_custom_images_group":[],"rop_custom_messages_group":[],"rop_publish_now":"initial","rop_publish_now_accounts":[],"rop_publish_now_history":[],"rop_publish_now_status":"pending","footnotes":""},"categories":[188],"tags":[73],"class_list":["post-28301","post","type-post","status-publish","format-standard","has-post-thumbnail","hentry","category-indaiatuba","tag-featured"],"amp_enabled":true,"_links":{"self":[{"href":"https:\/\/imais.online\/portal\/wp-json\/wp\/v2\/posts\/28301","targetHints":{"allow":["GET"]}}],"collection":[{"href":"https:\/\/imais.online\/portal\/wp-json\/wp\/v2\/posts"}],"about":[{"href":"https:\/\/imais.online\/portal\/wp-json\/wp\/v2\/types\/post"}],"author":[{"embeddable":true,"href":"https:\/\/imais.online\/portal\/wp-json\/wp\/v2\/users\/7"}],"replies":[{"embeddable":true,"href":"https:\/\/imais.online\/portal\/wp-json\/wp\/v2\/comments?post=28301"}],"version-history":[{"count":2,"href":"https:\/\/imais.online\/portal\/wp-json\/wp\/v2\/posts\/28301\/revisions"}],"predecessor-version":[{"id":28304,"href":"https:\/\/imais.online\/portal\/wp-json\/wp\/v2\/posts\/28301\/revisions\/28304"}],"wp:featuredmedia":[{"embeddable":true,"href":"https:\/\/imais.online\/portal\/wp-json\/wp\/v2\/media\/28302"}],"wp:attachment":[{"href":"https:\/\/imais.online\/portal\/wp-json\/wp\/v2\/media?parent=28301"}],"wp:term":[{"taxonomy":"category","embeddable":true,"href":"https:\/\/imais.online\/portal\/wp-json\/wp\/v2\/categories?post=28301"},{"taxonomy":"post_tag","embeddable":true,"href":"https:\/\/imais.online\/portal\/wp-json\/wp\/v2\/tags?post=28301"}],"curies":[{"name":"wp","href":"https:\/\/api.w.org\/{rel}","templated":true}]}}